{"id":17507,"date":"2020-06-19T14:54:55","date_gmt":"2020-06-19T12:54:55","guid":{"rendered":"https:\/\/www.ades-grenoble.org\/wordpress\/?p=17507"},"modified":"2020-06-19T15:12:44","modified_gmt":"2020-06-19T13:12:44","slug":"covid-19-un-nouveau-protocole-sanitaire-dans-les-ecoles","status":"publish","type":"post","link":"https:\/\/www.ades-grenoble.org\/wordpress\/2020\/06\/19\/covid-19-un-nouveau-protocole-sanitaire-dans-les-ecoles\/","title":{"rendered":"Covid 19 : un nouveau protocole sanitaire dans les \u00e9coles"},"content":{"rendered":"\n<div class=\"wp-block-image\"><figure class=\"alignleft\"><img loading=\"lazy\" decoding=\"async\" width=\"300\" height=\"163\" src=\"https:\/\/www.ades-grenoble.org\/wordpress\/wp-content\/uploads\/2014\/07\/TempsPeriscolaire.jpg\" alt=\"\" class=\"wp-image-8840\" srcset=\"https:\/\/www.ades-grenoble.org\/wordpress\/wp-content\/uploads\/2014\/07\/TempsPeriscolaire.jpg 300w, https:\/\/www.ades-grenoble.org\/wordpress\/wp-content\/uploads\/2014\/07\/TempsPeriscolaire-150x81.jpg 150w\" sizes=\"auto, (max-width: 300px) 100vw, 300px\" \/><figcaption> \u00a9 Ville de Grenoble<\/figcaption><\/figure><\/div>\n\n\n\n<p><a href=\"https:\/\/www.education.gouv.fr\/media\/68625\/download\" target=\"_blank\" rel=\"noreferrer noopener\" aria-label=\"Ce nouveau protocole ne comporte plus que 8 pages (s\u2019ouvre dans un nouvel onglet)\">Ce nouveau protocole ne comporte plus que 8 pages<\/a> au lieu des 56 pages du protocole pr\u00e9c\u00e9dent et sera appliqu\u00e9 d\u00e8s le 22 juin pour accueillir tous les \u00e9l\u00e8ves des \u00e9coles et les coll\u00e8ges. Les r\u00e8gles sont assouplies mais restent tout de m\u00eame tr\u00e8s compliqu\u00e9es \u00e0 mettre en place et le gouvernement transmet la patate chaude aux directeurs d\u2019\u00e9coles et aux maires. Il est aussi recommand\u00e9 de faire la classe en plein air\u2026<\/p>\n\n\n\n<p><em>\u00ab&nbsp;La\nr\u00e8gle de surface de 4m\u00b2 par \u00e9l\u00e8ve ne s\u2019applique plus dans les locaux comme dans\nles espaces ext\u00e9rieurs. A l\u2019\u00e9cole maternelle, entre les \u00e9l\u00e8ves d\u2019une m\u00eame\nclasse ou d\u2019un m\u00eame groupe, aucune r\u00e8gle de distanciation ne s\u2019impose, que ce\nsoit dans les espaces clos (salle de classe, couloirs, r\u00e9fectoire, etc.) ou\ndans les espaces ext\u00e9rieurs. En revanche, la distanciation physique doit \u00eatre\nmaintenue entre les \u00e9l\u00e8ves de groupes diff\u00e9rents.&nbsp;<\/em><\/p>\n\n\n\n<!--more-->\n\n\n\n<p><em>Dans\nles \u00e9coles \u00e9l\u00e9mentaires et les coll\u00e8ges, le principe est la distanciation\nphysique d\u2019au moins un m\u00e8tre lorsqu\u2019elle est mat\u00e9riellement possible, dans les\nespaces clos (dont la salle de classe), entre l\u2019enseignant et les \u00e9l\u00e8ves ainsi\nqu\u2019entre les \u00e9l\u00e8ves quand ils sont c\u00f4te \u00e0 c\u00f4te ou face \u00e0 face. Elle ne\ns\u2019applique pas dans les espaces ext\u00e9rieurs entre \u00e9l\u00e8ves d\u2019une m\u00eame classe ou\nd\u2019un m\u00eame groupe, y compris pour les activit\u00e9s sportives.<\/em><\/p>\n\n\n\n<p><em>L\u2019organisation\nde la classe \u00e0 l\u2019air libre est donc une possibilit\u00e9 encourag\u00e9e. Tous les\nespaces de l\u2019\u00e9tablissement peuvent \u00eatre mobilis\u00e9s (CDI, salles informatiques\u2026),\ny compris pour proposer d\u2019autres activit\u00e9s (\u00e9tudes, 2S2C). Si la configuration\ndes salles de classe (surface, mobilier, etc.) ne permet absolument pas de\nrespecter la distanciation physique d\u2019au moins un m\u00e8tre, alors l\u2019espace est\norganis\u00e9 de mani\u00e8re \u00e0 maintenir la plus grande distance possible entre les\n\u00e9l\u00e8ves et les \u00e9l\u00e8ves de plus de 11 ans doivent porter le masque de protection\ndans la classe. La distanciation physique doit \u00eatre maintenue entre les \u00e9l\u00e8ves\nde groupes diff\u00e9rents. Dans les lyc\u00e9es, une distance minimale d\u2019un m\u00e8tre est\nrespect\u00e9e entre chaque personne dans les espaces clos et dans les espaces ext\u00e9rieurs\u2026<\/em><\/p>\n\n\n\n<p><em>La restauration scolaire est organis\u00e9e dans les lieux habituels et doit \u00eatre privil\u00e9gi\u00e9e. Les flux et la densit\u00e9 des \u00e9l\u00e8ves sont organis\u00e9s en respectant la distance d\u2019au moins un m\u00e8tre entre les groupes d\u2019\u00e9l\u00e8ves appartenant \u00e0 une m\u00eame classe dans les \u00e9coles maternelles. S\u2019agissant des \u00e9l\u00e8ves des \u00e9coles \u00e9l\u00e9mentaires et des coll\u00e8ges, lorsque le respect de la distance d\u2019un m\u00e8tre entre \u00e9l\u00e8ves est mat\u00e9riellement impossible, il convient de faire d\u00e9jeuner les \u00e9l\u00e8ves d\u2019une m\u00eame classe ensemble et de respecter une distance d\u2019au moins un m\u00e8tre avec les autres groupes.&nbsp;\u00bb<\/em><a href=\"https:\/\/www.education.gouv.fr\/media\/68625\/download\"><\/a><\/p>\n","protected":false},"excerpt":{"rendered":"<p>Ce nouveau protocole ne comporte plus que 8 pages au lieu des 56 pages du protocole pr\u00e9c\u00e9dent et sera appliqu\u00e9 d\u00e8s le 22 juin pour accueillir tous les \u00e9l\u00e8ves des \u00e9coles et les coll\u00e8ges. Les r\u00e8gles sont assouplies mais restent tout de m\u00eame tr\u00e8s compliqu\u00e9es \u00e0 mettre en place et le gouvernement transmet la patate [&hellip;]<\/p>\n","protected":false},"author":1,"featured_media":0,"comment_status":"closed","ping_status":"open","sticky":false,"template":"","format":"standard","meta":{"twitterCardType":"","cardImageID":0,"cardImage":"","cardTitle":"","cardDesc":"","cardImageAlt":"","cardPlayer":"","cardPlayerWidth":0,"cardPlayerHeight":0,"cardPlayerStream":"","cardPlayerCodec":"","footnotes":""},"categories":[62,11],"tags":[163,99],"class_list":["post-17507","post","type-post","status-publish","format-standard","hentry","category-le-rouge-le-vert-hebdo","category-politique-locale","tag-ecoles","tag-sante"],"_links":{"self":[{"href":"https:\/\/www.ades-grenoble.org\/wordpress\/wp-json\/wp\/v2\/posts\/17507","targetHints":{"allow":["GET"]}}],"collection":[{"href":"https:\/\/www.ades-grenoble.org\/wordpress\/wp-json\/wp\/v2\/posts"}],"about":[{"href":"https:\/\/www.ades-grenoble.org\/wordpress\/wp-json\/wp\/v2\/types\/post"}],"author":[{"embeddable":true,"href":"https:\/\/www.ades-grenoble.org\/wordpress\/wp-json\/wp\/v2\/users\/1"}],"replies":[{"embeddable":true,"href":"https:\/\/www.ades-grenoble.org\/wordpress\/wp-json\/wp\/v2\/comments?post=17507"}],"version-history":[{"count":2,"href":"https:\/\/www.ades-grenoble.org\/wordpress\/wp-json\/wp\/v2\/posts\/17507\/revisions"}],"predecessor-version":[{"id":17518,"href":"https:\/\/www.ades-grenoble.org\/wordpress\/wp-json\/wp\/v2\/posts\/17507\/revisions\/17518"}],"wp:attachment":[{"href":"https:\/\/www.ades-grenoble.org\/wordpress\/wp-json\/wp\/v2\/media?parent=17507"}],"wp:term":[{"taxonomy":"category","embeddable":true,"href":"https:\/\/www.ades-grenoble.org\/wordpress\/wp-json\/wp\/v2\/categories?post=17507"},{"taxonomy":"post_tag","embeddable":true,"href":"https:\/\/www.ades-grenoble.org\/wordpress\/wp-json\/wp\/v2\/tags?post=17507"}],"curies":[{"name":"wp","href":"https:\/\/api.w.org\/{rel}","templated":true}]}}