{"id":17519,"date":"2020-06-26T16:46:30","date_gmt":"2020-06-26T14:46:30","guid":{"rendered":"https:\/\/www.ades-grenoble.org\/wordpress\/?p=17519"},"modified":"2020-06-26T17:35:18","modified_gmt":"2020-06-26T15:35:18","slug":"diverses-actualites","status":"publish","type":"post","link":"https:\/\/www.ades-grenoble.org\/wordpress\/2020\/06\/26\/diverses-actualites\/","title":{"rendered":"Diverses actualit\u00e9s"},"content":{"rendered":"\n<div class=\"wp-block-image\"><figure class=\"alignleft\"><img loading=\"lazy\" decoding=\"async\" width=\"351\" height=\"292\" src=\"https:\/\/www.ades-grenoble.org\/wordpress\/wp-content\/uploads\/2020\/06\/logo-journal.jpg\" alt=\"\" class=\"wp-image-17520\" srcset=\"https:\/\/www.ades-grenoble.org\/wordpress\/wp-content\/uploads\/2020\/06\/logo-journal.jpg 351w, https:\/\/www.ades-grenoble.org\/wordpress\/wp-content\/uploads\/2020\/06\/logo-journal-150x125.jpg 150w, https:\/\/www.ades-grenoble.org\/wordpress\/wp-content\/uploads\/2020\/06\/logo-journal-300x250.jpg 300w\" sizes=\"auto, (max-width: 351px) 100vw, 351px\" \/><\/figure><\/div>\n\n\n\n<p><strong>StopCovid&nbsp;:\nun bide<\/strong>. De nombreuses voix s\u2019\u00e9taient\n\u00e9lev\u00e9es contre l\u2019application num\u00e9rique StopCovid, notamment en raison de son\ninefficacit\u00e9 et son atteinte \u00e0 ma libert\u00e9 individuelle. Le r\u00e9sultat est un\nv\u00e9ritable bide. Elle se r\u00e9v\u00e8le inefficace et est abandonn\u00e9e par ceux qui s\u2019y\n\u00e9taient inscrits. 1,9 million de t\u00e9l\u00e9chargements, 1,8 million d&rsquo;activations et\n460.000 d\u00e9sinstallations en trois semaines. Le minist\u00e8re de la Sant\u00e9 fait \u00e9tat\nde seulement 68 tests positifs d\u00e9clar\u00e9s via l&rsquo;application et de 14\nnotifications effectives de contacts \u00e0 risques.<\/p>\n\n\n\n<hr class=\"wp-block-separator\"\/>\n\n\n\n<p><strong>Le Conseil scientifique COVID-19<\/strong>, dans <a href=\"https:\/\/solidarites-sante.gouv.fr\/IMG\/pdf\/avis_conseil_scientifique_21_juin_2020.pdf\" target=\"_blank\" rel=\"noreferrer noopener\" aria-label=\"une note du 21 juin (s\u2019ouvre dans un nouvel onglet)\">une note du 21 juin<\/a>, attire l\u2019attention sur\u00a0: \u00ab\u00a0<em>les derni\u00e8res donn\u00e9es dont nous disposons quant \u00e0 la constitution d\u2019une immunit\u00e9 collective &#8211; \u00a05% de la population fran\u00e7aise \u2013 tr\u00e8s insuffisante pour emp\u00eacher la survenue d\u2019une deuxi\u00e8me vague \u00e9pid\u00e9mique ; la circulation encore tr\u00e8s importante du virus \u00e0 l\u2019\u00e9chelle plan\u00e9taire, et notamment dans l\u2019h\u00e9misph\u00e8re sud qui aborde sa p\u00e9riode hivernale; et l\u2019exp\u00e9rience des pand\u00e9mies grippales qui se sont d\u00e9roul\u00e9es en deux ou trois vagues avant d\u2019adopter un rythme saisonnier, sugg\u00e8rent qu\u2019une intensification de la circulation du SARSCoV-2 dans l\u2019h\u00e9misph\u00e8re nord \u00e0 une \u00e9ch\u00e9ance plus ou moins lointaine (quelques mois, et notamment \u00e0 l\u2019approche de l\u2019hiver) est extr\u00eamement probable.\u00a0\u00bb<\/em> <a href=\"https:\/\/solidarites-sante.gouv.fr\/IMG\/pdf\/avis_conseil_scientifique_21_juin_2020.pdf\"><\/a><\/p>\n\n\n\n<!--more-->\n\n\n\n<hr class=\"wp-block-separator\"\/>\n\n\n\n<p><strong>Au sujet du Covid-19, l\u2019association Futuribles<\/strong> International propose <a href=\"https:\/\/www.futuribles.com\/fr\/document\/crise-du-covid-19-quels-scenarios-pour-les-18-proc\/\" target=\"_blank\" rel=\"noreferrer noopener\" aria-label=\"une grille de lecture des \u00e9v\u00e9nements en cours et du paysage des possibles \u00e0 l\u2019horizon des 18 prochains mois (s\u2019ouvre dans un nouvel onglet)\">une grille de lecture des \u00e9v\u00e9nements en cours et du paysage des possibles \u00e0 l\u2019horizon des 18 prochains mois<\/a>. La r\u00e9flexion est organis\u00e9e autour de trois grandes \u00e9chelles de r\u00e9flexion : mondiale, europ\u00e9enne, fran\u00e7aise.<\/p>\n\n\n\n<hr class=\"wp-block-separator\"\/>\n\n\n\n<p><strong>Glyphosate<\/strong> : soup\u00e7ons de conflits d\u2019int\u00e9r\u00eats \u00e0 l\u2019Anses. Le 16 juin <em>Le Monde<\/em> r\u00e9v\u00e8le les conditions, sujettes \u00e0 caution, d\u2019attribution d\u2019un appel d\u2019offre pour une \u00e9tude sur le glyphosate par l\u2019Anses (Agence de s\u00e9curit\u00e9 sanitaire de l\u2019alimentation, de l\u2019environnement et du travail)<a>. <\/a>L\u2019agence est charg\u00e9e de d\u00e9livrer les autorisations de mise sur le march\u00e9 des pesticides et aussi de surveiller leur impact sanitaire ou environnemental. Or, <a href=\"https:\/\/www.goodplanet.info\/2020\/06\/18\/glyphosate-soupcons-de-conflits-dinterets-au-sein-de-lanses\/\">un collectif de scientifiques alerte le journal en mettant en cause la proc\u00e9dure de s\u00e9lection de laboratoires<\/a> charg\u00e9s de r\u00e9aliser des \u00e9tudes sur le glyphosate. Ils s\u2019interrogent ainsi sur l\u2019ind\u00e9pendance et la d\u00e9ontologie dont a fait preuve l\u2019Anses.<\/p>\n\n\n\n<hr class=\"wp-block-separator\"\/>\n\n\n\n<p><strong><a href=\"https:\/\/www.banquedesterritoires.fr\/dissensions-gouvernementales-autour-du-lancement-de-la-5g?pk_campaign=newsletter_quotidienne&amp;pk_kwd=2020-06-25&amp;pk_source=Actualit%C3%A9s_Localtis&amp;pk_medium=newsletter_quotidienne\" target=\"_blank\" rel=\"noreferrer noopener\" aria-label=\"Dissensions gouvernementales autour du lancement de la 5G (s\u2019ouvre dans un nouvel onglet)\">Dissensions gouvernementales autour du lancement de la 5G<\/a>\u00a0<\/strong>: La convention citoyenne pour le climat a demand\u00e9 d&rsquo;instaurer un moratoire sur la mise en place de la 5G en attendant les r\u00e9sultats de l\u2019\u00e9valuation de la 5G sur la sant\u00e9 et le climat. Certains ministres lui emboitent le pas.<\/p>\n\n\n\n<hr class=\"wp-block-separator\"\/>\n\n\n\n<p><strong>La Commission nationale consultative des droits de l\u2019homme (CNCDH)<\/strong> vient d\u2019\u00e9diter son rapport 2019 : Rapport 2019 sur la lutte contre le racisme, l&rsquo;antis\u00e9mitisme et la x\u00e9nophobie. En sa qualit\u00e9 de Rapporteur national ind\u00e9pendant sur la lutte contre le racisme, la CNCDH \u00e9value la politique publique men\u00e9e, et contribue au contr\u00f4le du respect par la France de ses engagements internationaux en mati\u00e8re d\u2019\u00e9limination de la discrimination raciale. En 2019, la CNCDH a d\u00e9cid\u00e9 de porter une attention particuli\u00e8re \u00e0 deux th\u00e9matiques : le racisme anti-Noirs et la lutte contre la haine en ligne.<\/p>\n\n\n\n<p><a href=\"https:\/\/www.cncdh.fr\/fr\/publications\/rapport-2019-sur-la-lutte-contre-le-racisme-lantisemitisme-et-la-xenophobie\">T\u00e9l\u00e9charger\nce rapport de la CNCDH<\/a><\/p>\n\n\n\n<hr class=\"wp-block-separator\"\/>\n\n\n\n<p><strong>La HATVP (Haute autorit\u00e9 pour la transparence de la vie publique) <a href=\"https:\/\/www.marianne.net\/politique\/la-hatvp-donne-raison-marianne-et-somme-elisabeth-borne-de-completer-sa-declaration-d\ufeff\" target=\"_blank\" rel=\"noreferrer noopener\" aria-label=\"somme Elisabeth Borne de compl\u00e9ter sa d\u00e9claration d'int\u00e9r\u00eats (s\u2019ouvre dans un nouvel onglet)\">somme Elisabeth Borne de compl\u00e9ter sa d\u00e9claration d&rsquo;int\u00e9r\u00eats<\/a>. <\/strong>La ministre avait bien \u00ab\u00a0<em>omis<\/em>\u00a0\u00bb sa participation \u00e0 l&rsquo;IGD, ainsi qu&rsquo;\u00e0 \u00ab\u00a0<em>six autres mandats<\/em>\u00ab\u00a0. Elle devra modifier sa d\u00e9claration d&rsquo;int\u00e9r\u00eats dans un d\u00e9lai de trois mois. La HATVP donne donc raison \u00e0 Marianne qui avait soulev\u00e9 cet oubli et la ministre avait vertement r\u00e9agi en attaquant le journal.<\/p>\n\n\n\n<hr class=\"wp-block-separator\"\/>\n\n\n\n<p><strong>Publication du <a href=\"http:\/\/\ufeffhttps:\/\/curia.europa.eu\/jcms\/jcms\/Jo2_7000\/\" target=\"_blank\" rel=\"noreferrer noopener\" aria-label=\"rapport annuel 2019 de la Cour de Justice de l\u2019Union europ\u00e9enne (s\u2019ouvre dans un nouvel onglet)\">rapport annuel 2019 de la Cour de Justice de l\u2019Union europ\u00e9enne<\/a> (CJUE) <\/strong><\/p>\n","protected":false},"excerpt":{"rendered":"<p>StopCovid&nbsp;: un bide. De nombreuses voix s\u2019\u00e9taient \u00e9lev\u00e9es contre l\u2019application num\u00e9rique StopCovid, notamment en raison de son inefficacit\u00e9 et son atteinte \u00e0 ma libert\u00e9 individuelle. Le r\u00e9sultat est un v\u00e9ritable bide. Elle se r\u00e9v\u00e8le inefficace et est abandonn\u00e9e par ceux qui s\u2019y \u00e9taient inscrits. 1,9 million de t\u00e9l\u00e9chargements, 1,8 million d&rsquo;activations et 460.000 d\u00e9sinstallations en [&hellip;]<\/p>\n","protected":false},"author":1,"featured_media":0,"comment_status":"closed","ping_status":"open","sticky":false,"template":"","format":"standard","meta":{"twitterCardType":"","cardImageID":0,"cardImage":"","cardTitle":"","cardDesc":"","cardImageAlt":"","cardPlayer":"","cardPlayerWidth":0,"cardPlayerHeight":0,"cardPlayerStream":"","cardPlayerCodec":"","footnotes":""},"categories":[62,11],"tags":[278,175,141,243,99,305],"class_list":["post-17519","post","type-post","status-publish","format-standard","hentry","category-le-rouge-le-vert-hebdo","category-politique-locale","tag-droits-humains","tag-environnement","tag-europe","tag-justice","tag-sante","tag-technos"],"_links":{"self":[{"href":"https:\/\/www.ades-grenoble.org\/wordpress\/wp-json\/wp\/v2\/posts\/17519","targetHints":{"allow":["GET"]}}],"collection":[{"href":"https:\/\/www.ades-grenoble.org\/wordpress\/wp-json\/wp\/v2\/posts"}],"about":[{"href":"https:\/\/www.ades-grenoble.org\/wordpress\/wp-json\/wp\/v2\/types\/post"}],"author":[{"embeddable":true,"href":"https:\/\/www.ades-grenoble.org\/wordpress\/wp-json\/wp\/v2\/users\/1"}],"replies":[{"embeddable":true,"href":"https:\/\/www.ades-grenoble.org\/wordpress\/wp-json\/wp\/v2\/comments?post=17519"}],"version-history":[{"count":1,"href":"https:\/\/www.ades-grenoble.org\/wordpress\/wp-json\/wp\/v2\/posts\/17519\/revisions"}],"predecessor-version":[{"id":17521,"href":"https:\/\/www.ades-grenoble.org\/wordpress\/wp-json\/wp\/v2\/posts\/17519\/revisions\/17521"}],"wp:attachment":[{"href":"https:\/\/www.ades-grenoble.org\/wordpress\/wp-json\/wp\/v2\/media?parent=17519"}],"wp:term":[{"taxonomy":"category","embeddable":true,"href":"https:\/\/www.ades-grenoble.org\/wordpress\/wp-json\/wp\/v2\/categories?post=17519"},{"taxonomy":"post_tag","embeddable":true,"href":"https:\/\/www.ades-grenoble.org\/wordpress\/wp-json\/wp\/v2\/tags?post=17519"}],"curies":[{"name":"wp","href":"https:\/\/api.w.org\/{rel}","templated":true}]}}