{"id":17559,"date":"2020-07-03T13:40:30","date_gmt":"2020-07-03T11:40:30","guid":{"rendered":"https:\/\/www.ades-grenoble.org\/wordpress\/?p=17559"},"modified":"2020-07-03T14:37:05","modified_gmt":"2020-07-03T12:37:05","slug":"letat-plaide-non-coupable-face-au-recours-contre-son-inaction-climatique","status":"publish","type":"post","link":"https:\/\/www.ades-grenoble.org\/wordpress\/2020\/07\/03\/letat-plaide-non-coupable-face-au-recours-contre-son-inaction-climatique\/","title":{"rendered":"L\u2019Etat plaide non coupable face au recours contre son inaction climatique"},"content":{"rendered":"\n<div class=\"wp-block-image\"><figure class=\"alignleft\"><img loading=\"lazy\" decoding=\"async\" width=\"400\" height=\"267\" src=\"https:\/\/www.ades-grenoble.org\/wordpress\/wp-content\/uploads\/2014\/08\/Elysee.jpg\" alt=\"\" class=\"wp-image-8972\" srcset=\"https:\/\/www.ades-grenoble.org\/wordpress\/wp-content\/uploads\/2014\/08\/Elysee.jpg 400w, https:\/\/www.ades-grenoble.org\/wordpress\/wp-content\/uploads\/2014\/08\/Elysee-150x100.jpg 150w, https:\/\/www.ades-grenoble.org\/wordpress\/wp-content\/uploads\/2014\/08\/Elysee-300x200.jpg 300w\" sizes=\"auto, (max-width: 400px) 100vw, 400px\" \/><\/figure><\/div>\n\n\n\n<p>Des associations avaient\nd\u00e9pos\u00e9 le 14 mars 2019, un recours contre l\u2019inaction de l\u2019Etat face au\nchangement climatique. Il aura fallu attendre 15 mois pour que l\u2019Etat daigne\nenfin r\u00e9pondre au recours d\u00e9pos\u00e9 par Greenpeace, FNH, Oxfam et Notre affaire \u00e0\ntous.<\/p>\n\n\n\n<p><a href=\"http:\/\/www.journaldelenvironnement.net\/article\/recours-climatique-l-etat-francais-plaide-non-coupable,107269?xtor=EPR-9#email=vincent.comparat@wanadoo.fr\" target=\"_blank\" rel=\"noreferrer noopener\" aria-label=\"Le Journal de l\u2019environnement revient sur cette affaire le 26 juin 2020 (s\u2019ouvre dans un nouvel onglet)\">Le Journal de l\u2019environnement revient sur cette affaire le 26 juin 2020<\/a>&nbsp;:<\/p>\n\n\n\n<p><em>\u00ab&nbsp;C\u2019est \u00e0 travers un\nm\u00e9moire de 18 pages, d\u00e9pos\u00e9 le 23 juin et couvert par le secret de\nl\u2019instruction, que l\u2019Etat fran\u00e7ais a r\u00e9pondu aux associations. Sans surprise,\nil conteste l\u2019existence d\u2019une obligation g\u00e9n\u00e9rale de lutte contre le changement\nclimatique et plaide pour une responsabilit\u00e9 partag\u00e9e&nbsp;: entre tous les\npays \u00e9metteurs de gaz \u00e0 effet de serre mais aussi entre l\u2019Etat, les\nparticuliers, les collectivit\u00e9s locales et les entreprises.<\/em><\/p>\n\n\n\n<p><em>Il joue aussi la montre, estimant qu\u2019il faut attendre la fin de l\u2019ann\u00e9e avant de juger l\u2019atteinte des objectifs climatiques que le gouvernement s\u2019est fix\u00e9s pour 2020, listant enfin une s\u00e9rie de mesures dont l\u2019impact carbone n\u2019est pas mesur\u00e9. Une liste \u00e0 la Pr\u00e9vert qu\u2019on imagine facilement. L\u2019ancien ministre de la transition \u00e9cologique Fran\u00e7ois de Rugy <a href=\"http:\/\/www.journaldelenvironnement.net\/article\/inaction-climatique-les-ong-ne-lachent-pas-l-affaire-du-siecle,96172\">y avait d\u00e9j\u00e0 recouru<\/a>, en f\u00e9vrier 2019, alors que la p\u00e9tition entourant le recours d\u00e9passait les 2 millions de signatures.<\/em><\/p>\n\n\n\n<!--more-->\n\n\n\n<p><em>RELANCE DE MAUVAIS AUGURE<\/em><\/p>\n\n\n\n<p><em>Pas de quoi rassurer les\nassociations\u2026 Dans un communiqu\u00e9 diffus\u00e9 ce 26 juin, elles estiment que le d\u00e9bat\nactuel autour du nouveau projet de loi de finances rectificative (PLFR3)\nconfirme l\u2019inaction de l\u2019Etat, qui&nbsp;\u00abn\u2019a demand\u00e9 aucune contrepartie\nsociale ni environnementale ferme aux entreprises de l\u2019automobile et de\nl\u2019a\u00e9rien soutenues pendant la crise malgr\u00e9 les recommandations du Haut conseil\npour le climat\u00bb.&nbsp;B\u00e9n\u00e9ficiaires d\u2019un compte sp\u00e9cial d\u2019affectation de 20\nmilliards d\u2019euros, les deux secteurs doivent toutefois respecter certaines\nr\u00e8gles\u2026 Division par deux des \u00e9missions carbon\u00e9es par passager\/km entre 2005 et\n2030 et baisse de moiti\u00e9 des \u00e9missions sur les vols int\u00e9rieurs&nbsp;<a href=\"http:\/\/www.journaldelenvironnement.net\/article\/transport-aerien-esquisse-d-un-nouveau-modele-francais,105684\">pour\nAir France<\/a>.&nbsp;<a href=\"http:\/\/www.journaldelenvironnement.net\/article\/transport-aerien-esquisse-d-un-nouveau-modele-francais,105684\">Fermeture\ndes lignes int\u00e9rieures<\/a>&nbsp;lorsqu\u2019il existe une alternative ferroviaire \u00e0\nmoins de deux heures et demie.&nbsp;<a href=\"http:\/\/www.journaldelenvironnement.net\/article\/transport-aerien-esquisse-d-un-nouveau-modele-francais,105684\">Relocalisation\nd\u2019une partie de leur production<\/a>&nbsp;pour les producteurs automobiles.<\/em><\/p>\n\n\n\n<p><em>Autre signal\ninqui\u00e9tant&nbsp;: les associations notent que les aides aux collectivit\u00e9s\nlocales, qui portent 70% de l\u2019investissement public,&nbsp;\u00abrestent largement\ninsuffisantes et d\u00e9pourvues de conditions \u00e9cologiques et sociales\u00bb.<\/em><\/p>\n\n\n\n<p><em>UNE OBLIGATION DE LUTTE\nCONTRE LE CHANGEMENT CLIMATIQUE<\/em><\/p>\n\n\n\n<p><em>A travers&nbsp;<a href=\"http:\/\/www.journaldelenvironnement.net\/article\/l-affaire-du-siecle-au-tribunal-le-14-mars,96256\">leur\nrecours officiellement d\u00e9pos\u00e9 le 14 mars 2019<\/a>, les ONG veulent faire\nreconna\u00eetre l\u2019existence d\u2019une obligation de lutte contre le changement\nclimatique \u00e0 la charge de l\u2019Etat ainsi que le manquement \u00e0 cette obligation.\nElles ont pris pour mod\u00e8le l\u2019action de l\u2019association n\u00e9erlandaise Urgenda, qui\na abouti \u00e0 la&nbsp;<a href=\"http:\/\/www.journaldelenvironnement.net\/article\/justice-climatique-la-condamnation-des-pays-bas-confirmee-par-la-cour-supreme,102086\">condamnation\nde l\u2019Etat n\u00e9erlandais<\/a>&nbsp;et \u00e0 un&nbsp;<a href=\"http:\/\/www.journaldelenvironnement.net\/article\/en-urgence-les-pays-bas-durcissent-leur-politique-climatique,105559\">durcissement\nde la politique climatique nationale<\/a>.<\/em><\/p>\n\n\n\n<p><em>Elles ont annonc\u00e9\ncompl\u00e9ter leur action par&nbsp;\u00abun m\u00e9moire en r\u00e9plique\u00bb&nbsp;aux arguments du\ngouvernement. Elles sont par ailleurs rejointes par la F\u00e9d\u00e9ration nationale\nd\u2019agriculture biologique (Fnab) et la Fondation Abb\u00e9 Pierre, qui se sont\nassoci\u00e9es au recours au nom des effets du changement climatique sur l\u2019agriculture\net le mal-logement. Le dossier s\u2019\u00e9paissit.&nbsp;\u00bb<\/em><\/p>\n","protected":false},"excerpt":{"rendered":"<p>Des associations avaient d\u00e9pos\u00e9 le 14 mars 2019, un recours contre l\u2019inaction de l\u2019Etat face au changement climatique. Il aura fallu attendre 15 mois pour que l\u2019Etat daigne enfin r\u00e9pondre au recours d\u00e9pos\u00e9 par Greenpeace, FNH, Oxfam et Notre affaire \u00e0 tous. Le Journal de l\u2019environnement revient sur cette affaire le 26 juin 2020&nbsp;: \u00ab&nbsp;C\u2019est [&hellip;]<\/p>\n","protected":false},"author":1,"featured_media":0,"comment_status":"closed","ping_status":"open","sticky":false,"template":"","format":"standard","meta":{"twitterCardType":"","cardImageID":0,"cardImage":"","cardTitle":"","cardDesc":"","cardImageAlt":"","cardPlayer":"","cardPlayerWidth":0,"cardPlayerHeight":0,"cardPlayerStream":"","cardPlayerCodec":"","footnotes":""},"categories":[62,11],"tags":[223,196,52],"class_list":["post-17559","post","type-post","status-publish","format-standard","hentry","category-le-rouge-le-vert-hebdo","category-politique-locale","tag-climat","tag-etat","tag-justice-administrative"],"_links":{"self":[{"href":"https:\/\/www.ades-grenoble.org\/wordpress\/wp-json\/wp\/v2\/posts\/17559","targetHints":{"allow":["GET"]}}],"collection":[{"href":"https:\/\/www.ades-grenoble.org\/wordpress\/wp-json\/wp\/v2\/posts"}],"about":[{"href":"https:\/\/www.ades-grenoble.org\/wordpress\/wp-json\/wp\/v2\/types\/post"}],"author":[{"embeddable":true,"href":"https:\/\/www.ades-grenoble.org\/wordpress\/wp-json\/wp\/v2\/users\/1"}],"replies":[{"embeddable":true,"href":"https:\/\/www.ades-grenoble.org\/wordpress\/wp-json\/wp\/v2\/comments?post=17559"}],"version-history":[{"count":2,"href":"https:\/\/www.ades-grenoble.org\/wordpress\/wp-json\/wp\/v2\/posts\/17559\/revisions"}],"predecessor-version":[{"id":17581,"href":"https:\/\/www.ades-grenoble.org\/wordpress\/wp-json\/wp\/v2\/posts\/17559\/revisions\/17581"}],"wp:attachment":[{"href":"https:\/\/www.ades-grenoble.org\/wordpress\/wp-json\/wp\/v2\/media?parent=17559"}],"wp:term":[{"taxonomy":"category","embeddable":true,"href":"https:\/\/www.ades-grenoble.org\/wordpress\/wp-json\/wp\/v2\/categories?post=17559"},{"taxonomy":"post_tag","embeddable":true,"href":"https:\/\/www.ades-grenoble.org\/wordpress\/wp-json\/wp\/v2\/tags?post=17559"}],"curies":[{"name":"wp","href":"https:\/\/api.w.org\/{rel}","templated":true}]}}