{"id":17563,"date":"2020-07-03T13:45:11","date_gmt":"2020-07-03T11:45:11","guid":{"rendered":"https:\/\/www.ades-grenoble.org\/wordpress\/?p=17563"},"modified":"2020-07-03T14:10:16","modified_gmt":"2020-07-03T12:10:16","slug":"report-des-elections-regionales-encore-un-differend-entre-membres-de-lexecutif","status":"publish","type":"post","link":"https:\/\/www.ades-grenoble.org\/wordpress\/2020\/07\/03\/report-des-elections-regionales-encore-un-differend-entre-membres-de-lexecutif\/","title":{"rendered":"Report des \u00e9lections r\u00e9gionales encore un diff\u00e9rend entre membres de l\u2019ex\u00e9cutif"},"content":{"rendered":"\n<div class=\"wp-block-image\"><figure class=\"alignleft\"><img loading=\"lazy\" decoding=\"async\" width=\"350\" height=\"233\" src=\"https:\/\/www.ades-grenoble.org\/wordpress\/wp-content\/uploads\/2020\/06\/anticor.jpg\" alt=\"\" class=\"wp-image-17407\" srcset=\"https:\/\/www.ades-grenoble.org\/wordpress\/wp-content\/uploads\/2020\/06\/anticor.jpg 350w, https:\/\/www.ades-grenoble.org\/wordpress\/wp-content\/uploads\/2020\/06\/anticor-150x100.jpg 150w, https:\/\/www.ades-grenoble.org\/wordpress\/wp-content\/uploads\/2020\/06\/anticor-300x200.jpg 300w\" sizes=\"auto, (max-width: 350px) 100vw, 350px\" \/><\/figure><\/div>\n\n\n\n<p>Pour convenances politiques\npersonnelles, le Pr\u00e9sident Macron a propos\u00e9 un deal (compl\u00e8tement irr\u00e9gulier)\naux pr\u00e9sidents de R\u00e9gion. En \u00e9change de subventions suppl\u00e9mentaires il\nproposait de d\u00e9caler les \u00e9lections R\u00e9gionales et D\u00e9partementales apr\u00e8s\nl\u2019\u00e9lection pr\u00e9sidentielle, alors qu\u2019elles doivent se d\u00e9rouler en mars 2021. Le\nmotif politique r\u00e9el \u00e9tait de lui \u00e9viter une nouvelle d\u00e9route \u00e9lectorale un an\navant l\u2019\u00e9lection pr\u00e9sidentielle.<\/p>\n\n\n\n<p>Le 29 mai\n2020 l\u2019ancien Premier ministre a tenu un autre discours devant les\nd\u00e9put\u00e9s&nbsp;lors des questions au gouvernement : <em>\u00ab\u00a0On\nne fixe pas la date des \u00e9lections \u00e0 sa convenance. C&rsquo;est la loi qui fixe le\nterme du mandat pour lequel un \u00e9lu a \u00e9t\u00e9 \u00e9lu<\/em><em>\u2026<\/em><em> dans l&rsquo;hypoth\u00e8se o\u00f9 un motif\nd&rsquo;int\u00e9r\u00eat g\u00e9n\u00e9ral justifie que la dur\u00e9e d&rsquo;un mandat soit allong\u00e9e, il est\npossible de reporter la date pr\u00e9vue de l&rsquo;\u00e9lection<\/em><em>\u2026<\/em><em> sous le contr\u00f4le du juge\nconstitutionnel\u00a0\u00bb<\/em><\/p>\n\n\n\n<p>Devant de telles m\u00e9thodes, Raymond Avrillier a saisi la justice. Voir <a href=\"https:\/\/www.anticor.org\/2020\/06\/26\/je-vous-aide-financierement-si-vous-maidez-a-reporter-les-regionales-apres-la-presidentielle\/\" target=\"_blank\" rel=\"noreferrer noopener\" aria-label=\"le communiqu\u00e9 d\u2019Anticor du 26 juin 2020 (s\u2019ouvre dans un nouvel onglet)\">le communiqu\u00e9 d\u2019Anticor du 26 juin 2020<\/a>\u00a0:<\/p>\n\n\n\n<!--more-->\n\n\n\n<p><em>\u00ab\u00a0Le pr\u00e9sident de la\nR\u00e9publique tente d&rsquo;influencer les r\u00e9gions en proposant des contreparties\nfinanci\u00e8res pour le report des \u00e9lections. Mais ce n&rsquo;est pas le Pr\u00e9sident qui\ndonne de l&rsquo;argent. Ce sont les contribuables qui financent les services publics\ndu pays\u00a0\u00bb.<\/em><\/p>\n\n\n\n<p><em><a href=\"https:\/\/www.lefigaro.fr\/politique\/emmanuel-macron-agace-les-presidents-de-regions-20200615\">Un\nd\u00e9jeuner entre Emmanuel Macron et le pr\u00e9sident de l\u2019association des R\u00e9gions de\nFrance, pr\u00e9sident du conseil r\u00e9gional Provence-Alpes-C\u00f4te d\u2019Azur, Renaud\nMuselier<\/a>, s\u2019est tenu lundi 15 juin 2020 \u00e0 l\u2019\u00c9lys\u00e9e en pr\u00e9sence du\nsecr\u00e9taire g\u00e9n\u00e9ral de l\u2019Elys\u00e9e, Alexis Kohler et de la ministre de la Coh\u00e9sion\ndes territoires, Jacqueline Gourault, non couverts par l\u2019immunit\u00e9.<\/em><\/p>\n\n\n\n<p><em>Selon plusieurs pr\u00e9sidents\nde r\u00e9gions, Emmanuel Macron aurait, lors de cette r\u00e9union, conditionn\u00e9 l\u2019aide\nfinanci\u00e8re de l\u2019\u00c9tat aux r\u00e9gions au soutien de pr\u00e9sidents de r\u00e9gion \u00e0 un report\ndu scrutin des \u00e9lections r\u00e9gionales au-del\u00e0 de 2022, qu\u2019il envisage de d\u00e9cider.<\/em><\/p>\n\n\n\n<p><em>Selon les informations\nrendues publiques par la presse, Emmanuel Macron se serait montr\u00e9 tr\u00e8s\nclair&nbsp;:&nbsp;\u00ab&nbsp;Je vous aide (financi\u00e8rement) si vous m\u2019aidez \u00e0\nreporter les r\u00e9gionales apr\u00e8s la pr\u00e9sidentielle car j\u2019ai des opposants politiques\nparmi vous&nbsp;\u00bb, \u00ab&nbsp;je ne vais pas donner de l\u2019argent \u00e0 mes adversaires&nbsp;\u00bb.<\/em><\/p>\n\n\n\n<p><em>Le pr\u00e9sident du conseil\nr\u00e9gional des Hauts-de-France a qualifi\u00e9 ces m\u00e9thodes de \u00ab&nbsp;chantage&nbsp;\u00bb,\najoutant&nbsp;:&nbsp;\u00ab&nbsp;Un jour, Emmanuel Macron veut changer la date de la\npr\u00e9sidentielle pour l\u2019avancer, le lendemain il veut changer la date des\nr\u00e9gionales pour les reculer. Les \u00e9lections, ce n\u2019est pas un jeu de d\u00e9s&nbsp;!\nDerri\u00e8re les \u00e9lections, c\u2019est le peuple, et le peuple on le respecte&nbsp;\u00bb.<\/em><\/p>\n\n\n\n<p><em>La pr\u00e9sidente du conseil\nr\u00e9gional d\u2019Ile-de-France a consid\u00e9r\u00e9 que&nbsp;:&nbsp;\u00ab Reporter des \u00e9lections\nn\u2019est pas un choix de convenance personnelle, ni du pr\u00e9sident de la R\u00e9publique\nni des pr\u00e9sidents de r\u00e9gions. Il faut respecter le peuple \u00bb.<\/em><\/p>\n\n\n\n<p><em>Cette proposition, \u00e0\nlaquelle ces \u00e9lus ont r\u00e9sist\u00e9 paraissent susceptibles d\u2019\u00eatre qualifi\u00e9es de\ntrafic d\u2019influence au sens de l\u2019article 432-11 du Code p\u00e9nal aux termes\nduquel&nbsp;\u00ab&nbsp;:Est&nbsp;puni de dix ans d\u2019emprisonnement et de 150 000\neuros d\u2019amende le fait, par une personne d\u00e9positaire de l\u2019autorit\u00e9 publique,\ncharg\u00e9e d\u2019une mission de service public, ou investie d\u2019un mandat \u00e9lectif\npublic, de solliciter ou d\u2019agr\u00e9er, sans droit, \u00e0 tout moment, directement ou\nindirectement, des offres, des promesses, des dons, des pr\u00e9sents ou des\navantages quelconques pour elle-m\u00eame ou pour autrui :(\u2026) pour abuser de son\ninfluence r\u00e9elle ou suppos\u00e9e en vue de faire obtenir d\u2019une autorit\u00e9 ou d\u2019une\nadministration publique des distinctions, des emplois, des march\u00e9s ou toute\nautre d\u00e9cision favorable.&nbsp;\u00bb<\/em><\/p>\n\n\n\n<p><em>Raymond Avrillier,\nmilitant d\u2019Anticor, \u00e9lu dans un \u00e9tablissement public, maire-adjoint honoraire\net ancien conseiller r\u00e9gional de Rh\u00f4ne-Alpes, a saisi la justice en application\nde l\u2019article 40 du Code de proc\u00e9dure p\u00e9nale. Anticor rappelle que ce n\u2019est pas\nle Pr\u00e9sident de la R\u00e9publique, qui donne de l\u2019argent, ce sont les contribuables\nqui financent les services publics du pays.<\/em><\/p>\n","protected":false},"excerpt":{"rendered":"<p>Pour convenances politiques personnelles, le Pr\u00e9sident Macron a propos\u00e9 un deal (compl\u00e8tement irr\u00e9gulier) aux pr\u00e9sidents de R\u00e9gion. En \u00e9change de subventions suppl\u00e9mentaires il proposait de d\u00e9caler les \u00e9lections R\u00e9gionales et D\u00e9partementales apr\u00e8s l\u2019\u00e9lection pr\u00e9sidentielle, alors qu\u2019elles doivent se d\u00e9rouler en mars 2021. Le motif politique r\u00e9el \u00e9tait de lui \u00e9viter une nouvelle d\u00e9route \u00e9lectorale un [&hellip;]<\/p>\n","protected":false},"author":1,"featured_media":0,"comment_status":"closed","ping_status":"open","sticky":false,"template":"","format":"standard","meta":{"twitterCardType":"","cardImageID":0,"cardImage":"","cardTitle":"","cardDesc":"","cardImageAlt":"","cardPlayer":"","cardPlayerWidth":0,"cardPlayerHeight":0,"cardPlayerStream":"","cardPlayerCodec":"","footnotes":""},"categories":[62,11],"tags":[259,206,140,196,279],"class_list":["post-17563","post","type-post","status-publish","format-standard","hentry","category-le-rouge-le-vert-hebdo","category-politique-locale","tag-constitution","tag-droit","tag-elections","tag-etat","tag-libertes"],"_links":{"self":[{"href":"https:\/\/www.ades-grenoble.org\/wordpress\/wp-json\/wp\/v2\/posts\/17563","targetHints":{"allow":["GET"]}}],"collection":[{"href":"https:\/\/www.ades-grenoble.org\/wordpress\/wp-json\/wp\/v2\/posts"}],"about":[{"href":"https:\/\/www.ades-grenoble.org\/wordpress\/wp-json\/wp\/v2\/types\/post"}],"author":[{"embeddable":true,"href":"https:\/\/www.ades-grenoble.org\/wordpress\/wp-json\/wp\/v2\/users\/1"}],"replies":[{"embeddable":true,"href":"https:\/\/www.ades-grenoble.org\/wordpress\/wp-json\/wp\/v2\/comments?post=17563"}],"version-history":[{"count":1,"href":"https:\/\/www.ades-grenoble.org\/wordpress\/wp-json\/wp\/v2\/posts\/17563\/revisions"}],"predecessor-version":[{"id":17564,"href":"https:\/\/www.ades-grenoble.org\/wordpress\/wp-json\/wp\/v2\/posts\/17563\/revisions\/17564"}],"wp:attachment":[{"href":"https:\/\/www.ades-grenoble.org\/wordpress\/wp-json\/wp\/v2\/media?parent=17563"}],"wp:term":[{"taxonomy":"category","embeddable":true,"href":"https:\/\/www.ades-grenoble.org\/wordpress\/wp-json\/wp\/v2\/categories?post=17563"},{"taxonomy":"post_tag","embeddable":true,"href":"https:\/\/www.ades-grenoble.org\/wordpress\/wp-json\/wp\/v2\/tags?post=17563"}],"curies":[{"name":"wp","href":"https:\/\/api.w.org\/{rel}","templated":true}]}}