{"id":17587,"date":"2020-07-10T13:47:31","date_gmt":"2020-07-10T11:47:31","guid":{"rendered":"https:\/\/www.ades-grenoble.org\/wordpress\/?p=17587"},"modified":"2020-07-10T14:20:50","modified_gmt":"2020-07-10T12:20:50","slug":"encore-une-condamnation-de-la-france-par-la-cedh","status":"publish","type":"post","link":"https:\/\/www.ades-grenoble.org\/wordpress\/2020\/07\/10\/encore-une-condamnation-de-la-france-par-la-cedh\/","title":{"rendered":"Encore une condamnation de la France par la CEDH"},"content":{"rendered":"\n<div class=\"wp-block-image\"><figure class=\"alignleft\"><img loading=\"lazy\" decoding=\"async\" width=\"280\" height=\"140\" src=\"https:\/\/www.ades-grenoble.org\/wordpress\/wp-content\/uploads\/2018\/02\/CEDH.jpg\" alt=\"\" class=\"wp-image-13893\" srcset=\"https:\/\/www.ades-grenoble.org\/wordpress\/wp-content\/uploads\/2018\/02\/CEDH.jpg 280w, https:\/\/www.ades-grenoble.org\/wordpress\/wp-content\/uploads\/2018\/02\/CEDH-150x75.jpg 150w\" sizes=\"auto, (max-width: 280px) 100vw, 280px\" \/><\/figure><\/div>\n\n\n\n<p><a href=\"https:\/\/hudoc.echr.coe.int\/eng#{%22itemid%22:[%22001-203295%22]}\" target=\"_blank\" rel=\"noreferrer noopener\" aria-label=\"Le 2 juillet la Cour europ\u00e9enne des droits de l'homme (CEDH) condamne la France pour le traitement d\u00e9gradant de trois demandeurs d'asile (s\u2019ouvre dans un nouvel onglet)\">Le 2 juillet la Cour europ\u00e9enne des droits de l&rsquo;homme (CEDH) condamne la France pour le traitement d\u00e9gradant de trois demandeurs d&rsquo;asile<\/a> contraints de vivre dans la rue en\u00a02013. Encore une fois la dur\u00e9e des d\u00e9cisions de justice est excessif. <\/p>\n\n\n\n<p>La Cour estime en effet qu&rsquo;il\ny a eu violation de l&rsquo;article 3 de la Convention europ\u00e9enne des droits de\nl&rsquo;homme, qui interdit les traitements inhumains et d\u00e9gradants.<\/p>\n\n\n\n<!--more-->\n\n\n\n<p>Dans son arr\u00eat, adopt\u00e9 \u00e0 l&rsquo;unanimit\u00e9, la Cour estime que les autorit\u00e9s <em>fran\u00e7aises \u00ab\u00a0ont manqu\u00e9 \u00e0 l&rsquo;encontre des requ\u00e9rants \u00e0 leurs obligations pr\u00e9vues par le droit interne<\/em>\u2026 <em>qu&rsquo;elles doivent \u00eatre tenues pour responsables des conditions dans lesquelles ils se sont trouv\u00e9s pendant des mois, vivant dans la rue, sans ressources, sans acc\u00e8s \u00e0 des sanitaires, ne disposant d&rsquo;aucun moyen de subvenir \u00e0 leurs besoins essentiels et dans l&rsquo;angoisse permanente d&rsquo;\u00eatre attaqu\u00e9s et vol\u00e9s\u00a0\u00bb.<\/em> Une situation assimil\u00e9e \u00e0 <em>\u00ab\u00a0un traitement d\u00e9gradant t\u00e9moignant d&rsquo;un manque de respect pour leur dignit\u00e9<\/em>\u00ab\u00a0\u2026 <em>que de telles conditions d&rsquo;existence, combin\u00e9es avec l&rsquo;absence de r\u00e9ponse ad\u00e9quate des autorit\u00e9s fran\u00e7aises qu&rsquo;ils ont alert\u00e9es \u00e0 maintes reprises sur leur impossibilit\u00e9 de jouir en pratique de leurs droits et donc de pourvoir \u00e0 leurs besoins essentiels, et le fait que les juridictions internes leur ont syst\u00e9matiquement oppos\u00e9 le manque de moyens dont disposaient les instances comp\u00e9tentes au regard de leurs conditions de jeunes majeurs isol\u00e9s, en bonne sant\u00e9 et sans charge de famille, ont atteint le seuil de gravit\u00e9 requis par l&rsquo;article 3 de la Convention\u00a0\u00bb.<\/em><a href=\"https:\/\/hudoc.echr.coe.int\/eng#{%22itemid%22:[%22001-203295%22]}\"><\/a><\/p>\n","protected":false},"excerpt":{"rendered":"<p>Le 2 juillet la Cour europ\u00e9enne des droits de l&rsquo;homme (CEDH) condamne la France pour le traitement d\u00e9gradant de trois demandeurs d&rsquo;asile contraints de vivre dans la rue en\u00a02013. Encore une fois la dur\u00e9e des d\u00e9cisions de justice est excessif. La Cour estime en effet qu&rsquo;il y a eu violation de l&rsquo;article 3 de la [&hellip;]<\/p>\n","protected":false},"author":1,"featured_media":0,"comment_status":"closed","ping_status":"open","sticky":false,"template":"","format":"standard","meta":{"twitterCardType":"","cardImageID":0,"cardImage":"","cardTitle":"","cardDesc":"","cardImageAlt":"","cardPlayer":"","cardPlayerWidth":0,"cardPlayerHeight":0,"cardPlayerStream":"","cardPlayerCodec":"","footnotes":""},"categories":[62,11],"tags":[278,141,192,243],"class_list":["post-17587","post","type-post","status-publish","format-standard","hentry","category-le-rouge-le-vert-hebdo","category-politique-locale","tag-droits-humains","tag-europe","tag-immigration","tag-justice"],"_links":{"self":[{"href":"https:\/\/www.ades-grenoble.org\/wordpress\/wp-json\/wp\/v2\/posts\/17587","targetHints":{"allow":["GET"]}}],"collection":[{"href":"https:\/\/www.ades-grenoble.org\/wordpress\/wp-json\/wp\/v2\/posts"}],"about":[{"href":"https:\/\/www.ades-grenoble.org\/wordpress\/wp-json\/wp\/v2\/types\/post"}],"author":[{"embeddable":true,"href":"https:\/\/www.ades-grenoble.org\/wordpress\/wp-json\/wp\/v2\/users\/1"}],"replies":[{"embeddable":true,"href":"https:\/\/www.ades-grenoble.org\/wordpress\/wp-json\/wp\/v2\/comments?post=17587"}],"version-history":[{"count":1,"href":"https:\/\/www.ades-grenoble.org\/wordpress\/wp-json\/wp\/v2\/posts\/17587\/revisions"}],"predecessor-version":[{"id":17588,"href":"https:\/\/www.ades-grenoble.org\/wordpress\/wp-json\/wp\/v2\/posts\/17587\/revisions\/17588"}],"wp:attachment":[{"href":"https:\/\/www.ades-grenoble.org\/wordpress\/wp-json\/wp\/v2\/media?parent=17587"}],"wp:term":[{"taxonomy":"category","embeddable":true,"href":"https:\/\/www.ades-grenoble.org\/wordpress\/wp-json\/wp\/v2\/categories?post=17587"},{"taxonomy":"post_tag","embeddable":true,"href":"https:\/\/www.ades-grenoble.org\/wordpress\/wp-json\/wp\/v2\/tags?post=17587"}],"curies":[{"name":"wp","href":"https:\/\/api.w.org\/{rel}","templated":true}]}}