{"id":17594,"date":"2020-07-10T13:59:23","date_gmt":"2020-07-10T11:59:23","guid":{"rendered":"https:\/\/www.ades-grenoble.org\/wordpress\/?p=17594"},"modified":"2020-07-10T14:21:02","modified_gmt":"2020-07-10T12:21:02","slug":"vente-de-la-clinique-mutualiste-au-plus-offrant","status":"publish","type":"post","link":"https:\/\/www.ades-grenoble.org\/wordpress\/2020\/07\/10\/vente-de-la-clinique-mutualiste-au-plus-offrant\/","title":{"rendered":"Vente de la clinique mutualiste au plus offrant\u2026"},"content":{"rendered":"\n<div class=\"wp-block-image\"><figure class=\"alignleft\"><img loading=\"lazy\" decoding=\"async\" width=\"400\" height=\"225\" src=\"https:\/\/www.ades-grenoble.org\/wordpress\/wp-content\/uploads\/2020\/01\/clinique-mutualiste.jpg\" alt=\"\" class=\"wp-image-16738\" srcset=\"https:\/\/www.ades-grenoble.org\/wordpress\/wp-content\/uploads\/2020\/01\/clinique-mutualiste.jpg 400w, https:\/\/www.ades-grenoble.org\/wordpress\/wp-content\/uploads\/2020\/01\/clinique-mutualiste-150x84.jpg 150w, https:\/\/www.ades-grenoble.org\/wordpress\/wp-content\/uploads\/2020\/01\/clinique-mutualiste-300x169.jpg 300w\" sizes=\"auto, (max-width: 400px) 100vw, 400px\" \/><\/figure><\/div>\n\n\n\n<p>Le\n6 juillet le conseil d\u2019administration du Groupement hospitalier mutualiste\n(GHM) a choisi de ne discuter de la vente qu\u2019avec Doctegestio comme repreneur de\nl\u2019ensemble de ses activit\u00e9s. Il a refus\u00e9 la proposition locale de Agduc li\u00e9 au\nCHU de Grenoble qui \u00e9tait soutenu par les usagers, des salari\u00e9s, la Ville de Grenoble, la M\u00e9tropole et le D\u00e9partement\nde l&rsquo;Is\u00e8re. Doctegestio promet que GHM restera un \u00e9tablissement de sant\u00e9 priv\u00e9 \u00e0 but non lucratif (ESPIC),\nmais ce n\u2019est que d\u00e9claratif et le pass\u00e9 de cette entreprise ne plaide pas en\nsa faveur.<\/p>\n\n\n\n<p>Voici le communiqu\u00e9 du maire\nde Grenoble du 6 juillet, qui critique cette d\u00e9cision&nbsp;:<\/p>\n\n\n\n<!--more-->\n\n\n\n<p><em>\u00ab Emmanuel Macron\nd\u00e9clarait le 12 mars dernier \u00ab Il est des biens et des services qui doivent\n\u00eatre plac\u00e9s en dehors des lois du march\u00e9. \u00bb<\/em><\/p>\n\n\n\n<p><em>Je regrette la d\u00e9cision\nprise par le conseil d\u2019administration d\u2019entrer en n\u00e9gociation exclusive pour la\ncession du GHM avec Doctegestio, un groupe qui n\u2019offre aucune garantie en\nmati\u00e8re de service public de sant\u00e9 et qui a \u00e9t\u00e9 \u00e9pingl\u00e9 \u00e0 plusieurs reprises\ndans la presse pour ses pratiques et leur impact sur les \u00e9tablissements et les\nconditions de travail des soignant-es.<\/em><\/p>\n\n\n\n<p><em>Le projet de cession\ninqui\u00e8te et mobilise depuis septembre dernier \u00e0 la fois le personnel et les\nnombreux usager-es qui se sont investis pour que cette institution locale\nfond\u00e9e en 1957 conserve son statut d&rsquo;\u00e9tablissement de sant\u00e9 priv\u00e9s \u00e0 but non\nlucratif (ESPIC), son offre de soins accessible \u00e0 toutes et tous, et s\u2019inscrive\ndans un projet de territoire.<\/em><\/p>\n\n\n\n<p><em>Cette mobilisation\ncontinuera, nous voulons qu\u2019Adrea entende la d\u00e9termination du territoire pour\nune sant\u00e9 pour toutes et tous&nbsp;\u00bb<\/em><\/p>\n","protected":false},"excerpt":{"rendered":"<p>Le 6 juillet le conseil d\u2019administration du Groupement hospitalier mutualiste (GHM) a choisi de ne discuter de la vente qu\u2019avec Doctegestio comme repreneur de l\u2019ensemble de ses activit\u00e9s. Il a refus\u00e9 la proposition locale de Agduc li\u00e9 au CHU de Grenoble qui \u00e9tait soutenu par les usagers, des salari\u00e9s, la Ville de Grenoble, la M\u00e9tropole [&hellip;]<\/p>\n","protected":false},"author":1,"featured_media":0,"comment_status":"closed","ping_status":"open","sticky":false,"template":"","format":"standard","meta":{"twitterCardType":"","cardImageID":0,"cardImage":"","cardTitle":"","cardDesc":"","cardImageAlt":"","cardPlayer":"","cardPlayerWidth":0,"cardPlayerHeight":0,"cardPlayerStream":"","cardPlayerCodec":"","footnotes":""},"categories":[62,11],"tags":[252,260,99],"class_list":["post-17594","post","type-post","status-publish","format-standard","hentry","category-le-rouge-le-vert-hebdo","category-politique-locale","tag-maire","tag-public-prive","tag-sante"],"_links":{"self":[{"href":"https:\/\/www.ades-grenoble.org\/wordpress\/wp-json\/wp\/v2\/posts\/17594","targetHints":{"allow":["GET"]}}],"collection":[{"href":"https:\/\/www.ades-grenoble.org\/wordpress\/wp-json\/wp\/v2\/posts"}],"about":[{"href":"https:\/\/www.ades-grenoble.org\/wordpress\/wp-json\/wp\/v2\/types\/post"}],"author":[{"embeddable":true,"href":"https:\/\/www.ades-grenoble.org\/wordpress\/wp-json\/wp\/v2\/users\/1"}],"replies":[{"embeddable":true,"href":"https:\/\/www.ades-grenoble.org\/wordpress\/wp-json\/wp\/v2\/comments?post=17594"}],"version-history":[{"count":1,"href":"https:\/\/www.ades-grenoble.org\/wordpress\/wp-json\/wp\/v2\/posts\/17594\/revisions"}],"predecessor-version":[{"id":17595,"href":"https:\/\/www.ades-grenoble.org\/wordpress\/wp-json\/wp\/v2\/posts\/17594\/revisions\/17595"}],"wp:attachment":[{"href":"https:\/\/www.ades-grenoble.org\/wordpress\/wp-json\/wp\/v2\/media?parent=17594"}],"wp:term":[{"taxonomy":"category","embeddable":true,"href":"https:\/\/www.ades-grenoble.org\/wordpress\/wp-json\/wp\/v2\/categories?post=17594"},{"taxonomy":"post_tag","embeddable":true,"href":"https:\/\/www.ades-grenoble.org\/wordpress\/wp-json\/wp\/v2\/tags?post=17594"}],"curies":[{"name":"wp","href":"https:\/\/api.w.org\/{rel}","templated":true}]}}