{"id":17607,"date":"2020-07-17T20:45:30","date_gmt":"2020-07-17T18:45:30","guid":{"rendered":"https:\/\/www.ades-grenoble.org\/wordpress\/?p=17607"},"modified":"2020-07-17T21:12:33","modified_gmt":"2020-07-17T19:12:33","slug":"diverses-actualites-4","status":"publish","type":"post","link":"https:\/\/www.ades-grenoble.org\/wordpress\/2020\/07\/17\/diverses-actualites-4\/","title":{"rendered":"Diverses actualit\u00e9s"},"content":{"rendered":"\n<div class=\"wp-block-image\"><figure class=\"alignleft\"><img loading=\"lazy\" decoding=\"async\" width=\"351\" height=\"292\" src=\"https:\/\/www.ades-grenoble.org\/wordpress\/wp-content\/uploads\/2020\/06\/logo-journal.jpg\" alt=\"\" class=\"wp-image-17520\" srcset=\"https:\/\/www.ades-grenoble.org\/wordpress\/wp-content\/uploads\/2020\/06\/logo-journal.jpg 351w, https:\/\/www.ades-grenoble.org\/wordpress\/wp-content\/uploads\/2020\/06\/logo-journal-150x125.jpg 150w, https:\/\/www.ades-grenoble.org\/wordpress\/wp-content\/uploads\/2020\/06\/logo-journal-300x250.jpg 300w\" sizes=\"auto, (max-width: 351px) 100vw, 351px\" \/><\/figure><\/div>\n\n\n\n<p><strong>Les d\u00e9crets relatifs aux attributions de chaque ministre sont publi\u00e9s au journal officiel <a href=\"https:\/\/www.legifrance.gouv.fr\/affichJO.do\" target=\"_blank\" rel=\"noreferrer noopener\" aria-label=\"ici (s\u2019ouvre dans un nouvel onglet)\">ici<\/a>.<\/strong><\/p>\n\n\n\n<hr class=\"wp-block-separator\"\/>\n\n\n\n<p><strong>Les barbouses en action<\/strong>\u00a0: <a rel=\"noreferrer noopener\" aria-label=\"Mediapart r\u00e9v\u00e8le (s\u2019ouvre dans un nouvel onglet)\" href=\"https:\/\/www.mediapart.fr\/journal\/france\/120720\/fakir-et-ruffin-operation-infiltration\" target=\"_blank\">Mediapart r\u00e9v\u00e8le<\/a> que la pr\u00e9sidence de LVMH a directement demand\u00e9 \u00e0 pouvoir\u00a0\u00ab\u00a0<em>infiltrer\u00a0<\/em>\u00bb\u00a0le journal ind\u00e9pendant\u00a0Fakir\u00a0dirig\u00e9 par Fran\u00e7ois Ruffin (d\u00e9put\u00e9 LFI) afin de l\u2019espionner en temps r\u00e9el. <a href=\"https:\/\/www.mediapart.fr\/journal\/france\/120720\/le-squale-operations-secretes-la-bombe-des-ecoutes-ignorees-de-bernard-squarcini\" target=\"_blank\" rel=\"noreferrer noopener\" aria-label=\"L\u2019op\u00e9ration a \u00e9t\u00e9 pilot\u00e9e par Bernard Squarcini (s\u2019ouvre dans un nouvel onglet)\">L\u2019op\u00e9ration a \u00e9t\u00e9 pilot\u00e9e par Bernard Squarcini<\/a>, ancien chef des services secrets int\u00e9rieurs sous la pr\u00e9sidence de Sarkozy.<\/p>\n\n\n\n<hr class=\"wp-block-separator\"\/>\n\n\n\n<p><strong><a href=\"https:\/\/www.asn.fr\/annual_report\/2019fr\/\" target=\"_blank\" rel=\"noreferrer noopener\" aria-label=\"Rapport annuel de l\u2019autorit\u00e9 de suret\u00e9 nucl\u00e9aire (s\u2019ouvre dans un nouvel onglet)\">Rapport annuel de l\u2019autorit\u00e9 de suret\u00e9 nucl\u00e9aire<\/a>. <em>\u00ab\u00a0<\/em><\/strong><em>Dans un contexte o\u00f9 le niveau de s\u00fbret\u00e9 des installations nucl\u00e9aires est rest\u00e9 globalement satisfaisant, l\u2019ann\u00e9e 2019 a \u00e9t\u00e9 marqu\u00e9e par une plus grande prise de conscience, par les exploitants nucl\u00e9aires, des d\u00e9fis auxquels ils sont confront\u00e9s collectivement. Le besoin de renforcement de la qualit\u00e9 des r\u00e9alisations et de la rigueur professionnelle au regard de la s\u00fbret\u00e9 est d\u00e9sormais largement partag\u00e9, ce qui est essentiel pour progresser. L\u2019accroissement des contr\u00f4les ne peut pas \u00eatre consid\u00e9r\u00e9 comme une r\u00e9ponse appropri\u00e9e. Il appartient donc aux exploitants, en tant que premiers responsables de la s\u00fbret\u00e9, de relever ces d\u00e9fis.\u00a0\u00bb<\/em><strong> <\/strong><a href=\"https:\/\/www.asn.fr\/annual_report\/2019fr\/\"><\/a><\/p>\n\n\n\n<!--more-->\n\n\n\n<hr class=\"wp-block-separator\"\/>\n\n\n\n<p><strong>Le Codirpa<\/strong> (Comit\u00e9 directeur pour la gestion de la phase post accidentelle d&rsquo;un accident nucl\u00e9aire ou d&rsquo;une situation d&rsquo;urgence radiologique) publie un guide pratique pour les habitants d\u2019un territoire contamin\u00e9 par un accident nucl\u00e9aire. A t\u00e9l\u00e9charger <a href=\"https:\/\/www.post-accident-nucleaire.fr\/sites\/default\/files\/2020-03\/Ecran%20version%20finale.pdf?_ga=2.2274224.1071125532.1594968344-375610554.1594968344\" target=\"_blank\" rel=\"noreferrer noopener\" aria-label=\"ici (s\u2019ouvre dans un nouvel onglet)\">ici<\/a>.<\/p>\n\n\n\n<hr class=\"wp-block-separator\"\/>\n\n\n\n<p><strong>Histoire de la Frapna (1971-2018).<\/strong> Durant 45 ans la Frapna (F\u00e9d\u00e9ration Rh\u00f4ne-Alpes de protection de la nature) a men\u00e9 d\u2019importants combats dans les d\u00e9partements de la r\u00e9gion pour d\u00e9fendre l\u2019environnement agress\u00e9 par les politiques productivistes et pr\u00e9datrices, autant dans le rural que dans l\u2019urbain. Trois militant-es historiques viennent d\u2019\u00e9crire <a rel=\"noreferrer noopener\" aria-label=\"une histoire de ces actions (s\u2019ouvre dans un nouvel onglet)\" href=\"https:\/\/www.fne-aura.org\/uploads\/2019\/09\/une-histoire-de-la-frapna-1971-2018-_-m.-coulet-p.lebreton-d.ariagno.pdf\" target=\"_blank\">une histoire de ces actions.<\/a><\/p>\n\n\n\n<hr class=\"wp-block-separator\"\/>\n\n\n\n<p><strong>Covid-19 attention au rel\u00e2chement<\/strong>. Les signaux se multiplient montrant une l\u00e9g\u00e8re reprise du nombre de personnes infect\u00e9es par le coronavirus. Sant\u00e9 publique France, dans<a href=\"https:\/\/www.santepubliquefrance.fr\/maladies-et-traumatismes\/maladies-et-infections-respiratoires\/infection-a-coronavirus\/documents\/bulletin-national\/covid-19-point-epidemiologique-du-9-juillet-2020\" target=\"_blank\" rel=\"noreferrer noopener\" aria-label=\" le dernier bulletin \u00e9pid\u00e9miologique du 10 juillet (s\u2019ouvre dans un nouvel onglet)\"> le dernier bulletin \u00e9pid\u00e9miologique du 10 juillet<\/a>, dont les donn\u00e9es sont rapport\u00e9es jusqu\u2019au 7\u00a0juillet, a not\u00e9 une\u00a0\u00ab\u00a0nouvelle tendance \u00e0 l\u2019augmentation de la circulation du virus SARS-CoV-2\u00a0\u00bb<\/p>\n\n\n\n<hr class=\"wp-block-separator\"\/>\n\n\n\n<p><strong><a href=\"http:\/\/www.senat.fr\/rap\/r19-476\/r19-476-syn.pdf\" target=\"_blank\" rel=\"noreferrer noopener\" aria-label=\"Le rapport s\u00e9natorial \u00ab\u00a0Vers une alimentation durable\u00a0\u00bb (s\u2019ouvre dans un nouvel onglet)\">Le rapport s\u00e9natorial \u00ab\u00a0Vers une alimentation durable<\/a><\/strong><a href=\"http:\/\/www.senat.fr\/rap\/r19-476\/r19-476-syn.pdf\" target=\"_blank\" rel=\"noreferrer noopener\" aria-label=\"Le rapport s\u00e9natorial \u00ab\u00a0Vers une alimentation durable\u00a0\u00bb (s\u2019ouvre dans un nouvel onglet)\">\u00a0\u00bb<\/a>, d\u00e9crit le r\u00f4le central des collectivit\u00e9s pour mettre en place des syst\u00e8mes d\u2019alimentation plus durables, en privil\u00e9giant\u00a0: sobri\u00e9t\u00e9, v\u00e9g\u00e9talisme, r\u00e9forme de la PAC, acc\u00e8s au foncier, circuits courts et commande publique, contrats alimentaires territoriaux\u2026<\/p>\n\n\n\n<hr class=\"wp-block-separator\"\/>\n\n\n\n<p><strong>L\u2019observatoire \u00e9conomique de la commande publique (OECP)<\/strong> vient de publier <a href=\"https:\/\/www.economie.gouv.fr\/daj\/loecp-publie-une-etude-sur-la-sous-traitance-dans-les-marches-publics\" target=\"_blank\" rel=\"noreferrer noopener\" aria-label=\"les r\u00e9sultats de son \u00e9tude sur la sous-traitance dans les march\u00e9s publics (s\u2019ouvre dans un nouvel onglet)\">les r\u00e9sultats de son \u00e9tude sur la sous-traitance dans les march\u00e9s publics<\/a>, int\u00e9grant des aspects statistiques (param\u00e8tres, poids \u00e9conomique) et pratiques (rapports entre titulaires, sous-traitants et acheteurs).<\/p>\n","protected":false},"excerpt":{"rendered":"<p>Les d\u00e9crets relatifs aux attributions de chaque ministre sont publi\u00e9s au journal officiel ici. Les barbouses en action\u00a0: Mediapart r\u00e9v\u00e8le que la pr\u00e9sidence de LVMH a directement demand\u00e9 \u00e0 pouvoir\u00a0\u00ab\u00a0infiltrer\u00a0\u00bb\u00a0le journal ind\u00e9pendant\u00a0Fakir\u00a0dirig\u00e9 par Fran\u00e7ois Ruffin (d\u00e9put\u00e9 LFI) afin de l\u2019espionner en temps r\u00e9el. L\u2019op\u00e9ration a \u00e9t\u00e9 pilot\u00e9e par Bernard Squarcini, ancien chef des services secrets [&hellip;]<\/p>\n","protected":false},"author":1,"featured_media":0,"comment_status":"closed","ping_status":"open","sticky":false,"template":"","format":"standard","meta":{"twitterCardType":"","cardImageID":0,"cardImage":"","cardTitle":"","cardDesc":"","cardImageAlt":"","cardPlayer":"","cardPlayerWidth":0,"cardPlayerHeight":0,"cardPlayerStream":"","cardPlayerCodec":"","footnotes":""},"categories":[62,11],"tags":[266,153,279,64,99],"class_list":["post-17607","post","type-post","status-publish","format-standard","hentry","category-le-rouge-le-vert-hebdo","category-politique-locale","tag-alimentation","tag-ecologie","tag-libertes","tag-nucleaire","tag-sante"],"_links":{"self":[{"href":"https:\/\/www.ades-grenoble.org\/wordpress\/wp-json\/wp\/v2\/posts\/17607","targetHints":{"allow":["GET"]}}],"collection":[{"href":"https:\/\/www.ades-grenoble.org\/wordpress\/wp-json\/wp\/v2\/posts"}],"about":[{"href":"https:\/\/www.ades-grenoble.org\/wordpress\/wp-json\/wp\/v2\/types\/post"}],"author":[{"embeddable":true,"href":"https:\/\/www.ades-grenoble.org\/wordpress\/wp-json\/wp\/v2\/users\/1"}],"replies":[{"embeddable":true,"href":"https:\/\/www.ades-grenoble.org\/wordpress\/wp-json\/wp\/v2\/comments?post=17607"}],"version-history":[{"count":1,"href":"https:\/\/www.ades-grenoble.org\/wordpress\/wp-json\/wp\/v2\/posts\/17607\/revisions"}],"predecessor-version":[{"id":17608,"href":"https:\/\/www.ades-grenoble.org\/wordpress\/wp-json\/wp\/v2\/posts\/17607\/revisions\/17608"}],"wp:attachment":[{"href":"https:\/\/www.ades-grenoble.org\/wordpress\/wp-json\/wp\/v2\/media?parent=17607"}],"wp:term":[{"taxonomy":"category","embeddable":true,"href":"https:\/\/www.ades-grenoble.org\/wordpress\/wp-json\/wp\/v2\/categories?post=17607"},{"taxonomy":"post_tag","embeddable":true,"href":"https:\/\/www.ades-grenoble.org\/wordpress\/wp-json\/wp\/v2\/tags?post=17607"}],"curies":[{"name":"wp","href":"https:\/\/api.w.org\/{rel}","templated":true}]}}