{"id":17646,"date":"2020-07-25T09:19:02","date_gmt":"2020-07-25T07:19:02","guid":{"rendered":"https:\/\/www.ades-grenoble.org\/wordpress\/?p=17646"},"modified":"2020-07-25T10:44:40","modified_gmt":"2020-07-25T08:44:40","slug":"election-du-president-de-la-metropole-une-manoeuvre-menee-de-longue-date","status":"publish","type":"post","link":"https:\/\/www.ades-grenoble.org\/wordpress\/2020\/07\/25\/election-du-president-de-la-metropole-une-manoeuvre-menee-de-longue-date\/","title":{"rendered":"\u00c9lection du pr\u00e9sident de la m\u00e9tropole, une man\u0153uvre men\u00e9e de longue date"},"content":{"rendered":"\n<div class=\"wp-block-image\"><figure class=\"alignleft\"><img loading=\"lazy\" decoding=\"async\" width=\"384\" height=\"409\" src=\"https:\/\/www.ades-grenoble.org\/wordpress\/wp-content\/uploads\/2020\/07\/Metro.jpg\" alt=\"\" class=\"wp-image-17647\" srcset=\"https:\/\/www.ades-grenoble.org\/wordpress\/wp-content\/uploads\/2020\/07\/Metro.jpg 384w, https:\/\/www.ades-grenoble.org\/wordpress\/wp-content\/uploads\/2020\/07\/Metro-141x150.jpg 141w, https:\/\/www.ades-grenoble.org\/wordpress\/wp-content\/uploads\/2020\/07\/Metro-282x300.jpg 282w\" sizes=\"auto, (max-width: 384px) 100vw, 384px\" \/><\/figure><\/div>\n\n\n\n<p>Le 17 juillet 2020, \u00e0 minuit\npass\u00e9, apr\u00e8s le deuxi\u00e8me tour de l\u2019\u00e9lection du pr\u00e9sident, l\u2019assembl\u00e9e des 119\n\u00e9lu-es m\u00e9tropolitains a laiss\u00e9 face \u00e0 face deux candidats soi-disant du m\u00eame\nbord politique mais en fait recherchant des majorit\u00e9s tr\u00e8s diff\u00e9rentes. C\u2019\u00e9tait\ntr\u00e8s clairement indiqu\u00e9 dans la profession de foi de chaque candidat.<\/p>\n\n\n\n<p>Yann Mongaburu a \u00e9t\u00e9 pr\u00e9cis,\nle p\u00e9rim\u00e8tre de la majorit\u00e9 avec laquelle il entendait pr\u00e9sider la m\u00e9tropole\n\u00e9tait de gauche, \u00e9cologiste et citoyen, ce qui excluait les progouvernementaux\nLREM, la droite et l\u2019extr\u00eame droite. Cette clart\u00e9 politique s\u2019est retrouv\u00e9e\ndans l\u2019urne, pas de voix LREM, ni LR, ni pro-Carignon, ni RN.<\/p>\n\n\n\n<p>Par contre C. Ferrari a pris\ngrand soin de ne jamais sp\u00e9cifier son p\u00e9rim\u00e8tre politique car il savait tr\u00e8s\nbien qu\u2019il ne pouvait pas se contenter des petites communes, du PS et m\u00eame de\nLREM&nbsp;; il lui fallait absolument des voix de droite pour l\u2019emporter. D\u2019o\u00f9\nla candidature pour la droite de D. Escaron durant deux tours qui disparait au\nmoment du tour d\u00e9cisif. <\/p>\n\n\n\n<!--more-->\n\n\n\n<p>C. Ferrari avait \u00e9t\u00e9 tr\u00e8s\nclair dans ses d\u00e9clarations publiques, il admettait \u00eatre minoritaire dans la\nmajorit\u00e9 \u00e0 quatre groupes (\u00e9cologiste, PC, PS et petites communes) et il a fait\nappel aux voix des oppositions \u00e0 cette majorit\u00e9 sortante pour sauver son poste,\nen d\u00e9clarant qu\u2019il n\u2019\u00e9tait pas envisageable que ce soit un \u00e9lu grenoblois qui\ndevienne pr\u00e9sident de la m\u00e9tropole.<\/p>\n\n\n\n<p>Quatre \u00e9lu.es PS qui ont march\u00e9 dans la combine jusqu\u2019au deuxi\u00e8me tour ont compris que l\u2019affaire sentait le roussi lorsque le candidat de droite s\u2019est retir\u00e9 et ont choisi de voter blanc, ou, pour le seul Guillaume LISSY qui a assum\u00e9 publiquement de voter pour Yann Mongaburu.<\/p>\n\n\n\n<p>Ce troisi\u00e8me tour a permis de\nmesurer quels \u00e9taient les vrais rapports de force politique dans la nouvelle\nassembl\u00e9e&nbsp;: il y a 57 \u00e9lu-es qui se reconnaissent dans une majorit\u00e9 de\ngauche \u00e9cologiste et citoyenne et 62 qui repr\u00e9sentent un conglom\u00e9rat qui\nm\u00e9lange des centristes, quelques sociaux-d\u00e9mocrates nostalgiques, des \u00ab&nbsp;En\nMarche&nbsp;\u00bb patent\u00e9s ou cach\u00e9s, de la droite bien \u00e0 droite, des adeptes de la\ncorruption dans les services publics et un repr\u00e9sentant de l&rsquo;extr\u00eame droite.<\/p>\n\n\n\n<p>C. Ferrari \u00e9tait tr\u00e8s\nconscient de ce qu\u2019il faisait. Apr\u00e8s son \u00e9lection au forceps, il ne voulait pas\nrisquer de se faire d\u00e9savouer lors de l\u2019\u00e9lection des vice-pr\u00e9sidents et\nrecommencer 20 fois le m\u00eame vote que celui qui l\u2019a \u00e9lu. D\u2019o\u00f9 la d\u00e9cision de ne\npas \u00e9lire les vice-pr\u00e9sidents, croyant qu\u2019il \u00e9tait possible de reporter ce vote\n\u00e0 une autre r\u00e9union du conseil communautaire qui avait \u00e9t\u00e9 programm\u00e9e le\nvendredi 24 juillet, mais les d\u00e9chirures politiques \u00e9taient trop profondes, il\na donc report\u00e9 ces d\u00e9cisions \u00e0 la rentr\u00e9e.<\/p>\n\n\n\n<p>Apr\u00e8s avoir annonc\u00e9 que la\nd\u00e9signation des vice-pr\u00e9sidents \u00e9tait report\u00e9e \u00e0 fin ao\u00fbt, d\u00e9but septembre, il\na pr\u00e9sent\u00e9 3 d\u00e9lib\u00e9rations pour faire face \u00e0 l&rsquo;urgence :&nbsp; <\/p>\n\n\n\n<ul class=\"wp-block-list\"><li>Le vote sur les indemnit\u00e9s des \u00e9lu-es.<\/li><li>Le maintien des salaires des employ\u00e9s des groupes repr\u00e9sent\u00e9s pour assurer le maintien de leur fonctionnement.<\/li><li>La d\u00e9l\u00e9gation de pouvoirs par l\u2019assembl\u00e9e d\u00e9lib\u00e9rante&nbsp;pour assurer la continuit\u00e9 du fonctionnement des services. <\/li><\/ul>\n\n\n\n<p>Il s&rsquo;est ainsi donn\u00e9 les\nmoyens de passer l\u2019\u00e9t\u00e9 et de prendre son temps pour compl\u00e9ter le bureau, en\nd\u00e9livrant des d\u00e9l\u00e9gations \u00e0 ses soutiens pour l\u2019aider \u00e0 g\u00e9rer provisoirement la\nm\u00e9tropole. Il a nomm\u00e9 le 24 juillet, 8 conseillers\nd\u00e9l\u00e9gu\u00e9s. Mais sans vice-pr\u00e9sident, la loi interdit de cr\u00e9er des\nconseillers d\u00e9l\u00e9gu\u00e9s. Plus grave, il est interdit d\u2019\u00e9lire un pr\u00e9sident sans au\nmoins un vice-pr\u00e9sident, comme il est interdit d\u2019\u00e9lire un maire sans au moins\nun adjoint. L\u2019\u00e9lection du pr\u00e9sident dans ces conditions est irr\u00e9guli\u00e8re et s\u2019il\ny a des contestations elles devraient prosp\u00e9rer aupr\u00e8s du tribunal\nadministratif qui a trois mois pour se prononcer.<\/p>\n\n\n\n<p>On attend toujours la composition exacte des diff\u00e9rents groupes politiques afin de pouvoir faire une analyse plus fine de leur composition politique. On ne trouve sur le site de la M\u00e9tro que <a href=\"https:\/\/www.grenoblealpesmetropole.fr\/1085-vos-conseillers-metropolitains.htm\" target=\"_blank\" rel=\"noreferrer noopener\" aria-label=\"le nom des \u00e9lu-es et leur commune (s\u2019ouvre dans un nouvel onglet)\">le nom des \u00e9lu-es et leur commune<\/a>, mais pas dans quel groupe ils sont inscrits. <a href=\"https:\/\/www.grenoblealpesmetropole.fr\/1085-vos-conseillers-metropolitains.htm\"><\/a><\/p>\n\n\n\n<p>D\u00e8s que les \u00e9lections\nmunicipales se sont d\u00e9roul\u00e9es, le 28 juin, des \u00e9lus LREM, dont des maires, ont\nadh\u00e9r\u00e9 au groupe des petites communes (groupe NMC ex ADIS) pour se glisser dans\nun groupe appartenant \u00e0 la majorit\u00e9 de gauche et \u00e9cologiste et citoyenne durant\nle pr\u00e9c\u00e9dent mandat. De m\u00eame le groupe PS et apparent\u00e9s a vu fondre les\nadh\u00e9rents au PS et certains apparent\u00e9s sont loin de suivre les consignes du PS\net sont proches de LREM.<\/p>\n\n\n\n<p>Le positionnement politique\nde ces deux groupes d\u2019\u00e9lus est devenu beaucoup moins clair et permettait \u00e0\nFerrari de pouvoir compter sur leurs votes, surtout apr\u00e8s le chantage au\nblocage, au chaos si Yann Mongaburu \u00e9tait \u00e9lu. Mais ils ne repr\u00e9sentent qu\u2019\u00e0\npeine 40 personnes.<\/p>\n\n\n\n<p>Pour d\u00e9cr\u00e9dibiliser la\ncandidature de Yann Mongaburu, tout a \u00e9t\u00e9 utilis\u00e9, l\u2019appel \u00e0 d\u2019anciens \u00e9lus\n(qui n\u2019avaient rien \u00e0 perdre) pour des critiques sur la personne, puis\nl\u2019utilisation du chiffon rouge du repr\u00e9sentant de la grosse ville centre qui\nallait asphyxier les petites communes si elle prenait le pouvoir \u00e0 la M\u00e9tro.<\/p>\n\n\n\n<p>L\u2019op\u00e9ration qui a conduit \u00e0\nl\u2019\u00e9lection de C. Ferrari comme pr\u00e9sident a \u00e9t\u00e9 men\u00e9e depuis de longues semaines\net le r\u00e9sultat est exactement le chaos que certains voulaient \u00e9viter&nbsp;: un\npr\u00e9sident seul, sans majorit\u00e9, sans projet politique coh\u00e9rent (sauf si\u00ab&nbsp;<em>tout\nsauf Grenoble<\/em>&nbsp;\u00bb en est un\u2026), ayant pi\u00e9tin\u00e9 les r\u00e8gles de droit pour se\nmaintenir. Il faut souhaiter que le pr\u00e9sident se rende compte des d\u00e9g\u00e2ts que sa\ncandidature a provoqu\u00e9 et qu\u2019il se retire avant que l\u2019institution sombre dans\nun chaos que personne ne souhaite ou qu\u2019il soit d\u00e9mis par la justice ou le\npr\u00e9fet.<\/p>\n\n\n\n<p>Il faut revenir \u00e0 des r\u00e8gles\nsimples et saines que l\u2019ADES avait rappel\u00e9es le 11 juillet&nbsp;: que la\nmajorit\u00e9 de gauche \u00e9cologiste et citoyenne se r\u00e9unisse et d\u00e9finisse ses axes\ndes priorit\u00e9s politiques pour le mandat et d\u00e9termine l\u2019ex\u00e9cutif qu\u2019il faut pour\nque la M\u00e9tro puisse affronter les lourds d\u00e9fis qui sont devant elle. Le plus\nt\u00f4t sera le mieux.<\/p>\n\n\n\n<p>Voici un extrait de ce\nqu\u2019\u00e9crivait l\u2019ADES le 11 juillet&nbsp;:<\/p>\n\n\n\n<p><em>\u00ab&nbsp;Il n\u2019est pas\nd\u00e9mocratique que la construction de la majorit\u00e9 m\u00e9tropolitaine se passe\nuniquement dans les m\u00e9dias et que des exclusions soient prononc\u00e9es par certains\n\u00e9lus contre des personnes ou des communes. L\u2019ADES demande \u00e0 ce que les quatre\ngroupes politiques de gauche \u00e9cologiste et citoyens se r\u00e9unissent rapidement et\ntravaillent sans exclusive sur un projet majoritaire fixant les priorit\u00e9s pour\nmettre en \u0153uvre les transitions, renforcer les services publics essentiels qui\nont permis de tenir durant le confinement, acc\u00e9l\u00e9rer les politiques solidaires\ndans toutes les comp\u00e9tences et revoir la relation entre la M\u00e9tro et les\ncommunes. Un enjeu important pour la majorit\u00e9 est de revoir les questions de\nproximit\u00e9 et les propositions faites par le groupe M\u00e9tropole en transition sur\ndes d\u00e9l\u00e9gations de comp\u00e9tences aux communes sont pertinentes. <\/em><\/p>\n\n\n\n<p><em>L\u2019ex\u00e9cutif de la m\u00e9tropole\n(pr\u00e9sidence et vice-pr\u00e9sidences soit 21 personnes) doit \u00eatre choisi ensuite sur\nla base de ce projet partag\u00e9, \u00e9cologiste, solidaire et citoyen, par la majorit\u00e9\n\u00e0 la proportionnelle des quatre groupes afin de respecter au mieux les\n\u00e9quilibres politiques et territoriaux.&nbsp;\u00bb<\/em><\/p>\n","protected":false},"excerpt":{"rendered":"<p>Le 17 juillet 2020, \u00e0 minuit pass\u00e9, apr\u00e8s le deuxi\u00e8me tour de l\u2019\u00e9lection du pr\u00e9sident, l\u2019assembl\u00e9e des 119 \u00e9lu-es m\u00e9tropolitains a laiss\u00e9 face \u00e0 face deux candidats soi-disant du m\u00eame bord politique mais en fait recherchant des majorit\u00e9s tr\u00e8s diff\u00e9rentes. C\u2019\u00e9tait tr\u00e8s clairement indiqu\u00e9 dans la profession de foi de chaque candidat. Yann Mongaburu a [&hellip;]<\/p>\n","protected":false},"author":1,"featured_media":0,"comment_status":"closed","ping_status":"open","sticky":false,"template":"","format":"standard","meta":{"twitterCardType":"","cardImageID":0,"cardImage":"","cardTitle":"","cardDesc":"","cardImageAlt":"","cardPlayer":"","cardPlayerWidth":0,"cardPlayerHeight":0,"cardPlayerStream":"","cardPlayerCodec":"","footnotes":""},"categories":[62,11],"tags":[140,280],"class_list":["post-17646","post","type-post","status-publish","format-standard","hentry","category-le-rouge-le-vert-hebdo","category-politique-locale","tag-elections","tag-metropole"],"_links":{"self":[{"href":"https:\/\/www.ades-grenoble.org\/wordpress\/wp-json\/wp\/v2\/posts\/17646","targetHints":{"allow":["GET"]}}],"collection":[{"href":"https:\/\/www.ades-grenoble.org\/wordpress\/wp-json\/wp\/v2\/posts"}],"about":[{"href":"https:\/\/www.ades-grenoble.org\/wordpress\/wp-json\/wp\/v2\/types\/post"}],"author":[{"embeddable":true,"href":"https:\/\/www.ades-grenoble.org\/wordpress\/wp-json\/wp\/v2\/users\/1"}],"replies":[{"embeddable":true,"href":"https:\/\/www.ades-grenoble.org\/wordpress\/wp-json\/wp\/v2\/comments?post=17646"}],"version-history":[{"count":3,"href":"https:\/\/www.ades-grenoble.org\/wordpress\/wp-json\/wp\/v2\/posts\/17646\/revisions"}],"predecessor-version":[{"id":17660,"href":"https:\/\/www.ades-grenoble.org\/wordpress\/wp-json\/wp\/v2\/posts\/17646\/revisions\/17660"}],"wp:attachment":[{"href":"https:\/\/www.ades-grenoble.org\/wordpress\/wp-json\/wp\/v2\/media?parent=17646"}],"wp:term":[{"taxonomy":"category","embeddable":true,"href":"https:\/\/www.ades-grenoble.org\/wordpress\/wp-json\/wp\/v2\/categories?post=17646"},{"taxonomy":"post_tag","embeddable":true,"href":"https:\/\/www.ades-grenoble.org\/wordpress\/wp-json\/wp\/v2\/tags?post=17646"}],"curies":[{"name":"wp","href":"https:\/\/api.w.org\/{rel}","templated":true}]}}