{"id":17686,"date":"2020-08-28T11:23:07","date_gmt":"2020-08-28T09:23:07","guid":{"rendered":"https:\/\/www.ades-grenoble.org\/wordpress\/?p=17686"},"modified":"2020-08-28T12:00:40","modified_gmt":"2020-08-28T10:00:40","slug":"letat-des-courants-politiques-a-la-metro","status":"publish","type":"post","link":"https:\/\/www.ades-grenoble.org\/wordpress\/2020\/08\/28\/letat-des-courants-politiques-a-la-metro\/","title":{"rendered":"L\u2019\u00e9tat des courants politiques \u00e0 la M\u00e9tro"},"content":{"rendered":"\n<div class=\"wp-block-image\"><figure class=\"alignleft\"><img loading=\"lazy\" decoding=\"async\" width=\"384\" height=\"409\" src=\"https:\/\/www.ades-grenoble.org\/wordpress\/wp-content\/uploads\/2020\/07\/Metro.jpg\" alt=\"\" class=\"wp-image-17647\" srcset=\"https:\/\/www.ades-grenoble.org\/wordpress\/wp-content\/uploads\/2020\/07\/Metro.jpg 384w, https:\/\/www.ades-grenoble.org\/wordpress\/wp-content\/uploads\/2020\/07\/Metro-141x150.jpg 141w, https:\/\/www.ades-grenoble.org\/wordpress\/wp-content\/uploads\/2020\/07\/Metro-282x300.jpg 282w\" sizes=\"auto, (max-width: 384px) 100vw, 384px\" \/><\/figure><\/div>\n\n\n\n<p>A la M\u00e9tro, il n\u2019est pas politiquement viable qu\u2019une large majorit\u00e9 politique de gauche, \u00e9cologiste et citoyenne soit mise de cot\u00e9 au profit d\u2019un conglom\u00e9rat politique m\u00ealant des voix du PS et apparent\u00e9s aux voix d\u2019En Marche, de la droite, des carignonesques et m\u00eame de l\u2019extr\u00eame-droite ! C\u2019est le r\u00e9sultat du vote du 17 juillet obtenu par Ferrari pour se faire r\u00e9\u00e9lire.<\/p>\n\n\n\n<p>L\u2019assembl\u00e9e d\u00e9lib\u00e9rante de la m\u00e9tropole\nn\u2019est pas une assembl\u00e9e des 49 maires des communes, mais une assembl\u00e9e d\u2019\u00e9lu-es\ndans chaque commune suivant \u00e0 peu pr\u00e8s leur poids d\u00e9mographique pour 19\ncommunes et pour les 30 communes trop petites pour avoir une repr\u00e9sentation \u00e0\nla proportionnelle, elles sont repr\u00e9sent\u00e9es par un \u00e9lu qui n\u2019est pas forc\u00e9ment\nle ou la maire. En g\u00e9n\u00e9ral les repr\u00e9sentant des grandes communes sont \u00e9lus sur\ndes crit\u00e8res politiques, ce qui est parfois moins vrai dans les petites\ncommunes. <\/p>\n\n\n\n<!--more-->\n\n\n\n<p>Depuis mars 2014, une majorit\u00e9 politique a\n\u00e9t\u00e9 form\u00e9e par quatre groupes d\u2019\u00e9lus (M\u00e9tropole en transition, Petites\ncommunes, Communistes et Socialistes).<\/p>\n\n\n\n<p>Le 28 juin 2020 \u00e0 l\u2019issue du 2<sup>\u00e8me<\/sup> tour des municipales il y a eu des changements importants dans les repr\u00e9sentations des courants politiques avec une tr\u00e8s forte augmentation de la composante de gauche \u00e9cologiste et citoyenne qui, avec 39 \u00e9lu-es forme de loin le groupe le plus important (appel\u00e9 UMA, <em>Une M\u00e9tropole d\u2019Avance<\/em>). Le groupe UMA et le groupe communiste (CCC) ont propos\u00e9 aux quatre groupes formant la majorit\u00e9 de se r\u00e9unir pour \u00e9laborer le projet majoritaire et se mettre d\u2019accord sur la gouvernance de la M\u00e9tro. Ces deux groupes r\u00e9unissaient 51 membres, les deux autres environ 39. Soit une large majorit\u00e9 d\u2019environ 90 sur 119. Les 29 autres \u00e9lus \u00e9tant \u00e9tiquet\u00e9s En Marche, \u00e0 droite, affid\u00e9s de Carignon et un extr\u00eame-droite.<\/p>\n\n\n\n<p><strong>La population des communes qui ont vot\u00e9es\nmajoritairement pour les \u00e9quipes des deux groupes (UMA et CCC)\nrepr\u00e9sente&nbsp;60 % de la population de la M\u00e9tro. Il y a donc une majorit\u00e9\npolitique claire \u00e0 gauche, \u00e9cologiste et citoyenne.<\/strong><\/p>\n\n\n\n<p>Devant cette r\u00e9alit\u00e9 tr\u00e8s claire, C. Ferrari a refus\u00e9 de travailler dans ce cadre et a pr\u00e9par\u00e9 sa r\u00e9\u00e9lection en cherchant \u00e0 rallier des \u00e9lu-es de droite, d\u2019En Marche et m\u00eame d\u2019extr\u00eame-droite. Avec, comme il l\u2019indique dans sa profession de foi, un appel qui abandonne la d\u00e9finition du p\u00e9rim\u00e8tre politique de la majorit\u00e9, se r\u00e9fugiant vers les maires afin de gommer la politique dans ses soutiens.<\/p>\n\n\n\n<p><em>\u00ab&nbsp;Est-ce\n\u00e0 dire que majorit\u00e9 et opposition seraient des notions d\u00e9pourvues de sens \u00e0\nl&rsquo;\u00e9chelle intercommunale ? Aucunement. II n&rsquo;y a en effet de d\u00e9bat d\u00e9mocratique\nsans confrontation des opinions, sans que chacune et chacun puisse faire valoir\nses convictions. Mais s&rsquo;il y a majorit\u00e9 et opposition au sein d&rsquo;une assembl\u00e9e\ntelle que le Conseil m\u00e9tropolitain, il y a \u00e9galement quarante-neuf communes,\nquarante-neuf \u00e9quipes municipales et quarante-neuf Maires, toutes et tous\nl\u00e9gitimes et avec qui la M\u00e9tropole travaille sans distinction de sensibilit\u00e9\npolitique.&nbsp;\u00bb<\/em><\/p>\n\n\n\n<p>Alors\nque Yann Mongaburu restait tr\u00e8s clair sur ce p\u00e9rim\u00e8tre majoritaire tout en\nprenant en compte la sp\u00e9cificit\u00e9 des 49 communes dans la m\u00e9tropole&nbsp;:<\/p>\n\n\n\n<p><em>\u00ab&nbsp;Lors\ndes \u00e9lections municipales et m\u00e9tropolitaines, nos habitants ont exprim\u00e9 un fort\nd\u00e9sir de transitions ; les acteurs associatifs et \u00e9conomiques confirment qu\u2019ils\nsont pr\u00eats \u00e0 aller plus loin. Nous sommes attendus et il n\u2019y a plus de temps \u00e0\nperdre. <strong>C\u2019est ce qui doit nous guider dans la construction d\u2019une nouvelle\nmajorit\u00e9 des gauches, des \u00e9cologistes et citoyenne. C\u2019est cet arc politique qui\na permis de construire notre M\u00e9tropole ; il a \u00e9t\u00e9 aujourd\u2019hui renforc\u00e9 par les\nurnes pour amplifier les transitions sociales, climatiques et \u00e9conomiques en\ns\u2019appuyant sur des services publics robustes et innovants<\/strong>. Notre territoire\nfoisonne de p\u00e9pites et de talents, de pionni\u00e8res et pionniers, d\u2019\u00e9nergies\npositives, de cols bleus et de cols blancs, de scientifiques et d\u2019artistes. <\/em><\/p>\n\n\n\n<p><em>Le r\u00f4le d\u2019une M\u00e9tropole est de fixer un cap commun pour amener notre territoire de l\u2019avant. Elle a aussi le r\u00f4le fondamental d\u2019animatrice, de facilitatrice des coop\u00e9rations et d\u2019entraide entre les communes. D\u00e9fis et responsabilit\u00e9 collective : nous sommes appel\u00e9s \u00e0 \u00e9crire un nouveau pacte de gouvernance qui remet les maires au c\u0153ur de leurs communes et de l\u2019intercommunalit\u00e9 en leur confiant le pilotage de proximit\u00e9 des politiques publiques m\u00e9tropolitaines. \u00bb<\/em><strong>.<\/strong><\/p>\n\n\n\n<p><strong>Cette situation n\u2019est pas viable, il est urgent de la corriger en revenant \u00e0 la clart\u00e9 politique la plus \u00e9l\u00e9mentaire.<\/strong><\/p>\n","protected":false},"excerpt":{"rendered":"<p>A la M\u00e9tro, il n\u2019est pas politiquement viable qu\u2019une large majorit\u00e9 politique de gauche, \u00e9cologiste et citoyenne soit mise de cot\u00e9 au profit d\u2019un conglom\u00e9rat politique m\u00ealant des voix du PS et apparent\u00e9s aux voix d\u2019En Marche, de la droite, des carignonesques et m\u00eame de l\u2019extr\u00eame-droite ! C\u2019est le r\u00e9sultat du vote du 17 juillet [&hellip;]<\/p>\n","protected":false},"author":1,"featured_media":0,"comment_status":"closed","ping_status":"open","sticky":false,"template":"","format":"standard","meta":{"twitterCardType":"","cardImageID":0,"cardImage":"","cardTitle":"","cardDesc":"","cardImageAlt":"","cardPlayer":"","cardPlayerWidth":0,"cardPlayerHeight":0,"cardPlayerStream":"","cardPlayerCodec":"","footnotes":""},"categories":[62,11],"tags":[140,280,54],"class_list":["post-17686","post","type-post","status-publish","format-standard","hentry","category-le-rouge-le-vert-hebdo","category-politique-locale","tag-elections","tag-metropole","tag-politique-droite-gauche"],"_links":{"self":[{"href":"https:\/\/www.ades-grenoble.org\/wordpress\/wp-json\/wp\/v2\/posts\/17686","targetHints":{"allow":["GET"]}}],"collection":[{"href":"https:\/\/www.ades-grenoble.org\/wordpress\/wp-json\/wp\/v2\/posts"}],"about":[{"href":"https:\/\/www.ades-grenoble.org\/wordpress\/wp-json\/wp\/v2\/types\/post"}],"author":[{"embeddable":true,"href":"https:\/\/www.ades-grenoble.org\/wordpress\/wp-json\/wp\/v2\/users\/1"}],"replies":[{"embeddable":true,"href":"https:\/\/www.ades-grenoble.org\/wordpress\/wp-json\/wp\/v2\/comments?post=17686"}],"version-history":[{"count":1,"href":"https:\/\/www.ades-grenoble.org\/wordpress\/wp-json\/wp\/v2\/posts\/17686\/revisions"}],"predecessor-version":[{"id":17687,"href":"https:\/\/www.ades-grenoble.org\/wordpress\/wp-json\/wp\/v2\/posts\/17686\/revisions\/17687"}],"wp:attachment":[{"href":"https:\/\/www.ades-grenoble.org\/wordpress\/wp-json\/wp\/v2\/media?parent=17686"}],"wp:term":[{"taxonomy":"category","embeddable":true,"href":"https:\/\/www.ades-grenoble.org\/wordpress\/wp-json\/wp\/v2\/categories?post=17686"},{"taxonomy":"post_tag","embeddable":true,"href":"https:\/\/www.ades-grenoble.org\/wordpress\/wp-json\/wp\/v2\/tags?post=17686"}],"curies":[{"name":"wp","href":"https:\/\/api.w.org\/{rel}","templated":true}]}}