{"id":17703,"date":"2020-09-06T17:42:25","date_gmt":"2020-09-06T15:42:25","guid":{"rendered":"https:\/\/www.ades-grenoble.org\/wordpress\/?p=17703"},"modified":"2020-09-06T18:08:35","modified_gmt":"2020-09-06T16:08:35","slug":"atteintes-a-lenvironnement-et-a-la-republique","status":"publish","type":"post","link":"https:\/\/www.ades-grenoble.org\/wordpress\/2020\/09\/06\/atteintes-a-lenvironnement-et-a-la-republique\/","title":{"rendered":"Atteintes \u00e0 l\u2019environnement et \u00e0 la R\u00e9publique"},"content":{"rendered":"\n<div class=\"wp-block-image\"><figure class=\"alignleft\"><img loading=\"lazy\" decoding=\"async\" width=\"400\" height=\"265\" src=\"https:\/\/www.ades-grenoble.org\/wordpress\/wp-content\/uploads\/2017\/10\/matignon.jpg\" alt=\"\" class=\"wp-image-13511\" srcset=\"https:\/\/www.ades-grenoble.org\/wordpress\/wp-content\/uploads\/2017\/10\/matignon.jpg 400w, https:\/\/www.ades-grenoble.org\/wordpress\/wp-content\/uploads\/2017\/10\/matignon-150x99.jpg 150w, https:\/\/www.ades-grenoble.org\/wordpress\/wp-content\/uploads\/2017\/10\/matignon-300x199.jpg 300w\" sizes=\"auto, (max-width: 400px) 100vw, 400px\" \/><\/figure><\/div>\n\n\n\n<p>Les\nlobbies \u00e9conomiques et financiers plac\u00e9s au sein du gouvernement ont d\u00e9cid\u00e9 de\nd\u00e9truire le droit de l\u2019environnement&nbsp;: par d\u00e9cret n\u00b02020-412 du 8 avril\n2020 relatif au droit de d\u00e9rogation reconnu au pr\u00e9fet, qui se perp\u00e9tue au-del\u00e0\nde la p\u00e9riode d\u2019urgence sanitaire, le gouvernement a autoris\u00e9 les pr\u00e9fets \u00e0 ne\npas respecter le droit de l\u2019environnement en d\u00e9rogeant \u00e0 toute une s\u00e9rie de\nnormes principalement environnementales&nbsp;: am\u00e9nagement du territoire et\npolitique de la ville, environnement agriculture et for\u00eat, construction de\nlogements, urbanisme, protection et mise en valeur du patrimoine culturel\u2026<\/p>\n\n\n\n<!--more-->\n\n\n\n<p>Par une\ninstruction r\u00e9glementaire du 6 ao\u00fbt 2020 adress\u00e9e par le Premier ministre aux\npr\u00e9fets, le gouvernement r\u00e9v\u00e8le pour imposer l\u2019application de ce d\u00e9cret\nsc\u00e9l\u00e9rat qu\u2019il est conscient de la parfaite ill\u00e9galit\u00e9 de ces dispositions au\nregard du droit de l\u2019environnement de notre R\u00e9publique, au regard du droit\neurop\u00e9en de l\u2019environnement, et m\u00eame de la violation du principe d\u2019\u00e9galit\u00e9\ndevant la loi dans notre R\u00e9publique.<\/p>\n\n\n\n<p>Nous\nesp\u00e9rons que des associations vont engager un recours en annulation de cette\ninstruction et au passage soulever l\u2019inconstitutionnalit\u00e9 de cette instruction\net du d\u00e9cret du 8 avril 2020 qui s\u2019est servi de la pand\u00e9mie pour nous laisser\ncontaminer par les lobbys \u00e9conomiques et financiers.<\/p>\n\n\n\n<p>Cette\npolitique anti-\u00e9colo, anti-sociale qui s\u2019attaque \u00e0 nos biens communs et aux\nprincipes de notre R\u00e9publique se d\u00e9nomme macronisme et elle a ses complices du\nsommet de l\u2019Etat (les ren\u00e9gats type Pompili) aux territoires (les Chalas, Six,\nLaval et autres Hugel\u00e9, Thoviste\u2026).<\/p>\n\n\n\n<figure class=\"wp-block-embed\"><div class=\"wp-block-embed__wrapper\">\nhttps:\/\/reporterre.net\/Le-gouvernement-demolit-le-droit-de-l-environnement\n<\/div><\/figure>\n","protected":false},"excerpt":{"rendered":"<p>Les lobbies \u00e9conomiques et financiers plac\u00e9s au sein du gouvernement ont d\u00e9cid\u00e9 de d\u00e9truire le droit de l\u2019environnement&nbsp;: par d\u00e9cret n\u00b02020-412 du 8 avril 2020 relatif au droit de d\u00e9rogation reconnu au pr\u00e9fet, qui se perp\u00e9tue au-del\u00e0 de la p\u00e9riode d\u2019urgence sanitaire, le gouvernement a autoris\u00e9 les pr\u00e9fets \u00e0 ne pas respecter le droit de [&hellip;]<\/p>\n","protected":false},"author":1,"featured_media":0,"comment_status":"closed","ping_status":"open","sticky":false,"template":"","format":"standard","meta":{"twitterCardType":"","cardImageID":0,"cardImage":"","cardTitle":"","cardDesc":"","cardImageAlt":"","cardPlayer":"","cardPlayerWidth":0,"cardPlayerHeight":0,"cardPlayerStream":"","cardPlayerCodec":"","footnotes":""},"categories":[62,11],"tags":[206,175,196],"class_list":["post-17703","post","type-post","status-publish","format-standard","hentry","category-le-rouge-le-vert-hebdo","category-politique-locale","tag-droit","tag-environnement","tag-etat"],"_links":{"self":[{"href":"https:\/\/www.ades-grenoble.org\/wordpress\/wp-json\/wp\/v2\/posts\/17703","targetHints":{"allow":["GET"]}}],"collection":[{"href":"https:\/\/www.ades-grenoble.org\/wordpress\/wp-json\/wp\/v2\/posts"}],"about":[{"href":"https:\/\/www.ades-grenoble.org\/wordpress\/wp-json\/wp\/v2\/types\/post"}],"author":[{"embeddable":true,"href":"https:\/\/www.ades-grenoble.org\/wordpress\/wp-json\/wp\/v2\/users\/1"}],"replies":[{"embeddable":true,"href":"https:\/\/www.ades-grenoble.org\/wordpress\/wp-json\/wp\/v2\/comments?post=17703"}],"version-history":[{"count":1,"href":"https:\/\/www.ades-grenoble.org\/wordpress\/wp-json\/wp\/v2\/posts\/17703\/revisions"}],"predecessor-version":[{"id":17704,"href":"https:\/\/www.ades-grenoble.org\/wordpress\/wp-json\/wp\/v2\/posts\/17703\/revisions\/17704"}],"wp:attachment":[{"href":"https:\/\/www.ades-grenoble.org\/wordpress\/wp-json\/wp\/v2\/media?parent=17703"}],"wp:term":[{"taxonomy":"category","embeddable":true,"href":"https:\/\/www.ades-grenoble.org\/wordpress\/wp-json\/wp\/v2\/categories?post=17703"},{"taxonomy":"post_tag","embeddable":true,"href":"https:\/\/www.ades-grenoble.org\/wordpress\/wp-json\/wp\/v2\/tags?post=17703"}],"curies":[{"name":"wp","href":"https:\/\/api.w.org\/{rel}","templated":true}]}}