{"id":17736,"date":"2020-09-11T16:08:46","date_gmt":"2020-09-11T14:08:46","guid":{"rendered":"https:\/\/www.ades-grenoble.org\/wordpress\/?p=17736"},"modified":"2020-09-11T16:12:13","modified_gmt":"2020-09-11T14:12:13","slug":"en-2018-les-inegalites-de-niveau-de-vie-ont-augmente-en-france","status":"publish","type":"post","link":"https:\/\/www.ades-grenoble.org\/wordpress\/2020\/09\/11\/en-2018-les-inegalites-de-niveau-de-vie-ont-augmente-en-france\/","title":{"rendered":"En 2018, les in\u00e9galit\u00e9s de niveau de vie ont augment\u00e9 en France"},"content":{"rendered":"\n<div class=\"wp-block-image\"><figure class=\"alignleft\"><img loading=\"lazy\" decoding=\"async\" width=\"400\" height=\"267\" src=\"https:\/\/www.ades-grenoble.org\/wordpress\/wp-content\/uploads\/2014\/08\/Elysee.jpg\" alt=\"\" class=\"wp-image-8972\" srcset=\"https:\/\/www.ades-grenoble.org\/wordpress\/wp-content\/uploads\/2014\/08\/Elysee.jpg 400w, https:\/\/www.ades-grenoble.org\/wordpress\/wp-content\/uploads\/2014\/08\/Elysee-150x100.jpg 150w, https:\/\/www.ades-grenoble.org\/wordpress\/wp-content\/uploads\/2014\/08\/Elysee-300x200.jpg 300w\" sizes=\"auto, (max-width: 400px) 100vw, 400px\" \/><\/figure><\/div>\n\n\n\n<p>Voici encore une d\u00e9monstration implacable de la politique men\u00e9e par le pr\u00e9sident des riches. L\u2019INSEE rend publique le 9 septembre <a href=\"https:\/\/www.insee.fr\/fr\/statistiques\/4659174\" target=\"_blank\" rel=\"noreferrer noopener\" aria-label=\"une \u00e9tude sur les in\u00e9galit\u00e9s de niveau de vie et leurs \u00e9volutions entre 2017 et 2018 (s\u2019ouvre dans un nouvel onglet)\">une \u00e9tude sur les in\u00e9galit\u00e9s de niveau de vie et leurs \u00e9volutions entre 2017 et 2018<\/a>.<\/p>\n\n\n\n<p>Cette \u00e9tude d\u00e9montre que le\nniveau de vie des m\u00e9nages les plus ais\u00e9s a nettement augment\u00e9 entre 2017 (arriv\u00e9e\naux affaires d\u2019E. Macron) et l\u2019ann\u00e9e 2018, par contre le niveau de vie des m\u00e9nages\nles plus modestes se replie principalement \u00e0 cause des baisses des APL&nbsp;! Sur\n10 ans, le niveau de vie plafond des 10 % de Fran\u00e7ais les plus modestes a\ndiminu\u00e9 de 2,9 %. En 2018, 9,3 millions de personnes vivent au-dessous du seuil\nde pauvret\u00e9 mon\u00e9taire, soit 1&nbsp;063&nbsp;euros par mois.<\/p>\n\n\n\n<p>Le gouvernement va poursuivre\ncette politique et m\u00eame l\u2019amplifier avec la r\u00e9forme prochaine des APL qui\npermettra de faire des \u00e9conomies sur le dos des plus modestes.<\/p>\n\n\n\n<!--more-->\n\n\n\n<p><em>\u00ab&nbsp;En 2018, en France\nm\u00e9tropolitaine, le niveau de vie m\u00e9dian de la population s\u2019\u00e9l\u00e8ve \u00e0\n21&nbsp;250&nbsp;euros annuels, soit 0,3&nbsp;% de plus qu\u2019en 2017 en euros\nconstants. Il poursuit sa lente progression depuis cinq ans, apr\u00e8s avoir\ndiminu\u00e9 \u00e0 la suite de la crise \u00e9conomique de 2008. Les 10&nbsp;% de personnes\nles plus modestes ont un niveau de vie inf\u00e9rieur \u00e0 11&nbsp;210&nbsp;euros. Les\n10&nbsp;% les plus ais\u00e9es ont un niveau de vie au moins 3,5&nbsp;fois sup\u00e9rieur,\nau-del\u00e0 de 39&nbsp;130&nbsp;euros.<\/em><\/p>\n\n\n\n<p><em>En 2018, les niveaux de\nvie \u00e9voluent de fa\u00e7on contrast\u00e9e. Celui des m\u00e9nages les plus ais\u00e9s augmente\nnettement. Il b\u00e9n\u00e9ficie de la progression des revenus du patrimoine, li\u00e9e \u00e0 la\nforte hausse des dividendes<\/em><em> dans un contexte de fiscalit\u00e9\nplus incitative \u00e0 leur distribution plut\u00f4t qu\u2019\u00e0 leur capitalisation et d\u2019une\nhausse des revenus d\u2019activit\u00e9. Celui des m\u00e9nages les plus modestes se replie, <\/em><em>principalement en raison d\u2019une baisse des allocations\nlogement.<\/em><\/p>\n\n\n\n<p><em>Les in\u00e9galit\u00e9s de niveau de\nvie augmentent nettement en 2018, sans toutefois d\u00e9passer le&nbsp;point haut de\n2011 : l\u2019indice de Gini est de 0,298 en 2018, apr\u00e8s 0,289 en 2017.<\/em><\/p>\n\n\n\n<p><em>En 2018, 9,3 millions de\npersonnes vivent au-dessous du seuil de pauvret\u00e9 mon\u00e9taire, soit\n1&nbsp;063&nbsp;euros par mois. Le taux de pauvret\u00e9 s\u2019\u00e9tablit \u00e0 14,8 % en 2018.\nIl s\u2019accro\u00eet de 0,7&nbsp;point sur un an. L\u2019intensit\u00e9 de la pauvret\u00e9 est stable\n\u00e0 19,6&nbsp;% en 2018.<\/em><\/p>\n\n\n\n<p><em>La baisse des allocations logement induite par la r\u00e9forme de la r\u00e9duction du loyer de solidarit\u00e9 explique une part importante de la baisse du revenu des m\u00e9nages modestes et de la hausse du taux de pauvret\u00e9. Cette baisse ampute les niveaux de vie tels qu\u2019ils sont normalement mesur\u00e9s, m\u00eame si elle a \u00e9t\u00e9 compens\u00e9e dans le parc social par des baisses correspondantes des loyers, donc des d\u00e9penses des m\u00e9nages concern\u00e9s.\u00a0\u00bb<\/em><a href=\"https:\/\/www.insee.fr\/fr\/statistiques\/4659174\"><\/a><\/p>\n","protected":false},"excerpt":{"rendered":"<p>Voici encore une d\u00e9monstration implacable de la politique men\u00e9e par le pr\u00e9sident des riches. L\u2019INSEE rend publique le 9 septembre une \u00e9tude sur les in\u00e9galit\u00e9s de niveau de vie et leurs \u00e9volutions entre 2017 et 2018. Cette \u00e9tude d\u00e9montre que le niveau de vie des m\u00e9nages les plus ais\u00e9s a nettement augment\u00e9 entre 2017 (arriv\u00e9e [&hellip;]<\/p>\n","protected":false},"author":1,"featured_media":0,"comment_status":"closed","ping_status":"open","sticky":false,"template":"","format":"standard","meta":{"twitterCardType":"","cardImageID":0,"cardImage":"","cardTitle":"","cardDesc":"","cardImageAlt":"","cardPlayer":"","cardPlayerWidth":0,"cardPlayerHeight":0,"cardPlayerStream":"","cardPlayerCodec":"","footnotes":""},"categories":[62,11],"tags":[196,337,33],"class_list":["post-17736","post","type-post","status-publish","format-standard","hentry","category-le-rouge-le-vert-hebdo","category-politique-locale","tag-etat","tag-inegalites","tag-social"],"_links":{"self":[{"href":"https:\/\/www.ades-grenoble.org\/wordpress\/wp-json\/wp\/v2\/posts\/17736","targetHints":{"allow":["GET"]}}],"collection":[{"href":"https:\/\/www.ades-grenoble.org\/wordpress\/wp-json\/wp\/v2\/posts"}],"about":[{"href":"https:\/\/www.ades-grenoble.org\/wordpress\/wp-json\/wp\/v2\/types\/post"}],"author":[{"embeddable":true,"href":"https:\/\/www.ades-grenoble.org\/wordpress\/wp-json\/wp\/v2\/users\/1"}],"replies":[{"embeddable":true,"href":"https:\/\/www.ades-grenoble.org\/wordpress\/wp-json\/wp\/v2\/comments?post=17736"}],"version-history":[{"count":1,"href":"https:\/\/www.ades-grenoble.org\/wordpress\/wp-json\/wp\/v2\/posts\/17736\/revisions"}],"predecessor-version":[{"id":17737,"href":"https:\/\/www.ades-grenoble.org\/wordpress\/wp-json\/wp\/v2\/posts\/17736\/revisions\/17737"}],"wp:attachment":[{"href":"https:\/\/www.ades-grenoble.org\/wordpress\/wp-json\/wp\/v2\/media?parent=17736"}],"wp:term":[{"taxonomy":"category","embeddable":true,"href":"https:\/\/www.ades-grenoble.org\/wordpress\/wp-json\/wp\/v2\/categories?post=17736"},{"taxonomy":"post_tag","embeddable":true,"href":"https:\/\/www.ades-grenoble.org\/wordpress\/wp-json\/wp\/v2\/tags?post=17736"}],"curies":[{"name":"wp","href":"https:\/\/api.w.org\/{rel}","templated":true}]}}