{"id":17757,"date":"2020-09-18T15:16:41","date_gmt":"2020-09-18T13:16:41","guid":{"rendered":"https:\/\/www.ades-grenoble.org\/wordpress\/?p=17757"},"modified":"2020-09-18T17:36:38","modified_gmt":"2020-09-18T15:36:38","slug":"bilan-2019-de-la-qualite-de-lair-exterieur-en-france-peut-mieux-faire","status":"publish","type":"post","link":"https:\/\/www.ades-grenoble.org\/wordpress\/2020\/09\/18\/bilan-2019-de-la-qualite-de-lair-exterieur-en-france-peut-mieux-faire\/","title":{"rendered":"Bilan 2019 de la qualit\u00e9 de l\u2019air ext\u00e9rieur en France, peut mieux faire"},"content":{"rendered":"\n<div class=\"wp-block-image\"><figure class=\"alignleft\"><img loading=\"lazy\" decoding=\"async\" width=\"350\" height=\"235\" src=\"https:\/\/www.ades-grenoble.org\/wordpress\/wp-content\/uploads\/2016\/06\/pot-echappement.jpg\" alt=\"\" class=\"wp-image-11783\" srcset=\"https:\/\/www.ades-grenoble.org\/wordpress\/wp-content\/uploads\/2016\/06\/pot-echappement.jpg 350w, https:\/\/www.ades-grenoble.org\/wordpress\/wp-content\/uploads\/2016\/06\/pot-echappement-150x101.jpg 150w, https:\/\/www.ades-grenoble.org\/wordpress\/wp-content\/uploads\/2016\/06\/pot-echappement-300x201.jpg 300w\" sizes=\"auto, (max-width: 350px) 100vw, 350px\" \/><\/figure><\/div>\n\n\n\n<p>Le gouvernement doit \u00e9tablir\nchaque ann\u00e9e un bilan de la qualit\u00e9 de l\u2019air ext\u00e9rieur en France, son \u00e9volution\npossible et ses effets sur la sant\u00e9 et l\u2019environnement. <\/p>\n\n\n\n<p><a href=\"https:\/\/www.statistiques.developpement-durable.gouv.fr\/sites\/default\/files\/2020-09\/datalab_71_bilan_qualite_air_france_2019_septembre2020.pdf\" target=\"_blank\" rel=\"noreferrer noopener\" aria-label=\"Le Bilan 2019 qui vient d\u2019\u00eatre publi\u00e9 (s\u2019ouvre dans un nouvel onglet)\">Le Bilan 2019 qui vient d\u2019\u00eatre publi\u00e9<\/a>, confirme que des progr\u00e8s ont \u00e9t\u00e9 accomplis pour r\u00e9duire les \u00e9missions de polluants atmosph\u00e9riques suite aux actions impuls\u00e9es \u00e0 l\u2019\u00e9chelle nationale et au niveau local. Mais la\u00a0France reste confront\u00e9e \u00e0 des d\u00e9passements des seuils r\u00e9glementaires de qualit\u00e9 de l\u2019air pour la protection de la sant\u00e9 humaine \u00e0 long terme pour certains polluants et elle mise en cause par la justice nationale et europ\u00e9enne.<\/p>\n\n\n\n<p>Un effort particulier doit\n\u00eatre poursuivi dans l\u2019agglom\u00e9ration grenobloise comme dans d\u2019autres\nagglom\u00e9rations qui sont toujours trop pollu\u00e9es.<\/p>\n\n\n\n<!--more-->\n\n\n\n<p><em>La baisse du nombre\nd\u2019agglom\u00e9rations en d\u00e9passement pour le NO2, les PM10 et l\u2019O3 a l\u2019\u00e9chelle\nnationale masque n\u00e9anmoins de fortes disparit\u00e9s territoriales.<\/em><\/p>\n\n\n\n<p><em>Par exemple les\nagglom\u00e9rations de Lyon, Marseille \u2013 Aix-en-Provence, Paris et Strasbourg\nenregistrent des d\u00e9passements chaque ann\u00e9e. Montpellier et Toulouse arrivent\njuste derri\u00e8re avec 19 ann\u00e9es de d\u00e9passement des seuils r\u00e9glementaires, suivies\npar Grenoble, Nice et Rouen avec 18 ann\u00e9es de d\u00e9passement.<\/em><\/p>\n\n\n\n<p><strong><em>Les contentieux\neurop\u00e9ens portant sur les seuils r\u00e8glementaires de qualit\u00e9 de l\u2019air pour la\nprotection de la sante \u00e0 long terme<\/em><\/strong><\/p>\n\n\n\n<p><em>La France est actuellement\nvis\u00e9e par une proc\u00e9dure contentieuse relative au NO2 et pr\u00e9contentieuse,\nrelative aux particules PM10 pour non-respect de certains seuils r\u00e9glementaires\nde concentration inscrits dans la directive 2008\/50\/CE pour la protection de la\nsant\u00e9 \u00e0 long terme.<\/em><\/p>\n\n\n\n<p><em>Les seuils r\u00e9glementaires\neurop\u00e9ens de qualit\u00e9 de l\u2019air pour la protection de la sant\u00e9 humaine \u00e0 long\nterme concernant le NO2, entr\u00e9s en vigueur en 2010, sont en effet d\u00e9pass\u00e9s\nchaque ann\u00e9e dans plusieurs agglom\u00e9rations. Apr\u00e8s un avis motiv\u00e9 adress\u00e9 \u00e0 la\nFrance en f\u00e9vrier 2017, la Commission europ\u00e9enne a saisi la Cour de justice de\nl\u2019Union europ\u00e9enne en octobre 2018 au sujet du non-respect des seuils\nr\u00e9glementaires pour la protection de la sant\u00e9 \u00e0 long terme et de l\u2019insuffisance\ndes actions mises en \u0153uvre pour 12 zones : Clermont-Ferrand, Grenoble,\nLyon, Marseille \u2212 Aix-en-Provence, Montpellier, Nice, Paris, Reims, Strasbourg,\nToulon, Toulouse, et la Vall\u00e9e de l&rsquo;Arve.<\/em><\/p>\n\n\n\n<p><em>En octobre 2019, la Cour\nde justice de l\u2019Union europ\u00e9enne condamne finalement la France pour manquement\naux obligations de la directive 2008\/50\/CE.<\/em><\/p>\n\n\n\n<p><em>La France est \u00e9galement\nvis\u00e9e par un pr\u00e9contentieux relatif aux PM10. Il lui est reproch\u00e9 de ne pas se\nconformer aux seuils r\u00e9glementaires de concentrations pour la protection de la\nsant\u00e9 \u00e0 long terme et de ne pas mettre en place des plans d\u2019action r\u00e9pondant\naux ambitions de la directive.<\/em><\/p>\n\n\n\n<p><em>Apr\u00e8s une mise en demeure\nen f\u00e9vrier 2013, elle a re\u00e7u un avis motiv\u00e9 de la Commission europ\u00e9enne en\navril 2015 pour 10 zones : Douai-B\u00e9thune-Valenciennes, Grenoble, Lyon,\nMarseille \u2212 Aix-en-Provence, la Martinique, Nice, Paris, Toulon, la zone urbaine\nr\u00e9gionale Provence-Alpes-C\u00f4te d\u2019Azur et la zone urbaine r\u00e9gionale de\nRh\u00f4ne-Alpes.<\/em><\/p>\n\n\n\n<p><em>Au niveau fran\u00e7ais, le 10 juillet 2020, le Conseil d\u2019\u00c9tat a publi\u00e9 une d\u00e9cision ordonnant une astreinte de 10 millions d\u2019euros par semestre \u00e0 l\u2019\u00c9tat fran\u00e7ais car ce dernier n\u2019a pas, selon la plus haute juridiction administrative, pris les mesures demand\u00e9es pour r\u00e9duire la pollution de l\u2019air dans 8 zones en France, \u00e0 savoir : Paris, Grenoble, Lyon, Marseille \u2212 Aix-en-Provence, Reims, Strasbourg, Toulouse, la Martinique. Cette d\u00e9cision fait suite \u00e0 une premi\u00e8re en date du 12 juillet 2017. Des \u00ab feuilles de route \u00bb pour parvenir \u00e0 une am\u00e9lioration rapide et notable de la qualit\u00e9 de l\u2019air ont \u00e9t\u00e9 \u00e9labor\u00e9es dans l\u2019ensemble des territoires fran\u00e7ais pr\u00e9sentant des d\u00e9passements des seuils r\u00e9glementaires de qualit\u00e9 de l\u2019air.<\/em><a href=\"https:\/\/www.statistiques.developpement-durable.gouv.fr\/sites\/default\/files\/2020-09\/datalab_71_bilan_qualite_air_france_2019_septembre2020.pdf\"><\/a><\/p>\n","protected":false},"excerpt":{"rendered":"<p>Le gouvernement doit \u00e9tablir chaque ann\u00e9e un bilan de la qualit\u00e9 de l\u2019air ext\u00e9rieur en France, son \u00e9volution possible et ses effets sur la sant\u00e9 et l\u2019environnement. Le Bilan 2019 qui vient d\u2019\u00eatre publi\u00e9, confirme que des progr\u00e8s ont \u00e9t\u00e9 accomplis pour r\u00e9duire les \u00e9missions de polluants atmosph\u00e9riques suite aux actions impuls\u00e9es \u00e0 l\u2019\u00e9chelle nationale [&hellip;]<\/p>\n","protected":false},"author":1,"featured_media":0,"comment_status":"closed","ping_status":"open","sticky":false,"template":"","format":"standard","meta":{"twitterCardType":"","cardImageID":0,"cardImage":"","cardTitle":"","cardDesc":"","cardImageAlt":"","cardPlayer":"","cardPlayerWidth":0,"cardPlayerHeight":0,"cardPlayerStream":"","cardPlayerCodec":"","footnotes":""},"categories":[62,11],"tags":[122,99],"class_list":["post-17757","post","type-post","status-publish","format-standard","hentry","category-le-rouge-le-vert-hebdo","category-politique-locale","tag-pollution-atmospherique","tag-sante"],"_links":{"self":[{"href":"https:\/\/www.ades-grenoble.org\/wordpress\/wp-json\/wp\/v2\/posts\/17757","targetHints":{"allow":["GET"]}}],"collection":[{"href":"https:\/\/www.ades-grenoble.org\/wordpress\/wp-json\/wp\/v2\/posts"}],"about":[{"href":"https:\/\/www.ades-grenoble.org\/wordpress\/wp-json\/wp\/v2\/types\/post"}],"author":[{"embeddable":true,"href":"https:\/\/www.ades-grenoble.org\/wordpress\/wp-json\/wp\/v2\/users\/1"}],"replies":[{"embeddable":true,"href":"https:\/\/www.ades-grenoble.org\/wordpress\/wp-json\/wp\/v2\/comments?post=17757"}],"version-history":[{"count":1,"href":"https:\/\/www.ades-grenoble.org\/wordpress\/wp-json\/wp\/v2\/posts\/17757\/revisions"}],"predecessor-version":[{"id":17758,"href":"https:\/\/www.ades-grenoble.org\/wordpress\/wp-json\/wp\/v2\/posts\/17757\/revisions\/17758"}],"wp:attachment":[{"href":"https:\/\/www.ades-grenoble.org\/wordpress\/wp-json\/wp\/v2\/media?parent=17757"}],"wp:term":[{"taxonomy":"category","embeddable":true,"href":"https:\/\/www.ades-grenoble.org\/wordpress\/wp-json\/wp\/v2\/categories?post=17757"},{"taxonomy":"post_tag","embeddable":true,"href":"https:\/\/www.ades-grenoble.org\/wordpress\/wp-json\/wp\/v2\/tags?post=17757"}],"curies":[{"name":"wp","href":"https:\/\/api.w.org\/{rel}","templated":true}]}}