{"id":17767,"date":"2020-09-18T18:33:11","date_gmt":"2020-09-18T16:33:11","guid":{"rendered":"https:\/\/www.ades-grenoble.org\/wordpress\/?p=17767"},"modified":"2020-09-18T19:02:43","modified_gmt":"2020-09-18T17:02:43","slug":"a-la-metropole-vers-une-majorite-de-gauche-ecologiste-et-citoyenne","status":"publish","type":"post","link":"https:\/\/www.ades-grenoble.org\/wordpress\/2020\/09\/18\/a-la-metropole-vers-une-majorite-de-gauche-ecologiste-et-citoyenne\/","title":{"rendered":"A la M\u00e9tropole : vers une majorit\u00e9 de gauche \u00e9cologiste et citoyenne ?"},"content":{"rendered":"\n<div class=\"wp-block-image\"><figure class=\"alignleft\"><img loading=\"lazy\" decoding=\"async\" width=\"380\" height=\"255\" src=\"https:\/\/www.ades-grenoble.org\/wordpress\/wp-content\/uploads\/2020\/09\/Metro180920.jpg\" alt=\"\" class=\"wp-image-17769\" srcset=\"https:\/\/www.ades-grenoble.org\/wordpress\/wp-content\/uploads\/2020\/09\/Metro180920.jpg 380w, https:\/\/www.ades-grenoble.org\/wordpress\/wp-content\/uploads\/2020\/09\/Metro180920-150x101.jpg 150w, https:\/\/www.ades-grenoble.org\/wordpress\/wp-content\/uploads\/2020\/09\/Metro180920-300x201.jpg 300w\" sizes=\"auto, (max-width: 380px) 100vw, 380px\" \/><\/figure><\/div>\n\n\n\n<p>Ce vendredi 18 septembre se d\u00e9roule le Conseil de la M\u00e9tropole qui prend la suite du conseil du 17 juillet qui a vu l\u2019\u00e9clatement de la majorit\u00e9 de gauche \u00e9cologiste et citoyenne par l\u2019\u00e9lection de Christophe Ferrari \u00e0 la pr\u00e9sidence avec les voix de la droite de LREM, de Carignon et de l\u2019extr\u00eame droite.&nbsp;<\/p>\n\n\n\n<p>L\u2019institution a \u00e9t\u00e9 bloqu\u00e9e depuis plus de deux mois et le conseil du 18 septembre, devait \u00eatre l\u2019occasion de d\u00e9bloquer cette situation en installant un ex\u00e9cutif de gauche, \u00e9cologiste et citoyen. Les deux groupes des \u00e9lu-es qui soutenaient la candidature de Yann Mongaburu (UMA et CCC), ont propos\u00e9 une d\u00e9marche qui devait permettre d\u2019avancer et de remettre<strong>\u00a0<\/strong>la m\u00e9tropole sur de bons rails, car il y a urgence. Ils ont propos\u00e9 une rencontre de l\u2019ensemble des \u00e9lu-es des quatre groupes ayant form\u00e9 l\u2019ancienne majorit\u00e9. A Vizille, le 11 septembre cette r\u00e9union a permis d\u2019avancer un peu vers un d\u00e9but de d\u00e9blocage de la situation.<\/p>\n\n\n\n<p>Mais depuis le 11 juillet les discussions n\u2019ont pas pu aboutir avant cette s\u00e9ance pour une simple raison, le r\u00e9sultat des \u00e9lections municipales qui a fix\u00e9 les nouveaux \u00e9quilibres politiques qui devraient \u00eatre pris en compte pour les nominations dans l\u2019ex\u00e9cutif ainsi que dans les repr\u00e9sentations ext\u00e9rieures. Il y a une r\u00e8gle simple en d\u00e9mocratie, c\u2019est la r\u00e8gle de la proportionnelle \u00e0 la plus forte moyenne comme lors des \u00e9lections municipales et des \u00e9lus intercommunaux. Cela doit conduire pour la r\u00e9partition de 20 vice-pr\u00e9sidents \u00e0 12 pour UMA et CCC et 8 pour Actes et NMC. Il aura fallu encore des heures de n\u00e9gociations pour faire admettre cette application de la simple d\u00e9mocratie.<\/p>\n\n\n\n<!--more-->\n\n\n\n<p>Ce nombre de vice-pr\u00e9sident-es a \u00e9t\u00e9 adopt\u00e9 par une tr\u00e8s large majorit\u00e9 (103 pour, 4 contre et 12 abstentions).<\/p>\n\n\n\n<p>Le contenu des d\u00e9l\u00e9gations qui seront port\u00e9es par les uns et les autres a \u00e9t\u00e9 pr\u00e9cis\u00e9.<\/p>\n\n\n\n<p><em>L&rsquo;article a \u00e9t\u00e9 \u00e9crit \u00e0 18 h 30 ce vendredi 18 septembre, le conseil \u00e9tant en cours.<\/em><\/p>\n","protected":false},"excerpt":{"rendered":"<p>Ce vendredi 18 septembre se d\u00e9roule le Conseil de la M\u00e9tropole qui prend la suite du conseil du 17 juillet qui a vu l\u2019\u00e9clatement de la majorit\u00e9 de gauche \u00e9cologiste et citoyenne par l\u2019\u00e9lection de Christophe Ferrari \u00e0 la pr\u00e9sidence avec les voix de la droite de LREM, de Carignon et de l\u2019extr\u00eame droite.&nbsp; L\u2019institution [&hellip;]<\/p>\n","protected":false},"author":1,"featured_media":0,"comment_status":"closed","ping_status":"open","sticky":false,"template":"","format":"standard","meta":{"twitterCardType":"","cardImageID":0,"cardImage":"","cardTitle":"","cardDesc":"","cardImageAlt":"","cardPlayer":"","cardPlayerWidth":0,"cardPlayerHeight":0,"cardPlayerStream":"","cardPlayerCodec":"","footnotes":""},"categories":[62,11],"tags":[140,280,54],"class_list":["post-17767","post","type-post","status-publish","format-standard","hentry","category-le-rouge-le-vert-hebdo","category-politique-locale","tag-elections","tag-metropole","tag-politique-droite-gauche"],"_links":{"self":[{"href":"https:\/\/www.ades-grenoble.org\/wordpress\/wp-json\/wp\/v2\/posts\/17767","targetHints":{"allow":["GET"]}}],"collection":[{"href":"https:\/\/www.ades-grenoble.org\/wordpress\/wp-json\/wp\/v2\/posts"}],"about":[{"href":"https:\/\/www.ades-grenoble.org\/wordpress\/wp-json\/wp\/v2\/types\/post"}],"author":[{"embeddable":true,"href":"https:\/\/www.ades-grenoble.org\/wordpress\/wp-json\/wp\/v2\/users\/1"}],"replies":[{"embeddable":true,"href":"https:\/\/www.ades-grenoble.org\/wordpress\/wp-json\/wp\/v2\/comments?post=17767"}],"version-history":[{"count":5,"href":"https:\/\/www.ades-grenoble.org\/wordpress\/wp-json\/wp\/v2\/posts\/17767\/revisions"}],"predecessor-version":[{"id":17773,"href":"https:\/\/www.ades-grenoble.org\/wordpress\/wp-json\/wp\/v2\/posts\/17767\/revisions\/17773"}],"wp:attachment":[{"href":"https:\/\/www.ades-grenoble.org\/wordpress\/wp-json\/wp\/v2\/media?parent=17767"}],"wp:term":[{"taxonomy":"category","embeddable":true,"href":"https:\/\/www.ades-grenoble.org\/wordpress\/wp-json\/wp\/v2\/categories?post=17767"},{"taxonomy":"post_tag","embeddable":true,"href":"https:\/\/www.ades-grenoble.org\/wordpress\/wp-json\/wp\/v2\/tags?post=17767"}],"curies":[{"name":"wp","href":"https:\/\/api.w.org\/{rel}","templated":true}]}}