{"id":17813,"date":"2020-09-25T21:19:32","date_gmt":"2020-09-25T19:19:32","guid":{"rendered":"https:\/\/www.ades-grenoble.org\/wordpress\/?p=17813"},"modified":"2020-10-02T14:51:53","modified_gmt":"2020-10-02T12:51:53","slug":"politique-politicienne-203","status":"publish","type":"post","link":"https:\/\/www.ades-grenoble.org\/wordpress\/2020\/09\/25\/politique-politicienne-203\/","title":{"rendered":"Politique politicienne"},"content":{"rendered":"\n<div class=\"wp-block-image\"><figure class=\"alignleft\"><img loading=\"lazy\" decoding=\"async\" width=\"200\" height=\"234\" src=\"https:\/\/www.ades-grenoble.org\/wordpress\/wp-content\/uploads\/2015\/01\/fou1.png\" alt=\"fou\" class=\"wp-image-9634\" srcset=\"https:\/\/www.ades-grenoble.org\/wordpress\/wp-content\/uploads\/2015\/01\/fou1.png 200w, https:\/\/www.ades-grenoble.org\/wordpress\/wp-content\/uploads\/2015\/01\/fou1-128x150.png 128w\" sizes=\"auto, (max-width: 200px) 100vw, 200px\" \/><\/figure><\/div>\n\n\n\n<p>Il y a des \u00e9lus m\u00e9tropolitains qui ne sont pas contents du tout, ayant l\u2019impression (et m\u00eame plus) d\u2019\u00eatre les dindons de la mauvaise farce d\u00e9mocratique qui a permis la r\u00e9\u00e9lection du pr\u00e9sident Ferrari le 17 juillet \u00e0 la t\u00eate de la M\u00e9tropole. Ce sont notamment les \u00e9lu-es du groupe MTPS (M\u00e9tropole territoire de progr\u00e8s solidaire) c\u2019est \u00e0 dire les macronistes purs et durs (Thoviste, Chalas\u2026). Ils avaient mouill\u00e9 la chemise pour permettre l\u2019\u00e9lection de Ferrari en votant pour lui d\u00e8s le 1<sup>er<\/sup> tour et pensaient qu\u2019ils allaient \u00eatre pay\u00e9s en retour. \u00c7a a bien failli se faire car dans le groupe de la majorit\u00e9 NMC (ou petites communes) ils avaient trouv\u00e9 des alli\u00e9s qui ont agi et continuent d\u2019agir pour que la majorit\u00e9 de gauche et \u00e9cologiste ne puisse pas survivre. Ces \u00e9lu-es n\u2019ont qu\u2019\u00e0 s\u2019en prendre \u00e0 eux m\u00eame car en politique on perd toujours son \u00e2me lorsqu\u2019on essaye de pactiser avec l\u2019adversaire.<\/p>\n\n\n\n<!--more-->\n\n\n\n<p>Le\nsondage sur l\u2019ins\u00e9curit\u00e9 \u00e0 Grenoble pay\u00e9 par un avocat\ngrenoblois est une pure man\u0153uvre politicienne. D\u2019abord il est\nrelay\u00e9 par les m\u00e9dias de mani\u00e8re irr\u00e9guli\u00e8re, car il manque des\ninformations obligatoires concernant sa publication. La commission\ndes sondages rappelle que&nbsp;: <em>\u00ab&nbsp;la\npublication des sondages doit obligatoirement s&rsquo;accompagner de\ncertaines indications dont la liste a \u00e9t\u00e9 compl\u00e9t\u00e9e par la loi du\n25 avril 2016&nbsp;\u00bb<\/em>\nIl manque notamment la mention pr\u00e9cisant que tout sondage est\naffect\u00e9 d&rsquo;une marge d&rsquo;erreur et la mention indiquant le droit de\ntoute personne \u00e0 consulter la notice pr\u00e9vue par l&rsquo;article 3 de la\nloi. La commission veille \u00e0 ce que cette disposition soit\neffectivement appliqu\u00e9e.&nbsp; <em>\u00ab&nbsp;Cette\nr\u00e8gle a une cons\u00e9quence importante : \u00e0 d\u00e9faut des mentions\nimpos\u00e9es par la loi, la publication d&rsquo;un sondage est irr\u00e9guli\u00e8re&nbsp;\u00bb.<\/em>\nDe plus ce sondage n\u2019apporte aucune information int\u00e9ressante sur\nle sentiment d\u2019ins\u00e9curit\u00e9 \u00e0 Grenoble qu\u2019on ne peut pas saisir\net \u00e9tudier avec seulement 3 questions bateaux. Le sentiment\nd\u2019ins\u00e9curit\u00e9 des Grenoblois est inf\u00e9rieur \u00e0 ce qu\u2019indique le\ndernier Barom\u00e8tre FIDUCIAL de la S\u00e9curit\u00e9 r\u00e9alis\u00e9 par ODOXA, en\njuillet 2020 pour le niveau national, barom\u00e8tre beaucoup plus\nd\u00e9taill\u00e9 et s\u00e9rieux o\u00f9 68 % des fran\u00e7ais d\u00e9clarent se sentir en\nins\u00e9curit\u00e9 alors que ce ne sont que 47 % des Grenoblois.<\/p>\n\n\n\n<p>\nLes r\u00e9sultats des \u00e9lections\nl\u00e9gislatives partielles dont les premiers tours qui se sont d\u00e9roul\u00e9s\ndimanche 20 septembre ont vu une tr\u00e8s faible participation encore\nplus basse que d\u2019habitude, la seule information int\u00e9ressante est\nque tous les candidats \u00ab&nbsp;En Marche&nbsp;\u00bb disparaissent. C\u2019est\nun bon thermom\u00e8tre et cela n\u2019a pas train\u00e9 par la d\u00e9mission du\nn\u00b02 du parti LREM.<\/p>\n","protected":false},"excerpt":{"rendered":"<p>Il y a des \u00e9lus m\u00e9tropolitains qui ne sont pas contents du tout, ayant l\u2019impression (et m\u00eame plus) d\u2019\u00eatre les dindons de la mauvaise farce d\u00e9mocratique qui a permis la r\u00e9\u00e9lection du pr\u00e9sident Ferrari le 17 juillet \u00e0 la t\u00eate de la M\u00e9tropole. Ce sont notamment les \u00e9lu-es du groupe MTPS (M\u00e9tropole territoire de progr\u00e8s [&hellip;]<\/p>\n","protected":false},"author":1,"featured_media":0,"comment_status":"closed","ping_status":"open","sticky":false,"template":"","format":"standard","meta":{"twitterCardType":"","cardImageID":0,"cardImage":"","cardTitle":"","cardDesc":"","cardImageAlt":"","cardPlayer":"","cardPlayerWidth":0,"cardPlayerHeight":0,"cardPlayerStream":"","cardPlayerCodec":"","footnotes":""},"categories":[31,62,11],"tags":[140,110,280,54,76],"class_list":["post-17813","post","type-post","status-publish","format-standard","hentry","category-breves","category-le-rouge-le-vert-hebdo","category-politique-locale","tag-elections","tag-legislatives","tag-metropole","tag-politique-droite-gauche","tag-securite"],"_links":{"self":[{"href":"https:\/\/www.ades-grenoble.org\/wordpress\/wp-json\/wp\/v2\/posts\/17813","targetHints":{"allow":["GET"]}}],"collection":[{"href":"https:\/\/www.ades-grenoble.org\/wordpress\/wp-json\/wp\/v2\/posts"}],"about":[{"href":"https:\/\/www.ades-grenoble.org\/wordpress\/wp-json\/wp\/v2\/types\/post"}],"author":[{"embeddable":true,"href":"https:\/\/www.ades-grenoble.org\/wordpress\/wp-json\/wp\/v2\/users\/1"}],"replies":[{"embeddable":true,"href":"https:\/\/www.ades-grenoble.org\/wordpress\/wp-json\/wp\/v2\/comments?post=17813"}],"version-history":[{"count":5,"href":"https:\/\/www.ades-grenoble.org\/wordpress\/wp-json\/wp\/v2\/posts\/17813\/revisions"}],"predecessor-version":[{"id":17844,"href":"https:\/\/www.ades-grenoble.org\/wordpress\/wp-json\/wp\/v2\/posts\/17813\/revisions\/17844"}],"wp:attachment":[{"href":"https:\/\/www.ades-grenoble.org\/wordpress\/wp-json\/wp\/v2\/media?parent=17813"}],"wp:term":[{"taxonomy":"category","embeddable":true,"href":"https:\/\/www.ades-grenoble.org\/wordpress\/wp-json\/wp\/v2\/categories?post=17813"},{"taxonomy":"post_tag","embeddable":true,"href":"https:\/\/www.ades-grenoble.org\/wordpress\/wp-json\/wp\/v2\/tags?post=17813"}],"curies":[{"name":"wp","href":"https:\/\/api.w.org\/{rel}","templated":true}]}}