{"id":17848,"date":"2020-10-02T14:59:33","date_gmt":"2020-10-02T12:59:33","guid":{"rendered":"https:\/\/www.ades-grenoble.org\/wordpress\/?p=17848"},"modified":"2020-10-03T09:38:29","modified_gmt":"2020-10-03T07:38:29","slug":"diverses-informations-et-actualites","status":"publish","type":"post","link":"https:\/\/www.ades-grenoble.org\/wordpress\/2020\/10\/02\/diverses-informations-et-actualites\/","title":{"rendered":"Diverses informations et actualit\u00e9s"},"content":{"rendered":"\n<div class=\"wp-block-image\"><figure class=\"alignleft\"><img loading=\"lazy\" decoding=\"async\" width=\"351\" height=\"292\" src=\"https:\/\/www.ades-grenoble.org\/wordpress\/wp-content\/uploads\/2020\/06\/logo-journal.jpg\" alt=\"\" class=\"wp-image-17520\" srcset=\"https:\/\/www.ades-grenoble.org\/wordpress\/wp-content\/uploads\/2020\/06\/logo-journal.jpg 351w, https:\/\/www.ades-grenoble.org\/wordpress\/wp-content\/uploads\/2020\/06\/logo-journal-150x125.jpg 150w, https:\/\/www.ades-grenoble.org\/wordpress\/wp-content\/uploads\/2020\/06\/logo-journal-300x250.jpg 300w\" sizes=\"auto, (max-width: 351px) 100vw, 351px\" \/><\/figure><\/div>\n\n\n\n<p><strong><a href=\"https:\/\/www.secourspopulaire.fr\/sites\/default\/files\/atoms\/files\/secours_populaire_baro_pauvrete_sept_2020_v4_version_web_spf.pdf\" target=\"_blank\" rel=\"noreferrer noopener\" aria-label=\"Enqu\u00eate du Secours Populaire sur l\u2019\u00e9volution de la pauvret\u00e9 (s\u2019ouvre dans un nouvel onglet)\">Enqu\u00eate du Secours Populaire sur l\u2019\u00e9volution de la pauvret\u00e9<\/a>&nbsp;:<\/strong> <em>\u00ab&nbsp;La crise sanitaire a plong\u00e9 dans la pr\u00e9carit\u00e9 des millions de personnes, du jour au lendemain. Cette crise sociale sans pr\u00e9c\u00e9dent se poursuit, six mois apr\u00e8s les trois coups du confinement. C\u2019est ce que montre la nouvelle \u00e9dition du barom\u00e8tre&nbsp;Ipsos \/ Secours populaire de la pauvret\u00e9.&nbsp;\u00bb<\/em><\/p>\n\n\n\n<hr class=\"wp-block-separator\"\/>\n\n\n\n<p><strong><a href=\"http:\/\/www.senat.fr\/notice-rapport\/2019\/r19-711-notice.html\" target=\"_blank\" rel=\"noreferrer noopener\" aria-label=\"Rapport de la&nbsp;Mission d\u2019information du S\u00e9nat sur la fracture num\u00e9rique (s\u2019ouvre dans un nouvel onglet)\">Rapport de la&nbsp;Mission d\u2019information du S\u00e9nat sur la fracture num\u00e9rique<\/a><\/strong> : \u00ab&nbsp;<em>La lutte contre l&rsquo;illectronisme et pour l&rsquo;inclusion num\u00e9rique<\/em>&nbsp;\u00bb. Il faudrait 4 fois plus de moyens financiers que ce que pr\u00e9voit le plan de relance&nbsp;: <\/p>\n\n\n\n<!--more-->\n\n\n\n<hr class=\"wp-block-separator\"\/>\n\n\n\n<p><strong>La fraude\nsociale&nbsp;est \u00e9tudi\u00e9e par diff\u00e9rentes institutions<\/strong>&nbsp;:<\/p>\n\n\n\n<p>&#8211; La Cour des comptes \u00e0 la demande du S\u00e9nat publie <a href=\"https:\/\/www.ccomptes.fr\/system\/files\/2020-09\/20200908-rapport-Lutte-contre-fraudes-prestations-sociales_0.pdf\" target=\"_blank\" rel=\"noreferrer noopener\" aria-label=\"un rapport sur la fraude sociale (s\u2019ouvre dans un nouvel onglet)\">un rapport sur la fraude sociale<\/a>, mais reconnait qu\u2019elle est dans l\u2019incapacit\u00e9 \u00e0 en donner une estimation fiable. Elle indique qu\u2019<em>&nbsp;\u00ab&nbsp;au titre des prestations vers\u00e9es en 2018, la Cnaf estime la fraude, d\u00e9tect\u00e9e ou non, \u00e0 2,3 Md\u20ac, soit 3,2 % du montant des prestations vers\u00e9es. Cette fraude se concentre sur le RSA, la prime d\u2019activit\u00e9 et les aides au logement, les prestations familiales \u00e9tant moins touch\u00e9es&nbsp;\u00bb. <\/em><\/p>\n\n\n\n<p>&#8211; L\u2019Assembl\u00e9e nationale publie <a href=\"http:\/\/www.assemblee-nationale.fr\/dyn\/15\/rapports\/cefrausoc\/l15b3300-t1_rapport-enquete.pdf\" target=\"_blank\" rel=\"noreferrer noopener\" aria-label=\"un rapport d'enqu\u00eate relatif \u00e0 la lutte contre les fraudes aux prestations sociales (s\u2019ouvre dans un nouvel onglet)\">un rapport d&rsquo;enqu\u00eate relatif \u00e0 la lutte contre les fraudes aux prestations sociales<\/a>. Il ne s&rsquo;attarde pas sur la question quasi-insoluble de l&rsquo;estimation du volume de la fraude sociale. Il se concentre sur les solutions op\u00e9rationnelles susceptibles de l&rsquo;endiguer, en ciblant les principaux risques : fraude documentaire (falsification de documents), fraude \u00e0 l&rsquo;identit\u00e9, failles du dispositif d&rsquo;immatriculation \u00e0 l&rsquo;\u00e9tranger, mais aussi fraudes en bande organis\u00e9e qui alimentent les organisations criminelles et terroristes.<\/p>\n\n\n\n<hr class=\"wp-block-separator\"\/>\n\n\n\n<p>&#8211; <strong><em>\u00ab&nbsp;Enqu\u00eate nationale mobilit\u00e9 et modes de vie 2020&nbsp;\u00bb<\/em><\/strong> par le <em>Forum vies mobiles. <\/em>Enqu\u00eate d\u00e9taill\u00e9e dans les 13 r\u00e9gions. Voir par exemple <a href=\"https:\/\/www.actu-environnement.com\/media\/pdf\/news-35081-Enquete-mobilite-francais-forum-vie-mobiles-2020.pdf\" target=\"_blank\" rel=\"noreferrer noopener\" aria-label=\"ici (s\u2019ouvre dans un nouvel onglet)\">ici<\/a> sur le site.<\/p>\n","protected":false},"excerpt":{"rendered":"<p>Enqu\u00eate du Secours Populaire sur l\u2019\u00e9volution de la pauvret\u00e9&nbsp;: \u00ab&nbsp;La crise sanitaire a plong\u00e9 dans la pr\u00e9carit\u00e9 des millions de personnes, du jour au lendemain. Cette crise sociale sans pr\u00e9c\u00e9dent se poursuit, six mois apr\u00e8s les trois coups du confinement. C\u2019est ce que montre la nouvelle \u00e9dition du barom\u00e8tre&nbsp;Ipsos \/ Secours populaire de la pauvret\u00e9.&nbsp;\u00bb [&hellip;]<\/p>\n","protected":false},"author":1,"featured_media":0,"comment_status":"closed","ping_status":"open","sticky":false,"template":"","format":"standard","meta":{"twitterCardType":"","cardImageID":0,"cardImage":"","cardTitle":"","cardDesc":"","cardImageAlt":"","cardPlayer":"","cardPlayerWidth":0,"cardPlayerHeight":0,"cardPlayerStream":"","cardPlayerCodec":"","footnotes":""},"categories":[62,11],"tags":[5,247,181,33],"class_list":["post-17848","post","type-post","status-publish","format-standard","hentry","category-le-rouge-le-vert-hebdo","category-politique-locale","tag-deplacements","tag-parlement","tag-precarite","tag-social"],"_links":{"self":[{"href":"https:\/\/www.ades-grenoble.org\/wordpress\/wp-json\/wp\/v2\/posts\/17848","targetHints":{"allow":["GET"]}}],"collection":[{"href":"https:\/\/www.ades-grenoble.org\/wordpress\/wp-json\/wp\/v2\/posts"}],"about":[{"href":"https:\/\/www.ades-grenoble.org\/wordpress\/wp-json\/wp\/v2\/types\/post"}],"author":[{"embeddable":true,"href":"https:\/\/www.ades-grenoble.org\/wordpress\/wp-json\/wp\/v2\/users\/1"}],"replies":[{"embeddable":true,"href":"https:\/\/www.ades-grenoble.org\/wordpress\/wp-json\/wp\/v2\/comments?post=17848"}],"version-history":[{"count":2,"href":"https:\/\/www.ades-grenoble.org\/wordpress\/wp-json\/wp\/v2\/posts\/17848\/revisions"}],"predecessor-version":[{"id":17871,"href":"https:\/\/www.ades-grenoble.org\/wordpress\/wp-json\/wp\/v2\/posts\/17848\/revisions\/17871"}],"wp:attachment":[{"href":"https:\/\/www.ades-grenoble.org\/wordpress\/wp-json\/wp\/v2\/media?parent=17848"}],"wp:term":[{"taxonomy":"category","embeddable":true,"href":"https:\/\/www.ades-grenoble.org\/wordpress\/wp-json\/wp\/v2\/categories?post=17848"},{"taxonomy":"post_tag","embeddable":true,"href":"https:\/\/www.ades-grenoble.org\/wordpress\/wp-json\/wp\/v2\/tags?post=17848"}],"curies":[{"name":"wp","href":"https:\/\/api.w.org\/{rel}","templated":true}]}}