{"id":17853,"date":"2020-10-02T15:06:05","date_gmt":"2020-10-02T13:06:05","guid":{"rendered":"https:\/\/www.ades-grenoble.org\/wordpress\/?p=17853"},"modified":"2020-10-02T15:30:11","modified_gmt":"2020-10-02T13:30:11","slug":"distribution-delectricite-le-role-majeur-des-collectivites","status":"publish","type":"post","link":"https:\/\/www.ades-grenoble.org\/wordpress\/2020\/10\/02\/distribution-delectricite-le-role-majeur-des-collectivites\/","title":{"rendered":"Distribution d&rsquo;\u00e9lectricit\u00e9, le r\u00f4le majeur des collectivit\u00e9s"},"content":{"rendered":"\n<div class=\"wp-block-image\"><figure class=\"alignleft\"><img loading=\"lazy\" decoding=\"async\" width=\"202\" height=\"116\" src=\"https:\/\/www.ades-grenoble.org\/wordpress\/wp-content\/uploads\/2018\/01\/fnccr.jpg\" alt=\"\" class=\"wp-image-13858\" srcset=\"https:\/\/www.ades-grenoble.org\/wordpress\/wp-content\/uploads\/2018\/01\/fnccr.jpg 202w, https:\/\/www.ades-grenoble.org\/wordpress\/wp-content\/uploads\/2018\/01\/fnccr-150x86.jpg 150w\" sizes=\"auto, (max-width: 202px) 100vw, 202px\" \/><\/figure><\/div>\n\n\n\n<p>Un projet d\u2019ordonnance\ninqui\u00e8te les collectivit\u00e9s qui sont autorit\u00e9s organisatrices de la distribution\nd\u2019\u00e9lectricit\u00e9 (AODE). Il s\u2019agit de transposer une r\u00e9cente directive europ\u00e9enne.\nMais le gouvernement ne consulte pas les collectivit\u00e9s \u00e0 ce sujet. Encore une\nm\u00e9thode jupit\u00e9rienne.<\/p>\n\n\n\n<p>Pour la F\u00e9d\u00e9ration nationale\ndes collectivit\u00e9s conc\u00e9dantes et r\u00e9gies (FNCCR \u2013 Territoire d\u2019\u00e9nergie) qui a eu\nacc\u00e8s au projet d\u2019ordonnance, il y a une remise en cause de la gouvernance des\ninvestissements d\u00e9di\u00e9s aux r\u00e9seaux de distribution d\u2019\u00e9lectricit\u00e9,&nbsp;<em>\u00ab&nbsp;qui\nmenace la capacit\u00e9 des collectivit\u00e9s \u00e0 assurer pleinement leur r\u00f4le d\u2019autorit\u00e9\nconc\u00e9dante, \u00e0 planifier localement les investissements et, plus largement, \u00e0\nmettre en \u0153uvre la transition \u00e9nerg\u00e9tique dans les territoires.&nbsp;\u00bb<\/em><\/p>\n\n\n\n<p>Dans <a href=\"http:\/\/www.fnccr.asso.fr\/article\/la-fnccr-defend-le-role-majeur-des-collectivites\/\" target=\"_blank\" rel=\"noreferrer noopener\" aria-label=\"un communiqu\u00e9 du 10 septembre la FNCCR (s\u2019ouvre dans un nouvel onglet)\">un communiqu\u00e9 du 10 septembre la FNCCR<\/a> s\u2019adresse au gouvernement, mais elle oublie qu\u2019il n\u2019y a pas qu\u2019Enedis qui g\u00e8re les r\u00e9seaux, il y a les distributeurs non nationalis\u00e9s comme GEG.<\/p>\n\n\n\n<!--more-->\n\n\n\n<p><em>\u00ab&nbsp;Soucieuse de\npr\u00e9server le service public local de distribution d\u2019\u00e9nergie et consciente du\nr\u00f4le primordial des \u00e9lus locaux, la FNCCR, par la voix de son Pr\u00e9sident, Xavier\nPINTAT, a alert\u00e9 le Premier Ministre des risques encourus avec l\u2019adoption de\nl\u2019ordonnance en l\u2019\u00e9tat.<\/em><\/p>\n\n\n\n<p><em>Pour la FNCCR, le texte va\n\u00e0 l\u2019encontre de la relation \u00e9tablie entre les AODE et Enedis notamment,&nbsp;le\ngestionnaire du r\u00e9seau de distribution en monopole (GRD) : \u00ab&nbsp;Le nouveau\nmod\u00e8le de contrat de concession, en cours d\u2019adoption sur l\u2019ensemble du\nterritoire, donne une place centrale aux nouveaux sch\u00e9mas directeurs et\nprogrammes pluriannuels d\u2019investissement coconstruits entre l\u2019autorit\u00e9\nconc\u00e9dante et Enedis.&nbsp;\u00bb<\/em><\/p>\n\n\n\n<p><em>Le projet ne pr\u00e9voit pas\nla consultation des collectivit\u00e9s, en leur qualit\u00e9 d\u2019autorit\u00e9s locales\ncomp\u00e9tentes, propri\u00e9taires des r\u00e9seaux de distribution d\u2019\u00e9lectricit\u00e9. Pour\nXavier PINTAT, \u00ab&nbsp;Cela remettrait en cause le r\u00f4le m\u00eame des \u00e9lus, de la\nd\u00e9mocratie locale, au profit d\u2019une logique purement technocratique et\ncentralis\u00e9e.&nbsp;Il en va de la r\u00e9elle capacit\u00e9 des territoires \u00e0 engager la\ntransition \u00e9nerg\u00e9tique avec une parfaite connaissance des enjeux locaux.\nL\u2019am\u00e9nagement du territoire ne se fera pas sans les territoires&nbsp;!\u00bb<\/em><\/p>\n\n\n\n<p><em>Pour la FNCCR, le texte\ndoit reconna\u00eetre aux AODE la place essentielle qu\u2019elles occupent tout en\npermettant \u00e0 la CRE d\u2019exercer sa nouvelle mission. La r\u00e9gulation locale des\nAODE, acteurs de terrain, doit \u00eatre pr\u00e9serv\u00e9e, notamment gr\u00e2ce aux mesures\nsuivantes propos\u00e9es par la f\u00e9d\u00e9ration&nbsp;:<\/em><\/p>\n\n\n\n<p><em>Les plans pr\u00e9sent\u00e9s par\nles GRD \u00e0 la CRE doivent concerner uniquement les investissements dont ils sont\nma\u00eetres d\u2019ouvrage, \u00e0 l\u2019exclusion de ceux qui rel\u00e8vent de la ma\u00eetrise d\u2019ouvrage\nde leurs AODE ;<\/em><\/p>\n\n\n\n<p><em>Le plan de d\u00e9veloppement\nde r\u00e9seau doit comprendre les investissements class\u00e9s par nature ou par\nfinalit\u00e9 et seulement en masse d\u00e9partementale (ou par maille r\u00e9gionale ou\nnationale), de fa\u00e7on \u00e0 pr\u00e9server la possibilit\u00e9 pour les AODE de continuer \u00e0\nd\u00e9finir contractuellement la politique d\u2019investissement au niveau de leurs\nconcessions. &nbsp;A l\u2019\u00e9chelle du d\u00e9partement, le plan de d\u00e9veloppement doit\ntenir compte des r\u00e9sultats des conf\u00e9rences d\u00e9partementales annuelles pr\u00e9vues\npar l\u2019article L 2224-31 du Code g\u00e9n\u00e9ral des collectivit\u00e9s territoriales.<\/em><\/p>\n\n\n\n<p><em>Les GRD concern\u00e9s doivent \u00e9galement soumettre leur plan de d\u00e9veloppement au Comit\u00e9 du syst\u00e8me de la distribution publique d\u2019\u00e9lectricit\u00e9, institu\u00e9 par une loi de 2015, parall\u00e8lement \u00e0 la transmission \u00e0 la CRE.\u00a0\u00bb<\/em><a href=\"http:\/\/www.fnccr.asso.fr\/article\/la-fnccr-defend-le-role-majeur-des-collectivites\/\"><\/a><\/p>\n","protected":false},"excerpt":{"rendered":"<p>Un projet d\u2019ordonnance inqui\u00e8te les collectivit\u00e9s qui sont autorit\u00e9s organisatrices de la distribution d\u2019\u00e9lectricit\u00e9 (AODE). Il s\u2019agit de transposer une r\u00e9cente directive europ\u00e9enne. Mais le gouvernement ne consulte pas les collectivit\u00e9s \u00e0 ce sujet. Encore une m\u00e9thode jupit\u00e9rienne. Pour la F\u00e9d\u00e9ration nationale des collectivit\u00e9s conc\u00e9dantes et r\u00e9gies (FNCCR \u2013 Territoire d\u2019\u00e9nergie) qui a eu acc\u00e8s [&hellip;]<\/p>\n","protected":false},"author":1,"featured_media":0,"comment_status":"closed","ping_status":"open","sticky":false,"template":"","format":"standard","meta":{"twitterCardType":"","cardImageID":0,"cardImage":"","cardTitle":"","cardDesc":"","cardImageAlt":"","cardPlayer":"","cardPlayerWidth":0,"cardPlayerHeight":0,"cardPlayerStream":"","cardPlayerCodec":"","footnotes":""},"categories":[62,11],"tags":[226,235],"class_list":["post-17853","post","type-post","status-publish","format-standard","hentry","category-le-rouge-le-vert-hebdo","category-politique-locale","tag-collectivites","tag-energie"],"_links":{"self":[{"href":"https:\/\/www.ades-grenoble.org\/wordpress\/wp-json\/wp\/v2\/posts\/17853","targetHints":{"allow":["GET"]}}],"collection":[{"href":"https:\/\/www.ades-grenoble.org\/wordpress\/wp-json\/wp\/v2\/posts"}],"about":[{"href":"https:\/\/www.ades-grenoble.org\/wordpress\/wp-json\/wp\/v2\/types\/post"}],"author":[{"embeddable":true,"href":"https:\/\/www.ades-grenoble.org\/wordpress\/wp-json\/wp\/v2\/users\/1"}],"replies":[{"embeddable":true,"href":"https:\/\/www.ades-grenoble.org\/wordpress\/wp-json\/wp\/v2\/comments?post=17853"}],"version-history":[{"count":1,"href":"https:\/\/www.ades-grenoble.org\/wordpress\/wp-json\/wp\/v2\/posts\/17853\/revisions"}],"predecessor-version":[{"id":17854,"href":"https:\/\/www.ades-grenoble.org\/wordpress\/wp-json\/wp\/v2\/posts\/17853\/revisions\/17854"}],"wp:attachment":[{"href":"https:\/\/www.ades-grenoble.org\/wordpress\/wp-json\/wp\/v2\/media?parent=17853"}],"wp:term":[{"taxonomy":"category","embeddable":true,"href":"https:\/\/www.ades-grenoble.org\/wordpress\/wp-json\/wp\/v2\/categories?post=17853"},{"taxonomy":"post_tag","embeddable":true,"href":"https:\/\/www.ades-grenoble.org\/wordpress\/wp-json\/wp\/v2\/tags?post=17853"}],"curies":[{"name":"wp","href":"https:\/\/api.w.org\/{rel}","templated":true}]}}