{"id":17859,"date":"2020-10-02T15:14:24","date_gmt":"2020-10-02T13:14:24","guid":{"rendered":"https:\/\/www.ades-grenoble.org\/wordpress\/?p=17859"},"modified":"2020-10-02T15:30:27","modified_gmt":"2020-10-02T13:30:27","slug":"la-mnei-change-et-va-devenir-le-pole-environnement-nature","status":"publish","type":"post","link":"https:\/\/www.ades-grenoble.org\/wordpress\/2020\/10\/02\/la-mnei-change-et-va-devenir-le-pole-environnement-nature\/","title":{"rendered":"La MNEI change et va devenir le \u00ab P\u00f4le Environnement Nature \u00bb"},"content":{"rendered":"\n<div class=\"wp-block-image\"><figure class=\"alignleft\"><img loading=\"lazy\" decoding=\"async\" width=\"165\" height=\"140\" src=\"https:\/\/www.ades-grenoble.org\/wordpress\/wp-content\/uploads\/2015\/09\/mnei.jpg\" alt=\"\" class=\"wp-image-10719\" srcset=\"https:\/\/www.ades-grenoble.org\/wordpress\/wp-content\/uploads\/2015\/09\/mnei.jpg 165w, https:\/\/www.ades-grenoble.org\/wordpress\/wp-content\/uploads\/2015\/09\/mnei-150x127.jpg 150w\" sizes=\"auto, (max-width: 165px) 100vw, 165px\" \/><\/figure><\/div>\n\n\n\n<p>Lors de son assembl\u00e9e g\u00e9n\u00e9rale du 16 septembre, <a href=\"https:\/\/www.mnei.fr\/\" target=\"_blank\" rel=\"noreferrer noopener\" aria-label=\"la Maison de la Nature et de l\u2019Environnement de l\u2019Is\u00e8re (MNEI) (s\u2019ouvre dans un nouvel onglet)\">la Maison de la Nature et de l\u2019Environnement de l\u2019Is\u00e8re (MNEI)<\/a> a d\u00e9cid\u00e9 de changements importants dans sa gouvernance qui va devenir coll\u00e9giale et dans ses missions, tout en conservant ses missions historiques (diffusion de la culture environnementale et h\u00e9bergement des associations), elle entend aider aux prises de conscience du d\u00e9fi climatique qui va bouleverser la vie sur la plan\u00e8te.<\/p>\n\n\n\n<p><em>\u00ab&nbsp;Les derni\u00e8res\nann\u00e9es ont vu s\u2019acc\u00e9l\u00e9rer des ph\u00e9nom\u00e8nes extr\u00eames. Bouleversements climatiques,\npand\u00e9mies, feux gigantesques, s\u00e9cheresses in\u00e9dites, perte de la biodiversit\u00e9 se\nsucc\u00e8dent\u2026 <\/em><\/p>\n\n\n\n<p><em>Bien que cela fasse 35 ans\nque la MNEI et ses associations \u0153uvrent \u00e0 la prise de conscience de ces enjeux\nmajeurs certains voudraient encore ignorer ces signaux d\u2019alarme et continuer\ncomme si de rien n\u2019\u00e9tait. <\/em><\/p>\n\n\n\n<!--more-->\n\n\n\n<p><em>Les r\u00e9centes consultations\nont mis en \u00e9vidence une volont\u00e9 de changement d\u2019une part importante de la\npopulation. <\/em><\/p>\n\n\n\n<p><em>C\u2019est un signe fort qui\ndoit nous encourager \u00e0 poursuivre nos efforts de sensibilisation et d\u2019accompagnement\naux changements.<\/em><\/p>\n\n\n\n<p><em>Ces changements que nous\nappelons de nos v\u0153ux, nous avons voulu les op\u00e9rer dans la structure MNEI. <\/em><\/p>\n\n\n\n<p><em>En effet apr\u00e8s les\nd\u00e9boires de 2016, une r\u00e9flexion a \u00e9t\u00e9 initi\u00e9e sur la n\u00e9cessit\u00e9 de faire \u00e9voluer\nla MNEI et ses missions. <\/em><\/p>\n\n\n\n<p><em>Apr\u00e8s 18 mois de travaux,\nun nouveau projet associatif a vu le jour et pour le d\u00e9ployer, les statuts ont\n\u00e9t\u00e9 modifi\u00e9s et approuv\u00e9s lors de l&nbsp;\u2018Assembl\u00e9e G\u00e9n\u00e9rale Extraordinaire du\n16 septembre 2020.<\/em><\/p>\n\n\n\n<p><em>Si les missions historiques\nd\u2019h\u00e9bergement des associations et de diffusion de la culture environnementale\nsont maintenues, elles sont reformul\u00e9es et compl\u00e9t\u00e9es pour mieux r\u00e9pondre aux\nd\u00e9fis que nous devons affronter. <\/em><\/p>\n\n\n\n<p><em>L\u2019urgence nous impose\nd\u2019\u00eatre plus volontaristes pour toucher un plus large public en lui donnant les\noutils de la compr\u00e9hension et ceux de la concr\u00e9tisation du changement. Nous\npr\u00e9cisons \u00e9galement notre p\u00e9rim\u00e8tre d\u2019intervention.<\/em><\/p>\n\n\n\n<p><em>La gouvernance \u00e9volue\n\u00e9galement avec la mise en place d\u2019une direction coll\u00e9giale en lieu et place\nd\u2019un bureau classique. <\/em><\/p>\n\n\n\n<p><em>Autre nouveaut\u00e9, nous\noffrons au public la possibilit\u00e9 d\u2019adh\u00e9rer et d\u2019\u00eatre repr\u00e9sent\u00e9 au conseil\nd\u2019administration et de participer aux choix strat\u00e9giques de la MNEI.<\/em><\/p>\n\n\n\n<p><em>Changements aussi du c\u00f4t\u00e9\ndu personnel de la maison. <\/em><\/p>\n\n\n\n<p><em>La baisse drastique de\nsubvention de la R\u00e9gion en 2019-2020 a fortement impact\u00e9 la MNEI et son\npersonnel, conduisant malheureusement \u00e0 deux licenciements&nbsp;: apr\u00e8s 20\nann\u00e9es d\u2019infographie \u00e0 la MNEI C\u00e9cile BASSET et Rachel JULIEN, charg\u00e9e de\nprojet depuis 7 ans, ont du quitter la MNEI cette ann\u00e9e. <\/em><\/p>\n\n\n\n<p><em>Nous les remercions de\nnous avoir accompagn\u00e9s toutes ces ann\u00e9es et leur souhaitons de tout c\u0153ur de s\u2019\u00e9panouir\npleinement dans de nouvelles activit\u00e9s professionnelles et personnelles. <\/em><\/p>\n\n\n\n<p><em>Pour renforcer et soutenir\nl\u2019\u00e9quipe dans cette p\u00e9riode complexe et mettre en musique les changements li\u00e9s\nau nouveau projet associatif, la MNEI a recrut\u00e9 Anne-Lise NAIZOT d\u00e9but\nseptembre au poste de directrice. Elle a mission, entres autres, de mettre en\nplace le projet associatif et d\u2019animer le r\u00e9seau MNEI.<\/em><\/p>\n\n\n\n<p><em>Enfin, nous changerons\nprochainement de nom pour prendre la d\u00e9nomination de P\u00f4le Environnement Nature\nafin d\u2019affirmer que l\u2019environnement et la nature sont deux composantes dans la\nn\u00e9cessaire transition \/transformation qui inclut aussi l\u2019\u00c9conomie Sociale et\nSolidaire.<\/em><\/p>\n\n\n\n<p><em>A tr\u00e8s vite donc au P\u00f4le\nEnvironnement Nature&nbsp;!<\/em><\/p>\n\n\n\n<p><em>Philippe Zanolla<\/em><\/p>\n\n\n\n<p><em>Pr\u00e9sident de la MNEI&nbsp;\u00bb<\/em><\/p>\n","protected":false},"excerpt":{"rendered":"<p>Lors de son assembl\u00e9e g\u00e9n\u00e9rale du 16 septembre, la Maison de la Nature et de l\u2019Environnement de l\u2019Is\u00e8re (MNEI) a d\u00e9cid\u00e9 de changements importants dans sa gouvernance qui va devenir coll\u00e9giale et dans ses missions, tout en conservant ses missions historiques (diffusion de la culture environnementale et h\u00e9bergement des associations), elle entend aider aux prises [&hellip;]<\/p>\n","protected":false},"author":1,"featured_media":0,"comment_status":"closed","ping_status":"open","sticky":false,"template":"","format":"standard","meta":{"twitterCardType":"","cardImageID":0,"cardImage":"","cardTitle":"","cardDesc":"","cardImageAlt":"","cardPlayer":"","cardPlayerWidth":0,"cardPlayerHeight":0,"cardPlayerStream":"","cardPlayerCodec":"","footnotes":""},"categories":[62,11],"tags":[175,288,144],"class_list":["post-17859","post","type-post","status-publish","format-standard","hentry","category-le-rouge-le-vert-hebdo","category-politique-locale","tag-environnement","tag-isere","tag-nature"],"_links":{"self":[{"href":"https:\/\/www.ades-grenoble.org\/wordpress\/wp-json\/wp\/v2\/posts\/17859","targetHints":{"allow":["GET"]}}],"collection":[{"href":"https:\/\/www.ades-grenoble.org\/wordpress\/wp-json\/wp\/v2\/posts"}],"about":[{"href":"https:\/\/www.ades-grenoble.org\/wordpress\/wp-json\/wp\/v2\/types\/post"}],"author":[{"embeddable":true,"href":"https:\/\/www.ades-grenoble.org\/wordpress\/wp-json\/wp\/v2\/users\/1"}],"replies":[{"embeddable":true,"href":"https:\/\/www.ades-grenoble.org\/wordpress\/wp-json\/wp\/v2\/comments?post=17859"}],"version-history":[{"count":1,"href":"https:\/\/www.ades-grenoble.org\/wordpress\/wp-json\/wp\/v2\/posts\/17859\/revisions"}],"predecessor-version":[{"id":17860,"href":"https:\/\/www.ades-grenoble.org\/wordpress\/wp-json\/wp\/v2\/posts\/17859\/revisions\/17860"}],"wp:attachment":[{"href":"https:\/\/www.ades-grenoble.org\/wordpress\/wp-json\/wp\/v2\/media?parent=17859"}],"wp:term":[{"taxonomy":"category","embeddable":true,"href":"https:\/\/www.ades-grenoble.org\/wordpress\/wp-json\/wp\/v2\/categories?post=17859"},{"taxonomy":"post_tag","embeddable":true,"href":"https:\/\/www.ades-grenoble.org\/wordpress\/wp-json\/wp\/v2\/tags?post=17859"}],"curies":[{"name":"wp","href":"https:\/\/api.w.org\/{rel}","templated":true}]}}