{"id":17868,"date":"2020-10-02T15:29:35","date_gmt":"2020-10-02T13:29:35","guid":{"rendered":"https:\/\/www.ades-grenoble.org\/wordpress\/?p=17868"},"modified":"2020-10-02T15:31:52","modified_gmt":"2020-10-02T13:31:52","slug":"budget-participatif-on-vote-du-3-octobre-au-7-novembre","status":"publish","type":"post","link":"https:\/\/www.ades-grenoble.org\/wordpress\/2020\/10\/02\/budget-participatif-on-vote-du-3-octobre-au-7-novembre\/","title":{"rendered":"Budget participatif : on vote du 3 octobre au 7 novembre"},"content":{"rendered":"\n<div class=\"wp-block-image\"><figure class=\"alignleft\"><img loading=\"lazy\" decoding=\"async\" width=\"243\" height=\"244\" src=\"https:\/\/www.ades-grenoble.org\/wordpress\/wp-content\/uploads\/2015\/09\/budget-participatif.jpg\" alt=\"\" class=\"wp-image-10623\" srcset=\"https:\/\/www.ades-grenoble.org\/wordpress\/wp-content\/uploads\/2015\/09\/budget-participatif.jpg 243w, https:\/\/www.ades-grenoble.org\/wordpress\/wp-content\/uploads\/2015\/09\/budget-participatif-150x150.jpg 150w, https:\/\/www.ades-grenoble.org\/wordpress\/wp-content\/uploads\/2015\/09\/budget-participatif-144x144.jpg 144w\" sizes=\"auto, (max-width: 243px) 100vw, 243px\" \/><\/figure><\/div>\n\n\n\n<p>Du 3 octobre au 7 novembre les habitants de Grenoble\nde plus de 16 ans pourront voter pour choisir quels seront les projets qui\nseront choisis parmi les 29 projets qui ont \u00e9t\u00e9 pr\u00e9s\u00e9lectionn\u00e9s le 5 septembre.<\/p>\n\n\n\n<p>Pour retrouver les 29 projets voir <a href=\"https:\/\/www.grenoble.fr\/1898-les-projets-soumis-au-vote-en-2020.htm\" target=\"_blank\" rel=\"noreferrer noopener\" aria-label=\"ici (s\u2019ouvre dans un nouvel onglet)\">ici<\/a>. <\/p>\n\n\n\n<p>&nbsp;Le vote peut se faire&nbsp;: <\/p>\n\n\n\n<ul class=\"wp-block-list\"><li>en ligne sur <a href=\"http:\/\/www.budgetparticipatif.grenoble.fr\" target=\"_blank\" rel=\"noreferrer noopener\" aria-label=\"le site internet de la ville (s\u2019ouvre dans un nouvel onglet)\">le site internet de la ville<\/a><\/li><li>dans une des urnes mobiles qui circuleront en ville durant toute la p\u00e9riode du vote<\/li><li>dans les Maisons des Habitants durant la semaine du 2 au 7 novembre <\/li><\/ul>\n","protected":false},"excerpt":{"rendered":"<p>Du 3 octobre au 7 novembre les habitants de Grenoble de plus de 16 ans pourront voter pour choisir quels seront les projets qui seront choisis parmi les 29 projets qui ont \u00e9t\u00e9 pr\u00e9s\u00e9lectionn\u00e9s le 5 septembre. Pour retrouver les 29 projets voir ici. &nbsp;Le vote peut se faire&nbsp;: en ligne sur le site internet [&hellip;]<\/p>\n","protected":false},"author":1,"featured_media":0,"comment_status":"closed","ping_status":"open","sticky":false,"template":"","format":"standard","meta":{"twitterCardType":"","cardImageID":0,"cardImage":"","cardTitle":"","cardDesc":"","cardImageAlt":"","cardPlayer":"","cardPlayerWidth":0,"cardPlayerHeight":0,"cardPlayerStream":"","cardPlayerCodec":"","footnotes":""},"categories":[62,11],"tags":[270,272,140,215],"class_list":["post-17868","post","type-post","status-publish","format-standard","hentry","category-le-rouge-le-vert-hebdo","category-politique-locale","tag-budget","tag-citoyennete","tag-elections","tag-grenoble"],"_links":{"self":[{"href":"https:\/\/www.ades-grenoble.org\/wordpress\/wp-json\/wp\/v2\/posts\/17868","targetHints":{"allow":["GET"]}}],"collection":[{"href":"https:\/\/www.ades-grenoble.org\/wordpress\/wp-json\/wp\/v2\/posts"}],"about":[{"href":"https:\/\/www.ades-grenoble.org\/wordpress\/wp-json\/wp\/v2\/types\/post"}],"author":[{"embeddable":true,"href":"https:\/\/www.ades-grenoble.org\/wordpress\/wp-json\/wp\/v2\/users\/1"}],"replies":[{"embeddable":true,"href":"https:\/\/www.ades-grenoble.org\/wordpress\/wp-json\/wp\/v2\/comments?post=17868"}],"version-history":[{"count":2,"href":"https:\/\/www.ades-grenoble.org\/wordpress\/wp-json\/wp\/v2\/posts\/17868\/revisions"}],"predecessor-version":[{"id":17870,"href":"https:\/\/www.ades-grenoble.org\/wordpress\/wp-json\/wp\/v2\/posts\/17868\/revisions\/17870"}],"wp:attachment":[{"href":"https:\/\/www.ades-grenoble.org\/wordpress\/wp-json\/wp\/v2\/media?parent=17868"}],"wp:term":[{"taxonomy":"category","embeddable":true,"href":"https:\/\/www.ades-grenoble.org\/wordpress\/wp-json\/wp\/v2\/categories?post=17868"},{"taxonomy":"post_tag","embeddable":true,"href":"https:\/\/www.ades-grenoble.org\/wordpress\/wp-json\/wp\/v2\/tags?post=17868"}],"curies":[{"name":"wp","href":"https:\/\/api.w.org\/{rel}","templated":true}]}}