{"id":17874,"date":"2020-10-09T12:40:25","date_gmt":"2020-10-09T10:40:25","guid":{"rendered":"https:\/\/www.ades-grenoble.org\/wordpress\/?p=17874"},"modified":"2020-10-09T14:15:24","modified_gmt":"2020-10-09T12:15:24","slug":"progressivement-au-cours-des-annees-le-pic-des-naissances-se-decale-de-lhiver-en-ete","status":"publish","type":"post","link":"https:\/\/www.ades-grenoble.org\/wordpress\/2020\/10\/09\/progressivement-au-cours-des-annees-le-pic-des-naissances-se-decale-de-lhiver-en-ete\/","title":{"rendered":"Progressivement au cours des ann\u00e9es, le pic des naissances se d\u00e9cale de l\u2019hiver en \u00e9t\u00e9"},"content":{"rendered":"\n<div class=\"wp-block-image\"><figure class=\"alignleft\"><img loading=\"lazy\" decoding=\"async\" width=\"200\" height=\"231\" src=\"https:\/\/www.ades-grenoble.org\/wordpress\/wp-content\/uploads\/2019\/03\/Insee-1.jpg\" alt=\"\" class=\"wp-image-15587\" srcset=\"https:\/\/www.ades-grenoble.org\/wordpress\/wp-content\/uploads\/2019\/03\/Insee-1.jpg 200w, https:\/\/www.ades-grenoble.org\/wordpress\/wp-content\/uploads\/2019\/03\/Insee-1-130x150.jpg 130w\" sizes=\"auto, (max-width: 200px) 100vw, 200px\" \/><\/figure><\/div>\n\n\n\n<p>Le nombre de naissances\nbaisse chaque ann\u00e9e depuis cinq ans, mais \u00e0 un rythme qui ralentit au fil des\nann\u00e9es. Alors que la baisse \u00e9tait de 2,4 % en 2015, elle est pass\u00e9e \u00e0 1,9 % en\n2016 puis 1,8 % en 2017, 1,4 % en 2018 et 0,7 % en 2019. Entre 2000 et 2015, le\nnombre de naissances est rest\u00e9 sup\u00e9rieur \u00e0 790 000 chaque ann\u00e9e, avec un pic en\n2010 \u00e0 832 800 naissances. Depuis la Seconde Guerre mondiale, le nombre de\nnaissances en France m\u00e9tropolitaine n\u2019avait jamais \u00e9t\u00e9 aussi bas que deux\nann\u00e9es : en 1993 et 1994.<\/p>\n\n\n\n<p>Mais il n\u2019y a pas que le nombre de naissances qui baisse, <a href=\"https:\/\/www.insee.fr\/fr\/statistiques\/4655279\" target=\"_blank\" rel=\"noreferrer noopener\" aria-label=\"l\u2019INSEE publie une \u00e9tude intitul\u00e9e \u00ab\u00a0En un si\u00e8cle, le pic des naissances s\u2019est d\u00e9cal\u00e9 de l\u2019hiver \u00e0 l\u2019\u00e9t\u00e9 et s\u2019est att\u00e9nu\u00e9\u00a0\u00bb (s\u2019ouvre dans un nouvel onglet)\">l\u2019INSEE publie une \u00e9tude intitul\u00e9e <\/a><em><a href=\"https:\/\/www.insee.fr\/fr\/statistiques\/4655279\" target=\"_blank\" rel=\"noreferrer noopener\" aria-label=\"l\u2019INSEE publie une \u00e9tude intitul\u00e9e \u00ab\u00a0En un si\u00e8cle, le pic des naissances s\u2019est d\u00e9cal\u00e9 de l\u2019hiver \u00e0 l\u2019\u00e9t\u00e9 et s\u2019est att\u00e9nu\u00e9\u00a0\u00bb (s\u2019ouvre dans un nouvel onglet)\">\u00ab\u00a0En un si\u00e8cle, le pic des naissances s\u2019est d\u00e9cal\u00e9 de l\u2019hiver \u00e0 l\u2019\u00e9t\u00e9 et s\u2019est att\u00e9nu\u00e9\u00a0\u00bb<\/a><\/em><\/p>\n\n\n\n<p>En voici le r\u00e9sum\u00e9&nbsp;:<\/p>\n\n\n\n<!--more-->\n\n\n\n<p><em>\u00ab&nbsp;En 2019,\n753&nbsp;000&nbsp;b\u00e9b\u00e9s sont n\u00e9s en France. Juillet est, comme chaque ann\u00e9e\ndepuis 2013, le mois o\u00f9 il y a le plus de naissances. Il n\u2019en a pas toujours\n\u00e9t\u00e9 ainsi.<\/em><\/p>\n\n\n\n<p><em>En un si\u00e8cle, la\nsaisonnalit\u00e9 des naissances s\u2019est quasiment invers\u00e9e. Des ann\u00e9es 1850 jusqu\u2019\u00e0\nla Seconde Guerre mondiale, les naissances \u00e9taient les plus nombreuses entre\nf\u00e9vrier et avril. Le pic annuel s\u2019est d\u00e9cal\u00e9 au printemps pendant le&nbsp;baby-boom,\npuis, depuis les ann\u00e9es 1990, au d\u00e9but de l\u2019\u00e9t\u00e9. Il s\u2019est \u00e9galement att\u00e9nu\u00e9.<\/em><\/p>\n\n\n\n<p><em>A contrario, jusqu\u2019\u00e0 la\nfin du&nbsp;baby-boom, un creux des naissances avait lieu \u00e0 l\u2019automne. Il\ncommence \u00e0 s\u2019estomper dans les ann\u00e9es 1980. Il se d\u00e9cale \u00e9galement vers l\u2019hiver.\nEn 2019, il est davantage marqu\u00e9 en mars et avril.<\/em><\/p>\n\n\n\n<p><em>La r\u00e9partition des\nnaissances selon les jours de la semaine s\u2019est aussi modifi\u00e9e. Entre la fin des\nann\u00e9es 1960 et les ann\u00e9es 1990, avec leur m\u00e9dicalisation, de moins en moins d\u2019accouchements\nont eu lieu le week-end. Depuis 1997, la part des naissances le week-end repart\n\u00e0 la hausse, mais les samedis et dimanches restent les jours o\u00f9 il na\u00eet le\nmoins d\u2019enfants.&nbsp;\u00bb<\/em><\/p>\n","protected":false},"excerpt":{"rendered":"<p>Le nombre de naissances baisse chaque ann\u00e9e depuis cinq ans, mais \u00e0 un rythme qui ralentit au fil des ann\u00e9es. Alors que la baisse \u00e9tait de 2,4 % en 2015, elle est pass\u00e9e \u00e0 1,9 % en 2016 puis 1,8 % en 2017, 1,4 % en 2018 et 0,7 % en 2019. Entre 2000 et [&hellip;]<\/p>\n","protected":false},"author":1,"featured_media":0,"comment_status":"closed","ping_status":"open","sticky":false,"template":"","format":"standard","meta":{"twitterCardType":"","cardImageID":0,"cardImage":"","cardTitle":"","cardDesc":"","cardImageAlt":"","cardPlayer":"","cardPlayerWidth":0,"cardPlayerHeight":0,"cardPlayerStream":"","cardPlayerCodec":"","footnotes":""},"categories":[62,11],"tags":[161,298,285],"class_list":["post-17874","post","type-post","status-publish","format-standard","hentry","category-le-rouge-le-vert-hebdo","category-politique-locale","tag-demographie","tag-france","tag-insee"],"_links":{"self":[{"href":"https:\/\/www.ades-grenoble.org\/wordpress\/wp-json\/wp\/v2\/posts\/17874","targetHints":{"allow":["GET"]}}],"collection":[{"href":"https:\/\/www.ades-grenoble.org\/wordpress\/wp-json\/wp\/v2\/posts"}],"about":[{"href":"https:\/\/www.ades-grenoble.org\/wordpress\/wp-json\/wp\/v2\/types\/post"}],"author":[{"embeddable":true,"href":"https:\/\/www.ades-grenoble.org\/wordpress\/wp-json\/wp\/v2\/users\/1"}],"replies":[{"embeddable":true,"href":"https:\/\/www.ades-grenoble.org\/wordpress\/wp-json\/wp\/v2\/comments?post=17874"}],"version-history":[{"count":1,"href":"https:\/\/www.ades-grenoble.org\/wordpress\/wp-json\/wp\/v2\/posts\/17874\/revisions"}],"predecessor-version":[{"id":17875,"href":"https:\/\/www.ades-grenoble.org\/wordpress\/wp-json\/wp\/v2\/posts\/17874\/revisions\/17875"}],"wp:attachment":[{"href":"https:\/\/www.ades-grenoble.org\/wordpress\/wp-json\/wp\/v2\/media?parent=17874"}],"wp:term":[{"taxonomy":"category","embeddable":true,"href":"https:\/\/www.ades-grenoble.org\/wordpress\/wp-json\/wp\/v2\/categories?post=17874"},{"taxonomy":"post_tag","embeddable":true,"href":"https:\/\/www.ades-grenoble.org\/wordpress\/wp-json\/wp\/v2\/tags?post=17874"}],"curies":[{"name":"wp","href":"https:\/\/api.w.org\/{rel}","templated":true}]}}