{"id":17876,"date":"2020-10-09T13:34:18","date_gmt":"2020-10-09T11:34:18","guid":{"rendered":"https:\/\/www.ades-grenoble.org\/wordpress\/?p=17876"},"modified":"2020-10-09T14:15:27","modified_gmt":"2020-10-09T12:15:27","slug":"un-nouveau-service-pour-aider-au-covoiturage-a-lest-et-louest-de-lagglomeration","status":"publish","type":"post","link":"https:\/\/www.ades-grenoble.org\/wordpress\/2020\/10\/09\/un-nouveau-service-pour-aider-au-covoiturage-a-lest-et-louest-de-lagglomeration\/","title":{"rendered":"Un nouveau service pour aider au covoiturage \u00e0 l\u2019Est et l\u2019Ouest de l\u2019agglom\u00e9ration"},"content":{"rendered":"\n<div class=\"wp-block-image\"><figure class=\"alignleft\"><img loading=\"lazy\" decoding=\"async\" width=\"380\" height=\"358\" src=\"https:\/\/www.ades-grenoble.org\/wordpress\/wp-content\/uploads\/2020\/10\/Covoit.jpg\" alt=\"\" class=\"wp-image-17878\" srcset=\"https:\/\/www.ades-grenoble.org\/wordpress\/wp-content\/uploads\/2020\/10\/Covoit.jpg 380w, https:\/\/www.ades-grenoble.org\/wordpress\/wp-content\/uploads\/2020\/10\/Covoit-150x141.jpg 150w, https:\/\/www.ades-grenoble.org\/wordpress\/wp-content\/uploads\/2020\/10\/Covoit-300x283.jpg 300w\" sizes=\"auto, (max-width: 380px) 100vw, 380px\" \/><\/figure><\/div>\n\n\n\n<p><a href=\"https:\/\/smmag.fr\/\">Le\nSyndicat mixte des mobilit\u00e9s de l\u2019agglom\u00e9ration grenobloise (SMMAG)<\/a>&nbsp;et&nbsp;<a href=\"https:\/\/www.ecov.fr\/\">la\nsoci\u00e9t\u00e9 Ecov<\/a>&nbsp;lancent un nouveau service pour le covoiturage\nM\u2019Covoit-Lignes+. Ce service fonctionne sur le mod\u00e8le de celui des transports\nen commun, sans r\u00e9servation mais avec des lignes r\u00e9guli\u00e8res et des arr\u00eats\nphysiques.<\/p>\n\n\n\n<p>\u00c0 l\u2019Est de\nl\u2019agglom\u00e9ration,&nbsp;<a href=\"https:\/\/www.lignesplus-m.fr\/\">M\u2019Covoit-Lignes+<\/a>&nbsp;propose 9\narr\u00eats dans la vall\u00e9e du Gr\u00e9sivaudan et quatre sur le territoire m\u00e9tropolitain.\n\u00c0 l\u2019Ouest, c\u2019est trois arr\u00eats dans le pays voironnais et deux dans la\nM\u00e9tropole. Le passager se rend \u00e0 l\u2019un de ces arr\u00eats puis demande un covoiturage\nvia l\u2019application M\u2019Covoit-Lignes+ ou en envoyant un texto (au 06 44 64 42 73).<\/p>\n\n\n\n<!--more-->\n\n\n\n<p>D\u00e8s qu\u2019un conducteur s\u2019arr\u00eate,\nle passager lui donne un code pour s\u2019identifier et d\u00e9clencher le paiement (le\nservice est gratuit jusqu\u2019au 31 d\u00e9cembre 2020). Le conducteur est indemnis\u00e9\njusqu\u2019\u00e0 2 euros par trajet. <em>\u00ab&nbsp;C\u2019est une fa\u00e7on de r\u00e9duire les bouchons, de\ndiminuer la pollution mais aussi de rendre du pouvoir d\u2019achat aux\nhabitants&nbsp;\u00bb,<\/em> r\u00e9sume Yann Mongaburu.<\/p>\n\n\n\n<p>Pour acc\u00e9der \u00e0 l\u2019application voir <a href=\"https:\/\/www.lignesplus-m.fr\/\" target=\"_blank\" rel=\"noreferrer noopener\" aria-label=\"ici (s\u2019ouvre dans un nouvel onglet)\">ici<\/a>.<\/p>\n\n\n\n<p>\u00c0 l\u2019Ouest de l\u2019agglom\u00e9ration\ngrenobloise, le service M\u2019Covoit-Lignes+ sera bient\u00f4t associ\u00e9&nbsp;<a href=\"https:\/\/area-covoiturage.com\/\">\u00e0 une nouvelle\nvoie de covoiturage<\/a>. Situ\u00e9e sur l\u2019A48, elle s\u2019\u00e9tendra de la barri\u00e8re de\np\u00e9age de Voreppe jusqu\u2019\u00e0 la bifurcation de l\u2019A48 et de la RN481. Lorsque des\nembouteillages se formeront, un losange blanc sur fond noir appara\u00eetra sur un\npanneau lumineux situ\u00e9 au-dessus de la voie de gauche.<\/p>\n\n\n\n<p>Ce sera le signal que cette\nvoie est d\u00e9sormais r\u00e9serv\u00e9e au covoiturage et seuls les v\u00e9hicules comprenant au\nminimum deux personnes, les taxis et les v\u00e9hicules \u00e0 tr\u00e8s faibles \u00e9missions\n(Crit\u2019Air 0) auront le droit de l\u2019emprunter. En outre, la vitesse maximale\nautoris\u00e9e passe \u00e0 50 km\/h sur toutes les voies. <\/p>\n\n\n\n<figure class=\"wp-block-image\"><img loading=\"lazy\" decoding=\"async\" width=\"937\" height=\"814\" src=\"https:\/\/www.ades-grenoble.org\/wordpress\/wp-content\/uploads\/2020\/10\/Covoiturage.jpg\" alt=\"\" class=\"wp-image-17877\" srcset=\"https:\/\/www.ades-grenoble.org\/wordpress\/wp-content\/uploads\/2020\/10\/Covoiturage.jpg 937w, https:\/\/www.ades-grenoble.org\/wordpress\/wp-content\/uploads\/2020\/10\/Covoiturage-150x130.jpg 150w, https:\/\/www.ades-grenoble.org\/wordpress\/wp-content\/uploads\/2020\/10\/Covoiturage-300x261.jpg 300w, https:\/\/www.ades-grenoble.org\/wordpress\/wp-content\/uploads\/2020\/10\/Covoiturage-768x667.jpg 768w, https:\/\/www.ades-grenoble.org\/wordpress\/wp-content\/uploads\/2020\/10\/Covoiturage-600x521.jpg 600w\" sizes=\"auto, (max-width: 937px) 100vw, 937px\" \/><\/figure>\n\n\n\n<p>8 kms&nbsp;de voie r\u00e9serv\u00e9e\nau&nbsp;covoiturage dans le sens Lyon vers Grenoble sur l\u2019A48<\/p>\n","protected":false},"excerpt":{"rendered":"<p>Le Syndicat mixte des mobilit\u00e9s de l\u2019agglom\u00e9ration grenobloise (SMMAG)&nbsp;et&nbsp;la soci\u00e9t\u00e9 Ecov&nbsp;lancent un nouveau service pour le covoiturage M\u2019Covoit-Lignes+. Ce service fonctionne sur le mod\u00e8le de celui des transports en commun, sans r\u00e9servation mais avec des lignes r\u00e9guli\u00e8res et des arr\u00eats physiques. \u00c0 l\u2019Est de l\u2019agglom\u00e9ration,&nbsp;M\u2019Covoit-Lignes+&nbsp;propose 9 arr\u00eats dans la vall\u00e9e du Gr\u00e9sivaudan et quatre sur [&hellip;]<\/p>\n","protected":false},"author":1,"featured_media":0,"comment_status":"closed","ping_status":"open","sticky":false,"template":"","format":"standard","meta":{"twitterCardType":"","cardImageID":0,"cardImage":"","cardTitle":"","cardDesc":"","cardImageAlt":"","cardPlayer":"","cardPlayerWidth":0,"cardPlayerHeight":0,"cardPlayerStream":"","cardPlayerCodec":"","footnotes":""},"categories":[62,11],"tags":[5,280,122],"class_list":["post-17876","post","type-post","status-publish","format-standard","hentry","category-le-rouge-le-vert-hebdo","category-politique-locale","tag-deplacements","tag-metropole","tag-pollution-atmospherique"],"_links":{"self":[{"href":"https:\/\/www.ades-grenoble.org\/wordpress\/wp-json\/wp\/v2\/posts\/17876","targetHints":{"allow":["GET"]}}],"collection":[{"href":"https:\/\/www.ades-grenoble.org\/wordpress\/wp-json\/wp\/v2\/posts"}],"about":[{"href":"https:\/\/www.ades-grenoble.org\/wordpress\/wp-json\/wp\/v2\/types\/post"}],"author":[{"embeddable":true,"href":"https:\/\/www.ades-grenoble.org\/wordpress\/wp-json\/wp\/v2\/users\/1"}],"replies":[{"embeddable":true,"href":"https:\/\/www.ades-grenoble.org\/wordpress\/wp-json\/wp\/v2\/comments?post=17876"}],"version-history":[{"count":1,"href":"https:\/\/www.ades-grenoble.org\/wordpress\/wp-json\/wp\/v2\/posts\/17876\/revisions"}],"predecessor-version":[{"id":17879,"href":"https:\/\/www.ades-grenoble.org\/wordpress\/wp-json\/wp\/v2\/posts\/17876\/revisions\/17879"}],"wp:attachment":[{"href":"https:\/\/www.ades-grenoble.org\/wordpress\/wp-json\/wp\/v2\/media?parent=17876"}],"wp:term":[{"taxonomy":"category","embeddable":true,"href":"https:\/\/www.ades-grenoble.org\/wordpress\/wp-json\/wp\/v2\/categories?post=17876"},{"taxonomy":"post_tag","embeddable":true,"href":"https:\/\/www.ades-grenoble.org\/wordpress\/wp-json\/wp\/v2\/tags?post=17876"}],"curies":[{"name":"wp","href":"https:\/\/api.w.org\/{rel}","templated":true}]}}