{"id":17918,"date":"2020-10-16T15:30:56","date_gmt":"2020-10-16T13:30:56","guid":{"rendered":"https:\/\/www.ades-grenoble.org\/wordpress\/?p=17918"},"modified":"2020-10-16T15:52:31","modified_gmt":"2020-10-16T13:52:31","slug":"politique-politicienne-206","status":"publish","type":"post","link":"https:\/\/www.ades-grenoble.org\/wordpress\/2020\/10\/16\/politique-politicienne-206\/","title":{"rendered":"Politique politicienne"},"content":{"rendered":"\n<div class=\"wp-block-image\"><figure class=\"alignleft\"><img loading=\"lazy\" decoding=\"async\" width=\"200\" height=\"234\" src=\"https:\/\/www.ades-grenoble.org\/wordpress\/wp-content\/uploads\/2015\/01\/fou1.png\" alt=\"fou\" class=\"wp-image-9634\" srcset=\"https:\/\/www.ades-grenoble.org\/wordpress\/wp-content\/uploads\/2015\/01\/fou1.png 200w, https:\/\/www.ades-grenoble.org\/wordpress\/wp-content\/uploads\/2015\/01\/fou1-128x150.png 128w\" sizes=\"auto, (max-width: 200px) 100vw, 200px\" \/><\/figure><\/div>\n\n\n\n<p>Les cin\u00e9mas font partie de ce\nqu\u2019on appelle des \u201c<em>industries culturelles<\/em>\u201d, pour qui le soutien a \u00e9t\u00e9\ntransf\u00e9r\u00e9e comme pour tout le reste de l\u2019\u00e9conomie et du commerce \u00e0 la\nM\u00e9tropole, en 2015. La Ville de Grenoble n\u2019est plus comp\u00e9tente pour aider les\ncin\u00e9mas \u00ab&nbsp;<em>art et essai<\/em>&nbsp;\u00bb sur son territoire, sauf pour leurs\nactions de m\u00e9diation et culturelles qui n\u2019ont pas de lien avec la diffusion de\nfilms. Avec la crise Covid, toutes les salles de cin\u00e9ma, mais particuli\u00e8rement\ncelle labellis\u00e9es \u00ab&nbsp;<em>art et essai<\/em>&nbsp;\u00bb, sont tr\u00e8s fragilis\u00e9es. Christophe\nFerrari a donc choisi avec sa position favorable aux 12 salles UGC sur le site\nNeyrpic \u00e0 la Commission nationale d\u2019am\u00e9nagement cin\u00e9matographique de fragiliser\nune activit\u00e9 locale sur le territoire de Grenoble, pour laquelle la M\u00e9tropole\nest comp\u00e9tente, au profit d\u2019un grand acteur priv\u00e9 national qui s\u2019installe sur\nune autre commune pour avantager un promoteur priv\u00e9. On est loin d\u2019une position\nde gauche, \u00e9cologiste et citoyenne. Heureusement il y a eu un avis d\u00e9favorable\nde la commission\u2026<\/p>\n\n\n\n<hr class=\"wp-block-separator\"\/>\n\n\n\n<p>Suite aux propos d\u2019\u00c9ric Zemmour sur les mineurs non accompagn\u00e9s (MNA), de nombreux conseils d\u00e9partementaux ont d\u00e9cid\u00e9 de porter plainte. En effet les d\u00e9partements ont la comp\u00e9tence d\u2019accueil des MNA car ils rel\u00e8vent de l\u2019aide sociale \u00e0 l\u2019enfance. Malheureusement en Is\u00e8re le pr\u00e9sident Barbier refuse de faire de m\u00eame, il consid\u00e8re que les actions en justice contre le pol\u00e9miste reviennent \u00e0 faire campagne sur les deniers de la collectivit\u00e9. Curieuse justification\u00a0; faire respecter la loi n\u2019est pas faire une campagne de pub, mais un acte essentiel surtout pour une collectivit\u00e9 de la R\u00e9publique. Cette attitude de M. Barbier trouve aussi sa cause dans leur culture maurassienne commune. Il est en effet exactement sur la m\u00eame ligne que Zemmour sur la question des <em>\u00ab\u00a0racines chr\u00e9tiennes de la France<\/em>\u00ab\u00a0, \u00a0lors d&rsquo;un de ses discours \u00e0 l&rsquo;occasion d&rsquo;une c\u00e9r\u00e9monie en m\u00e9moire du maquis de l&rsquo;Oisans, qui \u00e9tait pourtant un maquis multiconfessionnel.<\/p>\n\n\n\n<hr class=\"wp-block-separator\"\/>\n\n\n\n<p>La mani\u00e8re dont a \u00e9t\u00e9 pr\u00e9par\u00e9\nle Conseil syndical du SMMAG du 8 octobre vaut d\u2019\u00eatre cont\u00e9e, elle \u00e9claire sur\nles nouvelles pratiques politiques \u00e0 la M\u00e9tro. Le pr\u00e9sident de la m\u00e9tropole a\norganis\u00e9 dans le moindre d\u00e9tail cette r\u00e9union en la pr\u00e9parant avec les\npr\u00e9sidents des deux autres intercommunalit\u00e9 (ce qui n\u2019est pas anormal), mais avec\nles groupes politiques de la M\u00e9tro en excluant les deux groupes (UMA et CCC)\nqui ont \u00e9t\u00e9 oppos\u00e9s \u00e0 sa r\u00e9\u00e9lection suite \u00e0 son alliance avec la droite (LREM\net LR et Carignon) et l\u2019extr\u00eame droite le 17 juillet 2020. UMA a rendu public\nla candidature \u00e0 la pr\u00e9sidence du maire de Champagnier (Florent Cholat) la\nveille de la r\u00e9union. Le candidat de Ferrari \u00e0 la pr\u00e9sidence du SMMAG n\u2019a \u00e9t\u00e9\nd\u00e9voil\u00e9 que lors de la r\u00e9union et il n\u2019a pas jug\u00e9 utile de parler de son projet\npour le SMMAG. La liste des vice-pr\u00e9sidents et du reste du bureau et l\u2019intitul\u00e9\ndes d\u00e9l\u00e9gations \u00e9taient aussi pr\u00eats dans les moindres d\u00e9tails&nbsp;! On a ainsi\nassist\u00e9 \u00e0 une s\u00e9ance o\u00f9 les 16 affid\u00e9s de Ferrari ont vot\u00e9 comme un seul homme\n(il y a tr\u00e8s peu de femmes) les propositions pr\u00e9par\u00e9es \u00e0 l\u2019avance. Il se sont\ntrouv\u00e9s bien g\u00ean\u00e9s, d\u2019o\u00f9 la longue suspension de s\u00e9ance, lorsque les \u00e9lus UMA\nont r\u00e9serv\u00e9 leur participation \u00e0 l\u2019ex\u00e9cutif demandant d\u2019en savoir plus sur les\npriorit\u00e9s du nouvel ex\u00e9cutif\u2026 A suivre.\n\nMme Chalas, d\u00e9put\u00e9e LREM, commence\n\u00e0 se rendre compte que sa survie politique \u00e0 Grenoble est menac\u00e9e, car le\nmacronisme n\u2019est plus porteur. Elle essaye de prendre quelques distances avec\nson parti mais sans le quitter et de se peindre un peu plus en \u00e9cologiste en\nvotant contre la poursuite de l\u2019utilisation des n\u00e9onicotino\u00efdes ou en se\nmobilisant pour le bien-\u00eatre animal.&nbsp;Elle a \u00e9t\u00e9 rappel\u00e9e \u00e0 l\u2019ordre pour\nson vote par son chef local O. Six, qui est \u00e9lu avec elle \u00e0 Grenoble et \u00e0 la\nM\u00e9tro.\n\n\n\n<\/p>\n","protected":false},"excerpt":{"rendered":"<p>Les cin\u00e9mas font partie de ce qu\u2019on appelle des \u201cindustries culturelles\u201d, pour qui le soutien a \u00e9t\u00e9 transf\u00e9r\u00e9e comme pour tout le reste de l\u2019\u00e9conomie et du commerce \u00e0 la M\u00e9tropole, en 2015. La Ville de Grenoble n\u2019est plus comp\u00e9tente pour aider les cin\u00e9mas \u00ab&nbsp;art et essai&nbsp;\u00bb sur son territoire, sauf pour leurs actions de [&hellip;]<\/p>\n","protected":false},"author":1,"featured_media":0,"comment_status":"closed","ping_status":"open","sticky":false,"template":"","format":"standard","meta":{"twitterCardType":"","cardImageID":0,"cardImage":"","cardTitle":"","cardDesc":"","cardImageAlt":"","cardPlayer":"","cardPlayerWidth":0,"cardPlayerHeight":0,"cardPlayerStream":"","cardPlayerCodec":"","footnotes":""},"categories":[62,11],"tags":[54],"class_list":["post-17918","post","type-post","status-publish","format-standard","hentry","category-le-rouge-le-vert-hebdo","category-politique-locale","tag-politique-droite-gauche"],"_links":{"self":[{"href":"https:\/\/www.ades-grenoble.org\/wordpress\/wp-json\/wp\/v2\/posts\/17918","targetHints":{"allow":["GET"]}}],"collection":[{"href":"https:\/\/www.ades-grenoble.org\/wordpress\/wp-json\/wp\/v2\/posts"}],"about":[{"href":"https:\/\/www.ades-grenoble.org\/wordpress\/wp-json\/wp\/v2\/types\/post"}],"author":[{"embeddable":true,"href":"https:\/\/www.ades-grenoble.org\/wordpress\/wp-json\/wp\/v2\/users\/1"}],"replies":[{"embeddable":true,"href":"https:\/\/www.ades-grenoble.org\/wordpress\/wp-json\/wp\/v2\/comments?post=17918"}],"version-history":[{"count":1,"href":"https:\/\/www.ades-grenoble.org\/wordpress\/wp-json\/wp\/v2\/posts\/17918\/revisions"}],"predecessor-version":[{"id":17919,"href":"https:\/\/www.ades-grenoble.org\/wordpress\/wp-json\/wp\/v2\/posts\/17918\/revisions\/17919"}],"wp:attachment":[{"href":"https:\/\/www.ades-grenoble.org\/wordpress\/wp-json\/wp\/v2\/media?parent=17918"}],"wp:term":[{"taxonomy":"category","embeddable":true,"href":"https:\/\/www.ades-grenoble.org\/wordpress\/wp-json\/wp\/v2\/categories?post=17918"},{"taxonomy":"post_tag","embeddable":true,"href":"https:\/\/www.ades-grenoble.org\/wordpress\/wp-json\/wp\/v2\/tags?post=17918"}],"curies":[{"name":"wp","href":"https:\/\/api.w.org\/{rel}","templated":true}]}}