{"id":17926,"date":"2020-10-16T15:44:24","date_gmt":"2020-10-16T13:44:24","guid":{"rendered":"https:\/\/www.ades-grenoble.org\/wordpress\/?p=17926"},"modified":"2020-10-16T15:53:00","modified_gmt":"2020-10-16T13:53:00","slug":"magouilles-a-letablissement-public-foncier-local-du-dauphine-epfl","status":"publish","type":"post","link":"https:\/\/www.ades-grenoble.org\/wordpress\/2020\/10\/16\/magouilles-a-letablissement-public-foncier-local-du-dauphine-epfl\/","title":{"rendered":"Magouilles \u00e0 l\u2019\u00e9tablissement public foncier local du Dauphin\u00e9 (EPFL)"},"content":{"rendered":"\n<div class=\"wp-block-image\"><figure class=\"alignleft\"><img loading=\"lazy\" decoding=\"async\" width=\"250\" height=\"194\" src=\"https:\/\/www.ades-grenoble.org\/wordpress\/wp-content\/uploads\/2015\/03\/EPFL.jpg\" alt=\"\" class=\"wp-image-9896\" srcset=\"https:\/\/www.ades-grenoble.org\/wordpress\/wp-content\/uploads\/2015\/03\/EPFL.jpg 250w, https:\/\/www.ades-grenoble.org\/wordpress\/wp-content\/uploads\/2015\/03\/EPFL-150x116.jpg 150w\" sizes=\"auto, (max-width: 250px) 100vw, 250px\" \/><\/figure><\/div>\n\n\n\n<p>Les contribuables locaux sont\ndirectement int\u00e9ress\u00e9s \u00e0 ce qui se passe \u00e0 l\u2019EPFL car ils payent chaque ann\u00e9e\ndans leurs imp\u00f4ts locaux une participation au fonctionnement de cet\n\u00e9tablissement public tr\u00e8s utile dans la politique fonci\u00e8re (voir la colonne\ntaxe sp\u00e9ciale d\u2019\u00e9quipement dans les avis d\u2019imp\u00f4ts locaux).<\/p>\n\n\n\n<p>M. Coign\u00e9 maire de Sassenage\net conseiller d\u00e9partemental (bien \u00e0 droite) a r\u00e9ussi \u00e0 se faire \u00e9lire pr\u00e9sident\nde l\u2019EPFL (Etablisement public foncier local du Dauphin\u00e9) alors que la\nM\u00e9tropole est majoritaire dans le conseil d\u2019administration de cet \u00e9tablissement\npublic avec 8 administrateurs sur 14. La communaut\u00e9 d\u2019agglom\u00e9ration du Pays\nVoironnais a 2 si\u00e8ges, le d\u00e9partement, la r\u00e9gion, la communaut\u00e9 de commune\nSaint-Marcellin Vercors Is\u00e8re et la communaut\u00e9 de communes de Bi\u00e8vres Est ont\nchacun 1 si\u00e8ge. M. Coign\u00e9 a \u00e9t\u00e9 \u00e9lu avec 8 voix contre 5 \u00e0 Laurent Amadieu\nconseiller de la M\u00e9tro. Ceci signifie que des \u00e9lus m\u00e9tropolitains ont vot\u00e9 pour\nM. Coign\u00e9. C\u2019est un \u00e9chec pour la M\u00e9tro et son pr\u00e9sident qui aurait d\u00fb \u00eatre\nplus prudent lorsqu\u2019il a choisi la repr\u00e9sentation de la M\u00e9tro avec des membres\nde la droite. C\u2019est la premi\u00e8re fois que ceci se passe. Mais ce qui est\nahurissant c\u2019est que M. Coign\u00e9 n\u2019a pas le droit d\u2019\u00eatre pr\u00e9sident de l\u2019EPFL\npuisqu\u2019il est directeur g\u00e9n\u00e9ral de la <em>SPL Is\u00e8re am\u00e9nagement<\/em> et\nadministrateur d\u2019autres soci\u00e9t\u00e9s et de nombreux bailleurs sociaux, il y a donc\nconflits d\u2019int\u00e9r\u00eats directs et \u00e9vidents entre ces diverses responsabilit\u00e9s.\nEsp\u00e9rons qu\u2019un recours contre cette \u00e9lection mettra fin \u00e0 cette ill\u00e9galit\u00e9 et\nque la M\u00e9tro red\u00e9signera des administrateurs qui repr\u00e9sente vraiment ses\nint\u00e9r\u00eats dans l\u2019EPFL.<\/p>\n","protected":false},"excerpt":{"rendered":"<p>Les contribuables locaux sont directement int\u00e9ress\u00e9s \u00e0 ce qui se passe \u00e0 l\u2019EPFL car ils payent chaque ann\u00e9e dans leurs imp\u00f4ts locaux une participation au fonctionnement de cet \u00e9tablissement public tr\u00e8s utile dans la politique fonci\u00e8re (voir la colonne taxe sp\u00e9ciale d\u2019\u00e9quipement dans les avis d\u2019imp\u00f4ts locaux). M. Coign\u00e9 maire de Sassenage et conseiller d\u00e9partemental [&hellip;]<\/p>\n","protected":false},"author":1,"featured_media":0,"comment_status":"closed","ping_status":"open","sticky":false,"template":"","format":"standard","meta":{"twitterCardType":"","cardImageID":0,"cardImage":"","cardTitle":"","cardDesc":"","cardImageAlt":"","cardPlayer":"","cardPlayerWidth":0,"cardPlayerHeight":0,"cardPlayerStream":"","cardPlayerCodec":"","footnotes":""},"categories":[62,11],"tags":[216,109,66,280],"class_list":["post-17926","post","type-post","status-publish","format-standard","hentry","category-le-rouge-le-vert-hebdo","category-politique-locale","tag-conseil-departemental-de-lisere","tag-droite","tag-logement","tag-metropole"],"_links":{"self":[{"href":"https:\/\/www.ades-grenoble.org\/wordpress\/wp-json\/wp\/v2\/posts\/17926","targetHints":{"allow":["GET"]}}],"collection":[{"href":"https:\/\/www.ades-grenoble.org\/wordpress\/wp-json\/wp\/v2\/posts"}],"about":[{"href":"https:\/\/www.ades-grenoble.org\/wordpress\/wp-json\/wp\/v2\/types\/post"}],"author":[{"embeddable":true,"href":"https:\/\/www.ades-grenoble.org\/wordpress\/wp-json\/wp\/v2\/users\/1"}],"replies":[{"embeddable":true,"href":"https:\/\/www.ades-grenoble.org\/wordpress\/wp-json\/wp\/v2\/comments?post=17926"}],"version-history":[{"count":1,"href":"https:\/\/www.ades-grenoble.org\/wordpress\/wp-json\/wp\/v2\/posts\/17926\/revisions"}],"predecessor-version":[{"id":17927,"href":"https:\/\/www.ades-grenoble.org\/wordpress\/wp-json\/wp\/v2\/posts\/17926\/revisions\/17927"}],"wp:attachment":[{"href":"https:\/\/www.ades-grenoble.org\/wordpress\/wp-json\/wp\/v2\/media?parent=17926"}],"wp:term":[{"taxonomy":"category","embeddable":true,"href":"https:\/\/www.ades-grenoble.org\/wordpress\/wp-json\/wp\/v2\/categories?post=17926"},{"taxonomy":"post_tag","embeddable":true,"href":"https:\/\/www.ades-grenoble.org\/wordpress\/wp-json\/wp\/v2\/tags?post=17926"}],"curies":[{"name":"wp","href":"https:\/\/api.w.org\/{rel}","templated":true}]}}