{"id":17961,"date":"2020-10-23T15:30:12","date_gmt":"2020-10-23T13:30:12","guid":{"rendered":"https:\/\/www.ades-grenoble.org\/wordpress\/?p=17961"},"modified":"2020-10-23T15:31:15","modified_gmt":"2020-10-23T13:31:15","slug":"lassassinat-dun-professeur-cest-lassassinat-des-valeurs-des-lumieres-et-la-negation-du-role-de-lecole-republicaine","status":"publish","type":"post","link":"https:\/\/www.ades-grenoble.org\/wordpress\/2020\/10\/23\/lassassinat-dun-professeur-cest-lassassinat-des-valeurs-des-lumieres-et-la-negation-du-role-de-lecole-republicaine\/","title":{"rendered":"L\u2019assassinat d\u2019un professeur c\u2019est l\u2019assassinat des valeurs des \u00ab Lumi\u00e8res \u00bb et la n\u00e9gation du r\u00f4le de l\u2019\u00e9cole r\u00e9publicaine"},"content":{"rendered":"\n<div class=\"wp-block-image\"><figure class=\"alignleft\"><img loading=\"lazy\" decoding=\"async\" width=\"293\" height=\"258\" src=\"https:\/\/www.ades-grenoble.org\/wordpress\/wp-content\/uploads\/2017\/04\/Logo-Ades-web.jpg\" alt=\"\" class=\"wp-image-12873\" srcset=\"https:\/\/www.ades-grenoble.org\/wordpress\/wp-content\/uploads\/2017\/04\/Logo-Ades-web.jpg 293w, https:\/\/www.ades-grenoble.org\/wordpress\/wp-content\/uploads\/2017\/04\/Logo-Ades-web-150x132.jpg 150w\" sizes=\"auto, (max-width: 293px) 100vw, 293px\" \/><\/figure><\/div>\n\n\n\n<p>Samuel Paty, professeur\nd\u2019histoire-g\u00e9ographie dans un coll\u00e8ge est mort sauvagement assassin\u00e9 par un\nterroriste se revendiquant d\u2019un islamisme politique radical et sectaire. <\/p>\n\n\n\n<p>A Grenoble, dimanche 18\noctobre un hommage lui a \u00e9t\u00e9 rendu place de Verdun par plus d\u2019un millier de\npersonnes dont de\nnombreux enseignants. Ce rassemblement a t\u00e9moign\u00e9 de la solidarit\u00e9 avec la\nvictime et sa famille, affirm\u00e9 un soutien \u00e0 l\u2019ensemble de la communaut\u00e9\n\u00e9ducative et assur\u00e9 de la mobilisation pour d\u00e9fendre la libert\u00e9 d\u2019expression et\nla primaut\u00e9 de la la\u00efcit\u00e9 dans l\u2019organisation de la R\u00e9publique.<\/p>\n\n\n\n<p>C\u2019est l\u2019occasion de rappeler\nencore et toujours les valeurs qui fondent notre R\u00e9publique&nbsp;notamment\nr\u00e9sum\u00e9es dans les 17 articles de la D\u00e9claration des Droits de l\u2019Homme et du Citoyen\nde 1789&nbsp;qui d\u00e9butent par ce pr\u00e9ambule&nbsp;:<\/p>\n\n\n\n<!--more-->\n\n\n\n<p><em>\u00ab&nbsp;Les repr\u00e9sentants\ndu peuple fran\u00e7ais, constitu\u00e9s en Assembl\u00e9e nationale, consid\u00e9rant que\nl&rsquo;ignorance, l&rsquo;oubli ou le m\u00e9pris des droits de l&rsquo;homme sont les seules causes\ndes malheurs publics et de la corruption des gouvernements, ont r\u00e9solu\nd&rsquo;exposer, dans une d\u00e9claration solennelle, les droits naturels, inali\u00e9nables\net sacr\u00e9s de l&rsquo;homme, afin que cette d\u00e9claration, constamment pr\u00e9sente \u00e0 tous\nles membres du corps social, leur rappelle sans cesse leurs droits et leurs\ndevoirs\u2026<\/em>&nbsp;\u00bb<\/p>\n\n\n\n<p>Rappelons donc sans cesse que\nla libert\u00e9 d\u2019expression est d\u00e9fendue \u00e0 l\u2019article 11&nbsp;:<strong><em>\u00ab&nbsp;La libre communication des\npens\u00e9es et des opinions est un des droits les plus pr\u00e9cieux de l&rsquo;homme&nbsp;:\ntout citoyen peut donc parler, \u00e9crire, imprimer librement, sauf \u00e0 r\u00e9pondre de\nl&rsquo;abus de cette libert\u00e9 dans les cas d\u00e9termin\u00e9s par la loi.&nbsp;\u00bb<\/em><\/strong><\/p>\n","protected":false},"excerpt":{"rendered":"<p>Samuel Paty, professeur d\u2019histoire-g\u00e9ographie dans un coll\u00e8ge est mort sauvagement assassin\u00e9 par un terroriste se revendiquant d\u2019un islamisme politique radical et sectaire. A Grenoble, dimanche 18 octobre un hommage lui a \u00e9t\u00e9 rendu place de Verdun par plus d\u2019un millier de personnes dont de nombreux enseignants. Ce rassemblement a t\u00e9moign\u00e9 de la solidarit\u00e9 avec la [&hellip;]<\/p>\n","protected":false},"author":1,"featured_media":0,"comment_status":"closed","ping_status":"open","sticky":false,"template":"","format":"standard","meta":{"twitterCardType":"","cardImageID":0,"cardImage":"","cardTitle":"","cardDesc":"","cardImageAlt":"","cardPlayer":"","cardPlayerWidth":0,"cardPlayerHeight":0,"cardPlayerStream":"","cardPlayerCodec":"","footnotes":""},"categories":[62,11],"tags":[143,163,279,250,251],"class_list":["post-17961","post","type-post","status-publish","format-standard","hentry","category-le-rouge-le-vert-hebdo","category-politique-locale","tag-ades","tag-ecoles","tag-libertes","tag-republique","tag-terrorisme"],"_links":{"self":[{"href":"https:\/\/www.ades-grenoble.org\/wordpress\/wp-json\/wp\/v2\/posts\/17961","targetHints":{"allow":["GET"]}}],"collection":[{"href":"https:\/\/www.ades-grenoble.org\/wordpress\/wp-json\/wp\/v2\/posts"}],"about":[{"href":"https:\/\/www.ades-grenoble.org\/wordpress\/wp-json\/wp\/v2\/types\/post"}],"author":[{"embeddable":true,"href":"https:\/\/www.ades-grenoble.org\/wordpress\/wp-json\/wp\/v2\/users\/1"}],"replies":[{"embeddable":true,"href":"https:\/\/www.ades-grenoble.org\/wordpress\/wp-json\/wp\/v2\/comments?post=17961"}],"version-history":[{"count":1,"href":"https:\/\/www.ades-grenoble.org\/wordpress\/wp-json\/wp\/v2\/posts\/17961\/revisions"}],"predecessor-version":[{"id":17962,"href":"https:\/\/www.ades-grenoble.org\/wordpress\/wp-json\/wp\/v2\/posts\/17961\/revisions\/17962"}],"wp:attachment":[{"href":"https:\/\/www.ades-grenoble.org\/wordpress\/wp-json\/wp\/v2\/media?parent=17961"}],"wp:term":[{"taxonomy":"category","embeddable":true,"href":"https:\/\/www.ades-grenoble.org\/wordpress\/wp-json\/wp\/v2\/categories?post=17961"},{"taxonomy":"post_tag","embeddable":true,"href":"https:\/\/www.ades-grenoble.org\/wordpress\/wp-json\/wp\/v2\/tags?post=17961"}],"curies":[{"name":"wp","href":"https:\/\/api.w.org\/{rel}","templated":true}]}}