{"id":17989,"date":"2020-10-30T16:35:05","date_gmt":"2020-10-30T15:35:05","guid":{"rendered":"https:\/\/www.ades-grenoble.org\/wordpress\/?p=17989"},"modified":"2020-10-30T16:49:45","modified_gmt":"2020-10-30T15:49:45","slug":"la-metropole-de-lyon-prepare-la-future-gestion-en-regie-du-service-de-leau","status":"publish","type":"post","link":"https:\/\/www.ades-grenoble.org\/wordpress\/2020\/10\/30\/la-metropole-de-lyon-prepare-la-future-gestion-en-regie-du-service-de-leau\/","title":{"rendered":"La M\u00e9tropole de Lyon pr\u00e9pare la future gestion en r\u00e9gie du service de l\u2019eau"},"content":{"rendered":"\n<div class=\"wp-block-image\"><figure class=\"alignleft\"><img loading=\"lazy\" decoding=\"async\" width=\"380\" height=\"93\" src=\"https:\/\/www.ades-grenoble.org\/wordpress\/wp-content\/uploads\/2020\/10\/GrandLyon.jpg\" alt=\"\" class=\"wp-image-17990\" srcset=\"https:\/\/www.ades-grenoble.org\/wordpress\/wp-content\/uploads\/2020\/10\/GrandLyon.jpg 380w, https:\/\/www.ades-grenoble.org\/wordpress\/wp-content\/uploads\/2020\/10\/GrandLyon-150x37.jpg 150w, https:\/\/www.ades-grenoble.org\/wordpress\/wp-content\/uploads\/2020\/10\/GrandLyon-300x73.jpg 300w\" sizes=\"auto, (max-width: 380px) 100vw, 380px\" \/><\/figure><\/div>\n\n\n\n<p>Encore un grand service\npublic de l\u2019eau qui va revenir en gestion directe apr\u00e8s une tr\u00e8s longue p\u00e9riode\nde d\u00e9l\u00e9gation \u00e0 la <em>Compagnie G\u00e9n\u00e9rale des Eaux-CGE, <\/em>p\u00e9riode qui avait\nd\u00e9but\u00e9 en 1853, c\u2019\u00e9tait la premi\u00e8re concession \u00e0 une entreprise priv\u00e9e d\u2019un\nservice communal de l\u2019eau. La CGE a chang\u00e9 plusieurs fois de nom, Vivendi puis\nVeolia et devrait prendre en main la soci\u00e9t\u00e9 concurrente Suez-Lyonnaise des\nEaux, ayant r\u00e9cup\u00e9r\u00e9 les actions d\u2019Engie dans Suez.<\/p>\n\n\n\n<p>La M\u00e9tropole de Lyon est\nmaintenant l\u2019autorit\u00e9 organisatrice des services de l\u2019eau et de\nl\u2019assainissement. L\u2019assainissement est en r\u00e9gie directe mais l\u2019eau est en\nd\u00e9l\u00e9gation de service public \u00e0 une entreprise priv\u00e9e d\u00e9di\u00e9e <em>\u00ab&nbsp;soci\u00e9t\u00e9\nEau du Grand Lyon&nbsp;\u00bb<\/em> filiale \u00e0 100 % de Veolia Eau. La liste EELV men\u00e9e\npar Bruno Bernard avait promis de mettre un terme \u00e0 cette d\u00e9l\u00e9gation qui se\ntermine le 31 d\u00e9cembre 2022.<\/p>\n\n\n\n<!--more-->\n\n\n\n<p>La reprise d\u2019un service\npublic de cette importance demande un travail important et pr\u00e9cis notamment\npour reprendre le personnel&nbsp; d\u2019<em>Eau du\nGrand Lyon<\/em> (280 salari\u00e9s), r\u00e9cup\u00e9rer l\u2019ensemble des biens de retour\ngratuitement ou \u00e0 la valeur nette comptable s\u2019ils ne sont pas compl\u00e8tement\namortis notamment toutes les infrastructures de production, d\u2019adduction et de\ndistribution dans un bon \u00e9tat de fonctionnement et surtout les sommes que la\nsoci\u00e9t\u00e9 priv\u00e9e \u00e0 mis en provisions pour les gros entretiens et r\u00e9parations. Le\nchiffre d\u2019affaire <em>d\u2019Eau du Grand Lyon<\/em> est d\u2019environ 140 M\u20ac en 2019. La\nM\u00e9tropole a int\u00e9r\u00eat \u00e0 se faire aider par des sp\u00e9cialistes ind\u00e9pendants des\ngrands groupes pour g\u00e9rer cette fin de d\u00e9l\u00e9gation et bien pr\u00e9parer le retour en\nr\u00e9gie directe.\n\nLa M\u00e9tropole mettra en place une\ntarification sociale de l\u2019eau, elle envisage notamment de rendre gratuit les\npremiers m<sup>3<\/sup> d\u2019eau consomm\u00e9s par les usagers. Elle devrait prendre\ncontact avec la r\u00e9gie de la m\u00e9tropole grenobloise \u00e0 ce sujet car il n\u2019est pas\ntoujours possible d\u2019isoler la consommation de chaque usager quand il est log\u00e9\ndans un immeuble collectif qui n\u2019a qu\u2019un compteur g\u00e9n\u00e9ral du service de l\u2019eau.\nLa m\u00e9thode grenobloise permet de faire une tarification sociale effective \u00e0 environ\n10&nbsp;000 m\u00e9nages lorsque la facture d\u2019eau estim\u00e9e th\u00e9oriquement d\u00e9passe les\n3% du revenu du m\u00e9nage, gr\u00e2ce \u00e0 un contrat avec la CAF. Cela permet d\u2019atteindre\ntous les usagers qu\u2019ils soient ou non abonn\u00e9s directs du service, \u00e0 condition\nqu\u2019ils soient connus de la CAF, ce qui couvre la grande majorit\u00e9 des m\u00e9nages\naux faibles revenus, mais malheureusement pas la totalit\u00e9&nbsp;; il faudrait\nalors voir avec l\u2019administration fiscale s\u2019il n\u2019y pas une possibilit\u00e9 de\npouvoir couvrir l\u2019ensemble des m\u00e9nages.\n\n\n\n<\/p>\n","protected":false},"excerpt":{"rendered":"<p>Encore un grand service public de l\u2019eau qui va revenir en gestion directe apr\u00e8s une tr\u00e8s longue p\u00e9riode de d\u00e9l\u00e9gation \u00e0 la Compagnie G\u00e9n\u00e9rale des Eaux-CGE, p\u00e9riode qui avait d\u00e9but\u00e9 en 1853, c\u2019\u00e9tait la premi\u00e8re concession \u00e0 une entreprise priv\u00e9e d\u2019un service communal de l\u2019eau. La CGE a chang\u00e9 plusieurs fois de nom, Vivendi puis [&hellip;]<\/p>\n","protected":false},"author":1,"featured_media":0,"comment_status":"closed","ping_status":"open","sticky":false,"template":"","format":"standard","meta":{"twitterCardType":"","cardImageID":0,"cardImage":"","cardTitle":"","cardDesc":"","cardImageAlt":"","cardPlayer":"","cardPlayerWidth":0,"cardPlayerHeight":0,"cardPlayerStream":"","cardPlayerCodec":"","footnotes":""},"categories":[62,11],"tags":[232,348,280,44],"class_list":["post-17989","post","type-post","status-publish","format-standard","hentry","category-le-rouge-le-vert-hebdo","category-politique-locale","tag-eau","tag-lyon","tag-metropole","tag-services-publics"],"_links":{"self":[{"href":"https:\/\/www.ades-grenoble.org\/wordpress\/wp-json\/wp\/v2\/posts\/17989","targetHints":{"allow":["GET"]}}],"collection":[{"href":"https:\/\/www.ades-grenoble.org\/wordpress\/wp-json\/wp\/v2\/posts"}],"about":[{"href":"https:\/\/www.ades-grenoble.org\/wordpress\/wp-json\/wp\/v2\/types\/post"}],"author":[{"embeddable":true,"href":"https:\/\/www.ades-grenoble.org\/wordpress\/wp-json\/wp\/v2\/users\/1"}],"replies":[{"embeddable":true,"href":"https:\/\/www.ades-grenoble.org\/wordpress\/wp-json\/wp\/v2\/comments?post=17989"}],"version-history":[{"count":1,"href":"https:\/\/www.ades-grenoble.org\/wordpress\/wp-json\/wp\/v2\/posts\/17989\/revisions"}],"predecessor-version":[{"id":17991,"href":"https:\/\/www.ades-grenoble.org\/wordpress\/wp-json\/wp\/v2\/posts\/17989\/revisions\/17991"}],"wp:attachment":[{"href":"https:\/\/www.ades-grenoble.org\/wordpress\/wp-json\/wp\/v2\/media?parent=17989"}],"wp:term":[{"taxonomy":"category","embeddable":true,"href":"https:\/\/www.ades-grenoble.org\/wordpress\/wp-json\/wp\/v2\/categories?post=17989"},{"taxonomy":"post_tag","embeddable":true,"href":"https:\/\/www.ades-grenoble.org\/wordpress\/wp-json\/wp\/v2\/tags?post=17989"}],"curies":[{"name":"wp","href":"https:\/\/api.w.org\/{rel}","templated":true}]}}