{"id":1803,"date":"2010-05-30T18:09:47","date_gmt":"2010-05-30T16:09:47","guid":{"rendered":"http:\/\/www.ades-grenoble.org\/wordpress\/?p=1803"},"modified":"2010-06-10T20:42:44","modified_gmt":"2010-06-10T18:42:44","slug":"conseil-regional-les-ecologistes-marquent-des-points%e2%80%a6","status":"publish","type":"post","link":"https:\/\/www.ades-grenoble.org\/wordpress\/2010\/05\/30\/conseil-regional-les-ecologistes-marquent-des-points%e2%80%a6\/","title":{"rendered":"Conseil r\u00e9gional, les \u00e9cologistes marquent des points\u2026"},"content":{"rendered":"<p>Le jeudi 27 mai, lors de l\u2019assembl\u00e9e pl\u00e9ni\u00e8re du Conseil r\u00e9gional, les \u00e9cologistes ont propos\u00e9 un amendement concernant la politique \u00e9conomique. Ils ont propos\u00e9 que la R\u00e9gion fasse une \u00e9valuation des p\u00f4les de comp\u00e9titivit\u00e9s et des \u00ab\u00a0clusters\u00a0\u00bb. Cela paraissait \u00e9vident puisque la R\u00e9gion et d\u2019autres collectivit\u00e9s publiques y mettent beaucoup d\u2019argent public, et qu\u2019il est donc important de savoir si ces op\u00e9rations sont socialement et \u00e9cologiquement utiles.<\/p>\n<p>De mani\u00e8re surprenante, le PS s\u2019est oppos\u00e9 fortement \u00e0 cet amendement, allant jusqu&rsquo;\u00e0 prof\u00e9rer quelques menaces. L\u2019amendement a \u00e9t\u00e9 finalement adopt\u00e9 (par les \u00e9colos et la droite (!), et contre le PS et le FN, le Front de gauche n\u2019a pas particip\u00e9 au vote). Que cache cette opposition virulente du PS\u00a0?<\/p>\n","protected":false},"excerpt":{"rendered":"<p>Le jeudi 27 mai, lors de l\u2019assembl\u00e9e pl\u00e9ni\u00e8re du Conseil r\u00e9gional, les \u00e9cologistes ont propos\u00e9 un amendement concernant la politique \u00e9conomique. Ils ont propos\u00e9 que la R\u00e9gion fasse une \u00e9valuation des p\u00f4les de comp\u00e9titivit\u00e9s et des \u00ab\u00a0clusters\u00a0\u00bb. Cela paraissait \u00e9vident puisque la R\u00e9gion et d\u2019autres collectivit\u00e9s publiques y mettent beaucoup d\u2019argent public, et qu\u2019il est [&hellip;]<\/p>\n","protected":false},"author":1,"featured_media":0,"comment_status":"open","ping_status":"open","sticky":false,"template":"","format":"standard","meta":{"twitterCardType":"","cardImageID":0,"cardImage":"","cardTitle":"","cardDesc":"","cardImageAlt":"","cardPlayer":"","cardPlayerWidth":0,"cardPlayerHeight":0,"cardPlayerStream":"","cardPlayerCodec":"","footnotes":""},"categories":[62],"tags":[79],"class_list":["post-1803","post","type-post","status-publish","format-standard","hentry","category-le-rouge-le-vert-hebdo","tag-conseil-regional"],"_links":{"self":[{"href":"https:\/\/www.ades-grenoble.org\/wordpress\/wp-json\/wp\/v2\/posts\/1803","targetHints":{"allow":["GET"]}}],"collection":[{"href":"https:\/\/www.ades-grenoble.org\/wordpress\/wp-json\/wp\/v2\/posts"}],"about":[{"href":"https:\/\/www.ades-grenoble.org\/wordpress\/wp-json\/wp\/v2\/types\/post"}],"author":[{"embeddable":true,"href":"https:\/\/www.ades-grenoble.org\/wordpress\/wp-json\/wp\/v2\/users\/1"}],"replies":[{"embeddable":true,"href":"https:\/\/www.ades-grenoble.org\/wordpress\/wp-json\/wp\/v2\/comments?post=1803"}],"version-history":[{"count":2,"href":"https:\/\/www.ades-grenoble.org\/wordpress\/wp-json\/wp\/v2\/posts\/1803\/revisions"}],"predecessor-version":[{"id":1872,"href":"https:\/\/www.ades-grenoble.org\/wordpress\/wp-json\/wp\/v2\/posts\/1803\/revisions\/1872"}],"wp:attachment":[{"href":"https:\/\/www.ades-grenoble.org\/wordpress\/wp-json\/wp\/v2\/media?parent=1803"}],"wp:term":[{"taxonomy":"category","embeddable":true,"href":"https:\/\/www.ades-grenoble.org\/wordpress\/wp-json\/wp\/v2\/categories?post=1803"},{"taxonomy":"post_tag","embeddable":true,"href":"https:\/\/www.ades-grenoble.org\/wordpress\/wp-json\/wp\/v2\/tags?post=1803"}],"curies":[{"name":"wp","href":"https:\/\/api.w.org\/{rel}","templated":true}]}}