{"id":18042,"date":"2020-11-13T14:06:51","date_gmt":"2020-11-13T13:06:51","guid":{"rendered":"https:\/\/www.ades-grenoble.org\/wordpress\/?p=18042"},"modified":"2020-11-13T14:37:56","modified_gmt":"2020-11-13T13:37:56","slug":"politique-politicienne-209","status":"publish","type":"post","link":"https:\/\/www.ades-grenoble.org\/wordpress\/2020\/11\/13\/politique-politicienne-209\/","title":{"rendered":"Politique politicienne"},"content":{"rendered":"\n<div class=\"wp-block-image\"><figure class=\"alignleft\"><img loading=\"lazy\" decoding=\"async\" width=\"200\" height=\"234\" src=\"https:\/\/www.ades-grenoble.org\/wordpress\/wp-content\/uploads\/2015\/01\/fou1.png\" alt=\"fou\" class=\"wp-image-9634\" srcset=\"https:\/\/www.ades-grenoble.org\/wordpress\/wp-content\/uploads\/2015\/01\/fou1.png 200w, https:\/\/www.ades-grenoble.org\/wordpress\/wp-content\/uploads\/2015\/01\/fou1-128x150.png 128w\" sizes=\"auto, (max-width: 200px) 100vw, 200px\" \/><\/figure><\/div>\n\n\n\n<p>\n\n\n\n\n\n\n\n\n\n\n\n\n\n\n\n\n\nEn\ncontradiction totale avec l&rsquo;interdiction pour chacun d&rsquo;entre nous de circuler,\nm\u00eame de se promener en distanciation physique dans la nature et en montagne, le\nlobby des chasseurs bien install\u00e9 \u00e0 l&rsquo;Elys\u00e9e et Matignon (gr\u00e2ce \u00e0 Thierry\nCoste&nbsp;patron des chasseurs et soutien actif de la macronie qui avait eu la\npeau du ministre Nicolas Hulot) obtient une d\u00e9rogation au confinement, un passe-droit\nde circuler dans la nature pour \u00ab&nbsp;<em>la r\u00e9gulation des esp\u00e8ces\nsauvages&nbsp;<\/em>\u00bb !&nbsp; Un arr\u00eat\u00e9 du 5\nnovembre 2020 du pr\u00e9fet de l\u2019Is\u00e8re, tr\u00e8s alambiqu\u00e9, justifie cette d\u00e9rogation\nau confinement. Notre pays est gangr\u00e9n\u00e9 par la pr\u00e9sence et la puissance des\nlobbies ! Hier les betteraviers et leurs industriels ont permis la\nr\u00e9introduction par le Parlement des n\u00e9onicotino\u00efdes pourtant interdits.&nbsp; Aujourd&rsquo;hui la chasse&#8230; La liste est longue\nde cette mafia bien fran\u00e7aise de collusion entre certains politiques, des\nlobbies et des industriels.&nbsp;\n\n\n\n<\/p>\n","protected":false},"excerpt":{"rendered":"<p>En contradiction totale avec l&rsquo;interdiction pour chacun d&rsquo;entre nous de circuler, m\u00eame de se promener en distanciation physique dans la nature et en montagne, le lobby des chasseurs bien install\u00e9 \u00e0 l&rsquo;Elys\u00e9e et Matignon (gr\u00e2ce \u00e0 Thierry Coste&nbsp;patron des chasseurs et soutien actif de la macronie qui avait eu la peau du ministre Nicolas Hulot) [&hellip;]<\/p>\n","protected":false},"author":1,"featured_media":0,"comment_status":"closed","ping_status":"open","sticky":false,"template":"","format":"standard","meta":{"twitterCardType":"","cardImageID":0,"cardImage":"","cardTitle":"","cardDesc":"","cardImageAlt":"","cardPlayer":"","cardPlayerWidth":0,"cardPlayerHeight":0,"cardPlayerStream":"","cardPlayerCodec":"","footnotes":""},"categories":[62,11],"tags":[54],"class_list":["post-18042","post","type-post","status-publish","format-standard","hentry","category-le-rouge-le-vert-hebdo","category-politique-locale","tag-politique-droite-gauche"],"_links":{"self":[{"href":"https:\/\/www.ades-grenoble.org\/wordpress\/wp-json\/wp\/v2\/posts\/18042","targetHints":{"allow":["GET"]}}],"collection":[{"href":"https:\/\/www.ades-grenoble.org\/wordpress\/wp-json\/wp\/v2\/posts"}],"about":[{"href":"https:\/\/www.ades-grenoble.org\/wordpress\/wp-json\/wp\/v2\/types\/post"}],"author":[{"embeddable":true,"href":"https:\/\/www.ades-grenoble.org\/wordpress\/wp-json\/wp\/v2\/users\/1"}],"replies":[{"embeddable":true,"href":"https:\/\/www.ades-grenoble.org\/wordpress\/wp-json\/wp\/v2\/comments?post=18042"}],"version-history":[{"count":1,"href":"https:\/\/www.ades-grenoble.org\/wordpress\/wp-json\/wp\/v2\/posts\/18042\/revisions"}],"predecessor-version":[{"id":18043,"href":"https:\/\/www.ades-grenoble.org\/wordpress\/wp-json\/wp\/v2\/posts\/18042\/revisions\/18043"}],"wp:attachment":[{"href":"https:\/\/www.ades-grenoble.org\/wordpress\/wp-json\/wp\/v2\/media?parent=18042"}],"wp:term":[{"taxonomy":"category","embeddable":true,"href":"https:\/\/www.ades-grenoble.org\/wordpress\/wp-json\/wp\/v2\/categories?post=18042"},{"taxonomy":"post_tag","embeddable":true,"href":"https:\/\/www.ades-grenoble.org\/wordpress\/wp-json\/wp\/v2\/tags?post=18042"}],"curies":[{"name":"wp","href":"https:\/\/api.w.org\/{rel}","templated":true}]}}