{"id":18044,"date":"2020-11-13T14:11:40","date_gmt":"2020-11-13T13:11:40","guid":{"rendered":"https:\/\/www.ades-grenoble.org\/wordpress\/?p=18044"},"modified":"2020-11-13T14:37:59","modified_gmt":"2020-11-13T13:37:59","slug":"le-role-du-logement-pendant-la-crise-sanitaire","status":"publish","type":"post","link":"https:\/\/www.ades-grenoble.org\/wordpress\/2020\/11\/13\/le-role-du-logement-pendant-la-crise-sanitaire\/","title":{"rendered":"Le r\u00f4le du logement pendant la crise sanitaire"},"content":{"rendered":"\n<div class=\"wp-block-image\"><figure class=\"alignleft\"><img loading=\"lazy\" decoding=\"async\" width=\"350\" height=\"350\" src=\"https:\/\/www.ades-grenoble.org\/wordpress\/wp-content\/uploads\/2020\/11\/PUCA.jpg\" alt=\"\" class=\"wp-image-18045\" srcset=\"https:\/\/www.ades-grenoble.org\/wordpress\/wp-content\/uploads\/2020\/11\/PUCA.jpg 350w, https:\/\/www.ades-grenoble.org\/wordpress\/wp-content\/uploads\/2020\/11\/PUCA-150x150.jpg 150w, https:\/\/www.ades-grenoble.org\/wordpress\/wp-content\/uploads\/2020\/11\/PUCA-300x300.jpg 300w, https:\/\/www.ades-grenoble.org\/wordpress\/wp-content\/uploads\/2020\/11\/PUCA-144x144.jpg 144w\" sizes=\"auto, (max-width: 350px) 100vw, 350px\" \/><\/figure><\/div>\n\n\n\n<p>Le<em> \u00ab&nbsp;Plan Urbanisme\nConstruction Architecture&nbsp;\u00bb<\/em> (Puca) est une agence interminist\u00e9rielle\ncr\u00e9\u00e9e afin de faire progresser les connaissances sur les territoires et les\nvilles et \u00e9clairer l\u2019action publique. Le Puca initie des programmes de\nrecherche et apporte son soutien dans les domaines de l\u2019am\u00e9nagement des\nterritoires, de l\u2019urbanisme, de l\u2019habitat, de l\u2019architecture et de la\nconstruction.<\/p>\n\n\n\n<p>Il vient de publier <a href=\"http:\/\/www.urbanisme-puca.gouv.fr\/IMG\/pdf\/note_covid_v2.pdf\" target=\"_blank\" rel=\"noreferrer noopener\" aria-label=\"une note d\u2019analyse intitul\u00e9e \u00ab\u00a0Le logement face \u00e0 la crise sanitaire\u00a0\u00bb (s\u2019ouvre dans un nouvel onglet)\">une note d\u2019analyse intitul\u00e9e \u00ab\u00a0<\/a><em><a href=\"http:\/\/www.urbanisme-puca.gouv.fr\/IMG\/pdf\/note_covid_v2.pdf\" target=\"_blank\" rel=\"noreferrer noopener\" aria-label=\"une note d\u2019analyse intitul\u00e9e \u00ab\u00a0Le logement face \u00e0 la crise sanitaire\u00a0\u00bb (s\u2019ouvre dans un nouvel onglet)\">Le logement face \u00e0 la crise sanitaire\u00a0\u00bb<\/a><\/em> qui apporte des r\u00e9flexions sur les besoins en mati\u00e8re d&rsquo;h\u00e9bergement d&rsquo;urgence, la sur-occupation des logements,\u00a0la n\u00e9cessit\u00e9 de concevoir des logements plus flexibles\u2026 La crise sanitaire amplifie le mal-logement.<\/p>\n\n\n\n<!--more-->\n\n\n\n<p><em>\u00ab&nbsp;Ces\nderniers mois, la moiti\u00e9 de la population mondiale est rest\u00e9e confin\u00e9e pour\nlimiter la propagation de l\u2019\u00e9pid\u00e9mie de la covid19. De ce fait, le rapport au\nlogement est devenu l\u2019un des points n\u00e9vralgiques de l\u2019appr\u00e9hension de la crise.\nFace \u00e0 une situation in\u00e9dite de confinement, le logement est observ\u00e9 sous\ntoutes ses coutures. Chercheurs et sp\u00e9cialistes soulignent les tensions qui le\ntraversent, confortant pour certains leurs analyses ant\u00e9rieures, ou d\u00e9pla\u00e7ant\nle curseur pour d\u2019autres, appelant de mani\u00e8re plus radicale \u00e0 des changements\nd\u2019approches pour la plupart. <\/em><\/p>\n\n\n\n<p><em>On note que ce sont les modes de spatialisation du logement qui sont souvent mis en exergue. Il est question de ce que permet la surface int\u00e9rieure et ses agencements, ce \u00e0 quoi donnent acc\u00e8s ses interfaces avec l\u2019ext\u00e9rieur, et ce qu\u2019autorise sa localisation. Ce n\u2019est plus simplement le \u00ab droit au logement \u00bb (sujet \u00e9galement aviv\u00e9 par la crise), mais \u00ab ce \u00e0 quoi le logement donne droit \u00bb qui est comment\u00e9. Cet \u00e9largissement de perspective donne lieu \u00e0 une grande vari\u00e9t\u00e9 d\u2019articles pouvant \u00e9marger \u00e0 plusieurs registres, rendant difficile le classement dans une perspective analytique. Ce sont toutefois les in\u00e9galit\u00e9s entre populations, entre quartiers, et entre types de territoire qui ressortent des principales analyses, et une exposition diff\u00e9renci\u00e9e aux dysfonctionnements que la crise aura r\u00e9v\u00e9l\u00e9s ou produit\u00a0\u00bb<\/em><a href=\"http:\/\/www.urbanisme-puca.gouv.fr\/IMG\/pdf\/note_covid_v2.pdf\"><\/a><\/p>\n","protected":false},"excerpt":{"rendered":"<p>Le \u00ab&nbsp;Plan Urbanisme Construction Architecture&nbsp;\u00bb (Puca) est une agence interminist\u00e9rielle cr\u00e9\u00e9e afin de faire progresser les connaissances sur les territoires et les villes et \u00e9clairer l\u2019action publique. Le Puca initie des programmes de recherche et apporte son soutien dans les domaines de l\u2019am\u00e9nagement des territoires, de l\u2019urbanisme, de l\u2019habitat, de l\u2019architecture et de la construction. [&hellip;]<\/p>\n","protected":false},"author":1,"featured_media":0,"comment_status":"closed","ping_status":"open","sticky":false,"template":"","format":"standard","meta":{"twitterCardType":"","cardImageID":0,"cardImage":"","cardTitle":"","cardDesc":"","cardImageAlt":"","cardPlayer":"","cardPlayerWidth":0,"cardPlayerHeight":0,"cardPlayerStream":"","cardPlayerCodec":"","footnotes":""},"categories":[62,11],"tags":[209,66,181,99],"class_list":["post-18044","post","type-post","status-publish","format-standard","hentry","category-le-rouge-le-vert-hebdo","category-politique-locale","tag-hebergement","tag-logement","tag-precarite","tag-sante"],"_links":{"self":[{"href":"https:\/\/www.ades-grenoble.org\/wordpress\/wp-json\/wp\/v2\/posts\/18044","targetHints":{"allow":["GET"]}}],"collection":[{"href":"https:\/\/www.ades-grenoble.org\/wordpress\/wp-json\/wp\/v2\/posts"}],"about":[{"href":"https:\/\/www.ades-grenoble.org\/wordpress\/wp-json\/wp\/v2\/types\/post"}],"author":[{"embeddable":true,"href":"https:\/\/www.ades-grenoble.org\/wordpress\/wp-json\/wp\/v2\/users\/1"}],"replies":[{"embeddable":true,"href":"https:\/\/www.ades-grenoble.org\/wordpress\/wp-json\/wp\/v2\/comments?post=18044"}],"version-history":[{"count":1,"href":"https:\/\/www.ades-grenoble.org\/wordpress\/wp-json\/wp\/v2\/posts\/18044\/revisions"}],"predecessor-version":[{"id":18046,"href":"https:\/\/www.ades-grenoble.org\/wordpress\/wp-json\/wp\/v2\/posts\/18044\/revisions\/18046"}],"wp:attachment":[{"href":"https:\/\/www.ades-grenoble.org\/wordpress\/wp-json\/wp\/v2\/media?parent=18044"}],"wp:term":[{"taxonomy":"category","embeddable":true,"href":"https:\/\/www.ades-grenoble.org\/wordpress\/wp-json\/wp\/v2\/categories?post=18044"},{"taxonomy":"post_tag","embeddable":true,"href":"https:\/\/www.ades-grenoble.org\/wordpress\/wp-json\/wp\/v2\/tags?post=18044"}],"curies":[{"name":"wp","href":"https:\/\/api.w.org\/{rel}","templated":true}]}}