{"id":18065,"date":"2020-11-20T13:02:53","date_gmt":"2020-11-20T12:02:53","guid":{"rendered":"https:\/\/www.ades-grenoble.org\/wordpress\/?p=18065"},"modified":"2020-11-20T14:31:00","modified_gmt":"2020-11-20T13:31:00","slug":"diverses-actualites-10","status":"publish","type":"post","link":"https:\/\/www.ades-grenoble.org\/wordpress\/2020\/11\/20\/diverses-actualites-10\/","title":{"rendered":"Diverses actualit\u00e9s"},"content":{"rendered":"\n<div class=\"wp-block-image\"><figure class=\"alignleft\"><img loading=\"lazy\" decoding=\"async\" width=\"351\" height=\"292\" src=\"https:\/\/www.ades-grenoble.org\/wordpress\/wp-content\/uploads\/2020\/06\/logo-journal.jpg\" alt=\"\" class=\"wp-image-17520\" srcset=\"https:\/\/www.ades-grenoble.org\/wordpress\/wp-content\/uploads\/2020\/06\/logo-journal.jpg 351w, https:\/\/www.ades-grenoble.org\/wordpress\/wp-content\/uploads\/2020\/06\/logo-journal-150x125.jpg 150w, https:\/\/www.ades-grenoble.org\/wordpress\/wp-content\/uploads\/2020\/06\/logo-journal-300x250.jpg 300w\" sizes=\"auto, (max-width: 351px) 100vw, 351px\" \/><\/figure><\/div>\n\n\n\n<p><strong>D\u00e9ployer la sobri\u00e9t\u00e9 num\u00e9rique : un nouveau <a href=\"https:\/\/theshiftproject.org\/wp-content\/uploads\/2020\/10\/Deployer-la-sobriete-numerique_Resume_ShiftProject.pdf\" target=\"_blank\" rel=\"noreferrer noopener\" aria-label=\"rapport sur l\u2019impact environnemental du num\u00e9rique (s\u2019ouvre dans un nouvel onglet)\">rapport sur l\u2019impact environnemental du num\u00e9rique<\/a>. <\/strong>Le num\u00e9rique est \u00e0 la fois un outil et un d\u00e9fi pour la transition carbone\u00a0: les opportunit\u00e9s qu\u2019il propose sont r\u00e9elles, mais soumises aux m\u00eames contraintes que le reste de nos syst\u00e8mes. Il est donc de notre ressort et de notre responsabilit\u00e9 de choisir les directions \u00e0 donner \u00e0 nos usages et infrastructures num\u00e9riques pour en garantir la\u00a0r\u00e9silience\u00a0et la\u00a0p\u00e9rennit\u00e9.<\/p>\n\n\n\n<hr class=\"wp-block-separator\"\/>\n\n\n\n<p><strong>Fonctionnement des organes d\u00e9lib\u00e9rants des collectivit\u00e9s locales pendant le confinement : o\u00f9 en est-on ?<\/strong> <a href=\"https:\/\/medias.amf.asso.fr\/upload\/files\/FAQ_organes_delib.pdf\" target=\"_blank\" rel=\"noreferrer noopener\" aria-label=\"La direction g\u00e9n\u00e9rale des collectivit\u00e9s locales (DGCL) r\u00e9pond \u00e0 un certain nombre d\u2019interrogations (s\u2019ouvre dans un nouvel onglet)\">La direction g\u00e9n\u00e9rale des collectivit\u00e9s locales (DGCL) r\u00e9pond \u00e0 un certain nombre d\u2019interrogations<\/a>.<\/p>\n\n\n\n<p>Lire aussi <a href=\"https:\/\/www.legifrance.gouv.fr\/jorf\/id\/JORFTEXT000042520662\" target=\"_blank\" rel=\"noreferrer noopener\" aria-label=\"la loi n\u00b0 2020-1379 du 14 novembre 2020 (s\u2019ouvre dans un nouvel onglet)\">la loi n\u00b0 2020-1379 du 14 novembre 2020<\/a> autorisant la prorogation de l\u2019\u00e9tat d\u2019urgence sanitaire et portant diverses mesures de gestion de la crise sanitaire. <\/p>\n\n\n\n<hr class=\"wp-block-separator\"\/>\n\n\n\n<p><strong>La mortalit\u00e9 stagne \u00e0 l\u2019\u00e2ge adulte pour les g\u00e9n\u00e9rations n\u00e9es entre 1941 et 1955. <\/strong><a href=\"https:\/\/www.insee.fr\/fr\/statistiques\/4961641\" target=\"_blank\" rel=\"noreferrer noopener\" aria-label=\"L\u2019INSEE publie une \u00e9tude (s\u2019ouvre dans un nouvel onglet)\">L\u2019INSEE publie une \u00e9tude<\/a> qui indique que depuis la fin du XIX\u1d49\u00a0si\u00e8cle, la mortalit\u00e9 a tendance \u00e0 baisser de g\u00e9n\u00e9ration en g\u00e9n\u00e9ration, mais pour celles n\u00e9es entre 1941 et 1955, elle stagne \u00e0 l\u2019\u00e2ge adulte\u2026 Pourquoi\u00a0? <\/p>\n\n\n\n<!--more-->\n\n\n\n<hr class=\"wp-block-separator\"\/>\n\n\n\n<p><strong>Acc\u00e9l\u00e9rer la r\u00e9cup\u00e9ration de chaleur en ville : les solutions d\u00e9centralis\u00e9es. <\/strong><a href=\"https:\/\/institut-economie-circulaire.fr\/wp-content\/uploads\/2020\/11\/inec_boucleeau.pdf\" target=\"_blank\" rel=\"noreferrer noopener\" aria-label=\"Une \u00e9tude co-r\u00e9alis\u00e9e par l'Institut national de l'\u00e9conomie circulaire et France Energie (s\u2019ouvre dans un nouvel onglet)\">Une \u00e9tude co-r\u00e9alis\u00e9e par l&rsquo;Institut national de l&rsquo;\u00e9conomie circulaire et France Energie<\/a> a tent\u00e9 pour la premi\u00e8re fois d&rsquo;\u00e9valuer le potentiel de r\u00e9cup\u00e9ration de la chaleur perdue en milieu urbain. Elle pr\u00e9conise notamment d&rsquo;encourager la r\u00e9cup\u00e9ration de chaleur d\u00e9centralis\u00e9e dans la commande publique pour la r\u00e9novation \u00e9nerg\u00e9tique des b\u00e2timents publics.<\/p>\n\n\n\n<hr class=\"wp-block-separator\"\/>\n\n\n\n<p><strong>Le Haut conseil \u00e0 l&rsquo;\u00e9galit\u00e9 favorable aux obligations paritaires. <\/strong>L\u2019instance charg\u00e9e de la promotion de l\u2019\u00e9galit\u00e9 des sexes formule d<a href=\"https:\/\/haut-conseil-egalite.gouv.fr\/parite\/actualites\/article\/elections-municipales-et-communautaires-sans-obligations-paritaires-le-pouvoir\" target=\"_blank\" rel=\"noreferrer noopener\" aria-label=\"es recommandations pour atteindre la parit\u00e9 dans les assembl\u00e9es et ex\u00e9cutifs locaux (s\u2019ouvre dans un nouvel onglet)\">es recommandations pour atteindre la parit\u00e9 dans les assembl\u00e9es et ex\u00e9cutifs locaux<\/a>, notamment en renfor\u00e7ant la contrainte paritaire.\u00a0<\/p>\n\n\n\n<hr class=\"wp-block-separator\"\/>\n\n\n\n<p><strong>Lettre ouverte au Pr\u00e9sident de la R\u00e9publique pour l\u2019\u00e9galit\u00e9 r\u00e9publicaine de nos quartiers prioritaires. <\/strong>150 \u00e9lus ont lanc\u00e9 vendredi 14 novembre <a href=\"https:\/\/www.territoires.org\/lettre_ouverte_au_president_de_la_republique_pour_egalite_republicaine_de_nos_quartiers_prioritaires\" target=\"_blank\" rel=\"noreferrer noopener\" aria-label=\"un appel au secours (s\u2019ouvre dans un nouvel onglet)\">un appel au secours<\/a> dans lequel ils demandent que 1% des 100 milliards d&rsquo;euros du plan de relance soit sanctuaris\u00e9 pour les \u00ab\u00a0<em>territoires en d\u00e9crochage\u00a0<\/em>\u00bb, dont la \u00ab\u00a0<em>d\u00e9tresse sociale et \u00e9conomique<\/em>\u00a0\u00bb a \u00e9t\u00e9 accentu\u00e9e par la crise sanitaire.\u00a0<\/p>\n\n\n\n<hr class=\"wp-block-separator\"\/>\n\n\n\n<p><strong>Le pouvoir d&rsquo;achat des agents publics a baiss\u00e9 en 2018, pour la premi\u00e8re fois depuis 2013.<\/strong> Les salaires ont certes \u00e9t\u00e9 en hausse en 2018 (+ 0,9 %), mais compte tenu de l&rsquo;inflation, ils ont baiss\u00e9 en euros constants, de 1 % (- 0,9 % dans la Fonction Publique Territoriale), d\u2019apr\u00e8s<a href=\"https:\/\/www.fonction-publique.gouv.fr\/rapport-annuel-sur-letat-de-la-fonction-publique-edition-2020-0\" target=\"_blank\" rel=\"noreferrer noopener\" aria-label=\" le rapport annuel de la DGAFP (s\u2019ouvre dans un nouvel onglet)\"> le rapport annuel de la DGAFP<\/a>. <\/p>\n","protected":false},"excerpt":{"rendered":"<p>D\u00e9ployer la sobri\u00e9t\u00e9 num\u00e9rique : un nouveau rapport sur l\u2019impact environnemental du num\u00e9rique. Le num\u00e9rique est \u00e0 la fois un outil et un d\u00e9fi pour la transition carbone\u00a0: les opportunit\u00e9s qu\u2019il propose sont r\u00e9elles, mais soumises aux m\u00eames contraintes que le reste de nos syst\u00e8mes. Il est donc de notre ressort et de notre responsabilit\u00e9 [&hellip;]<\/p>\n","protected":false},"author":1,"featured_media":0,"comment_status":"closed","ping_status":"open","sticky":false,"template":"","format":"standard","meta":{"twitterCardType":"","cardImageID":0,"cardImage":"","cardTitle":"","cardDesc":"","cardImageAlt":"","cardPlayer":"","cardPlayerWidth":0,"cardPlayerHeight":0,"cardPlayerStream":"","cardPlayerCodec":"","footnotes":""},"categories":[62,11],"tags":[235,175,189,99],"class_list":["post-18065","post","type-post","status-publish","format-standard","hentry","category-le-rouge-le-vert-hebdo","category-politique-locale","tag-energie","tag-environnement","tag-politique-de-la-ville","tag-sante"],"_links":{"self":[{"href":"https:\/\/www.ades-grenoble.org\/wordpress\/wp-json\/wp\/v2\/posts\/18065","targetHints":{"allow":["GET"]}}],"collection":[{"href":"https:\/\/www.ades-grenoble.org\/wordpress\/wp-json\/wp\/v2\/posts"}],"about":[{"href":"https:\/\/www.ades-grenoble.org\/wordpress\/wp-json\/wp\/v2\/types\/post"}],"author":[{"embeddable":true,"href":"https:\/\/www.ades-grenoble.org\/wordpress\/wp-json\/wp\/v2\/users\/1"}],"replies":[{"embeddable":true,"href":"https:\/\/www.ades-grenoble.org\/wordpress\/wp-json\/wp\/v2\/comments?post=18065"}],"version-history":[{"count":1,"href":"https:\/\/www.ades-grenoble.org\/wordpress\/wp-json\/wp\/v2\/posts\/18065\/revisions"}],"predecessor-version":[{"id":18066,"href":"https:\/\/www.ades-grenoble.org\/wordpress\/wp-json\/wp\/v2\/posts\/18065\/revisions\/18066"}],"wp:attachment":[{"href":"https:\/\/www.ades-grenoble.org\/wordpress\/wp-json\/wp\/v2\/media?parent=18065"}],"wp:term":[{"taxonomy":"category","embeddable":true,"href":"https:\/\/www.ades-grenoble.org\/wordpress\/wp-json\/wp\/v2\/categories?post=18065"},{"taxonomy":"post_tag","embeddable":true,"href":"https:\/\/www.ades-grenoble.org\/wordpress\/wp-json\/wp\/v2\/tags?post=18065"}],"curies":[{"name":"wp","href":"https:\/\/api.w.org\/{rel}","templated":true}]}}