{"id":18081,"date":"2020-11-20T13:48:11","date_gmt":"2020-11-20T12:48:11","guid":{"rendered":"https:\/\/www.ades-grenoble.org\/wordpress\/?p=18081"},"modified":"2020-11-20T14:31:33","modified_gmt":"2020-11-20T13:31:33","slug":"andre-beranger-1947-2020-militant-de-la-villeneuve","status":"publish","type":"post","link":"https:\/\/www.ades-grenoble.org\/wordpress\/2020\/11\/20\/andre-beranger-1947-2020-militant-de-la-villeneuve\/","title":{"rendered":"Andr\u00e9 B\u00e9ranger 1947-2020, militant de la Villeneuve"},"content":{"rendered":"\n<div class=\"wp-block-image\"><figure class=\"alignleft\"><img loading=\"lazy\" decoding=\"async\" width=\"380\" height=\"253\" src=\"https:\/\/www.ades-grenoble.org\/wordpress\/wp-content\/uploads\/2020\/11\/AndreBeranger.jpg\" alt=\"\" class=\"wp-image-18082\" srcset=\"https:\/\/www.ades-grenoble.org\/wordpress\/wp-content\/uploads\/2020\/11\/AndreBeranger.jpg 380w, https:\/\/www.ades-grenoble.org\/wordpress\/wp-content\/uploads\/2020\/11\/AndreBeranger-150x100.jpg 150w, https:\/\/www.ades-grenoble.org\/wordpress\/wp-content\/uploads\/2020\/11\/AndreBeranger-300x200.jpg 300w\" sizes=\"auto, (max-width: 380px) 100vw, 380px\" \/><\/figure><\/div>\n\n\n\n<p>Le 15 novembre 2020, Andr\u00e9\nB\u00e9ranger a selon ses mots \u00ab&nbsp;<em>tir\u00e9 sa\nr\u00e9v\u00e9rence&nbsp;<\/em>\u00bb, ne supportant plus une maladie neuro-d\u00e9g\u00e9n\u00e9rative qui\nl\u2019emp\u00eachait de vivre dignement. La veille, un rassemblement de soutien s\u2019est d\u00e9roul\u00e9\nsous ses fen\u00eatres pour un dernier hommage.<\/p>\n\n\n\n<p>Inlassable d\u00e9fenseur de la\nVilleneuve depuis sa cr\u00e9ation comme instituteur engag\u00e9 dans un projet\np\u00e9dagogique novateur, puis directeur de l\u2019\u00e9cole des Charmes, enfin chef de file\ndes anti-d\u00e9molitions de logements de la Villeneuve avec l\u2019organisation du\nr\u00e9f\u00e9rendum d\u2019initiative citoyenne (RIC), Andr\u00e9 a \u00e9t\u00e9 l&rsquo;un des plus d\u00e9termin\u00e9s\ncontradicteurs du projet ANRU. Toute sa vie il se sera engag\u00e9 au service des\nautres d\u00e9montrant ses valeurs incontestables de solidarit\u00e9 et de d\u00e9mocratie.<\/p>\n\n\n\n<p>Il a transmis un texte dimanche\n15 novembre expliquant son choix&nbsp;que beaucoup ont alors d\u00e9couvert : <\/p>\n\n\n\n<!--more-->\n\n\n\n<p><em>\u00ab&nbsp;Je tire ma r\u00e9v\u00e9rence<\/em><\/p>\n\n\n\n<p><em>La d\u00e9gradation continuelle\nde mon \u00e9tat de sant\u00e9 qui m\u2019a d\u00e9j\u00e0 contraint \u00e0 me limiter fortement dans mes\nactivit\u00e9s m\u2019entra\u00eene dans une d\u00e9g\u00e9n\u00e9rescence in\u00e9luctable et l\u2019aggravation\nactuelle des sympt\u00f4mes neurologiques est insupportable pour moi comme pour mes\nproches. J\u2019ai donc pris la d\u00e9cision de mettre fin \u00e0 mes jours avant d\u2019\u00eatre\nd\u00e9finitivement grabataire, et ce, en pied de nez \u00e0 la l\u00e9gislation r\u00e9trograde\nqui a cours en France.<\/em><\/p>\n\n\n\n<p><em>Ce message est h\u00e9las\nlaconique et ne me permet pas d\u2019\u00e9voquer les moments que nous avons partag\u00e9s et\nl\u2019\u00e9motion qui m\u2019\u00e9treint. Du fait de ce \u2018connard\u2019 de virus les c\u00e9r\u00e9monies \u00e0\nvenir seront limit\u00e9es. Ariane et ma douce famille que j\u2019abandonne ce dimanche\n15 novembre vont avoir \u00e0 g\u00e9rer, entre autres, cette p\u00e9nible r\u00e9alit\u00e9. Et je\nn\u2019aurai plus le temps, quant \u00e0 moi, de r\u00e9agir \u00e0 vos chaleureux t\u00e9moignages. J\u2019ai\neu notamment ce bonheur d\u2019avoir sous mes fen\u00eatres ce samedi soir une magnifique\nprestation solidaire : trop fort la Villeneuve !<\/em><\/p>\n\n\n\n<p><em>Je vous souhaite \u00e0 tous\nr\u00e9ussite dans vos luttes et projets pour l\u2019am\u00e9lioration de ce monde bloqu\u00e9 par\ncette sacro-sainte course aux profits. Et je sais que les copains poursuivront\nces combats qui me sont chers : \u00e9ducation bien commun, RIC Villeneuve, RESF,\nDAL, \u2026<\/em><\/p>\n\n\n\n<p style=\"text-align:right\"><em>Andr\u00e9 B\u00e9ranger le dimanche 15 novembre 2020&nbsp;\u00bb<\/em> <\/p>\n\n\n\n<p>Pour voir la vid\u00e9o de l\u2019hommage \u00e0 Andr\u00e9 de samedi soir, cliquez <a rel=\"noreferrer noopener\" aria-label=\"ici (s\u2019ouvre dans un nouvel onglet)\" href=\"https:\/\/youtu.be\/ZTootUvPHe0\" target=\"_blank\">ici<\/a>.<\/p>\n\n\n\n<p>Pour lire l&rsquo;annonce de sa famille, cliquez <a rel=\"noreferrer noopener\" aria-label=\"l\u00e0 (s\u2019ouvre dans un nouvel onglet)\" href=\"https:\/\/www.ades-grenoble.org\/images\/annonceBeranger.jpg\" target=\"_blank\">l\u00e0<\/a>.<\/p>\n","protected":false},"excerpt":{"rendered":"<p>Le 15 novembre 2020, Andr\u00e9 B\u00e9ranger a selon ses mots \u00ab&nbsp;tir\u00e9 sa r\u00e9v\u00e9rence&nbsp;\u00bb, ne supportant plus une maladie neuro-d\u00e9g\u00e9n\u00e9rative qui l\u2019emp\u00eachait de vivre dignement. La veille, un rassemblement de soutien s\u2019est d\u00e9roul\u00e9 sous ses fen\u00eatres pour un dernier hommage. Inlassable d\u00e9fenseur de la Villeneuve depuis sa cr\u00e9ation comme instituteur engag\u00e9 dans un projet p\u00e9dagogique novateur, [&hellip;]<\/p>\n","protected":false},"author":1,"featured_media":0,"comment_status":"closed","ping_status":"open","sticky":false,"template":"","format":"standard","meta":{"twitterCardType":"","cardImageID":0,"cardImage":"","cardTitle":"","cardDesc":"","cardImageAlt":"","cardPlayer":"","cardPlayerWidth":0,"cardPlayerHeight":0,"cardPlayerStream":"","cardPlayerCodec":"","footnotes":""},"categories":[62,11],"tags":[147,12,82],"class_list":["post-18081","post","type-post","status-publish","format-standard","hentry","category-le-rouge-le-vert-hebdo","category-politique-locale","tag-hommage","tag-mobilisations","tag-villeneuve"],"_links":{"self":[{"href":"https:\/\/www.ades-grenoble.org\/wordpress\/wp-json\/wp\/v2\/posts\/18081","targetHints":{"allow":["GET"]}}],"collection":[{"href":"https:\/\/www.ades-grenoble.org\/wordpress\/wp-json\/wp\/v2\/posts"}],"about":[{"href":"https:\/\/www.ades-grenoble.org\/wordpress\/wp-json\/wp\/v2\/types\/post"}],"author":[{"embeddable":true,"href":"https:\/\/www.ades-grenoble.org\/wordpress\/wp-json\/wp\/v2\/users\/1"}],"replies":[{"embeddable":true,"href":"https:\/\/www.ades-grenoble.org\/wordpress\/wp-json\/wp\/v2\/comments?post=18081"}],"version-history":[{"count":4,"href":"https:\/\/www.ades-grenoble.org\/wordpress\/wp-json\/wp\/v2\/posts\/18081\/revisions"}],"predecessor-version":[{"id":18086,"href":"https:\/\/www.ades-grenoble.org\/wordpress\/wp-json\/wp\/v2\/posts\/18081\/revisions\/18086"}],"wp:attachment":[{"href":"https:\/\/www.ades-grenoble.org\/wordpress\/wp-json\/wp\/v2\/media?parent=18081"}],"wp:term":[{"taxonomy":"category","embeddable":true,"href":"https:\/\/www.ades-grenoble.org\/wordpress\/wp-json\/wp\/v2\/categories?post=18081"},{"taxonomy":"post_tag","embeddable":true,"href":"https:\/\/www.ades-grenoble.org\/wordpress\/wp-json\/wp\/v2\/tags?post=18081"}],"curies":[{"name":"wp","href":"https:\/\/api.w.org\/{rel}","templated":true}]}}