{"id":18105,"date":"2020-11-27T13:53:00","date_gmt":"2020-11-27T12:53:00","guid":{"rendered":"https:\/\/www.ades-grenoble.org\/wordpress\/?p=18105"},"modified":"2020-11-27T16:20:11","modified_gmt":"2020-11-27T15:20:11","slug":"diverses-actualites-11","status":"publish","type":"post","link":"https:\/\/www.ades-grenoble.org\/wordpress\/2020\/11\/27\/diverses-actualites-11\/","title":{"rendered":"Diverses actualit\u00e9s"},"content":{"rendered":"\n<div class=\"wp-block-image\"><figure class=\"alignleft\"><img loading=\"lazy\" decoding=\"async\" width=\"400\" height=\"222\" src=\"https:\/\/www.ades-grenoble.org\/wordpress\/wp-content\/uploads\/2020\/11\/crieur.jpg\" alt=\"\" class=\"wp-image-18106\" srcset=\"https:\/\/www.ades-grenoble.org\/wordpress\/wp-content\/uploads\/2020\/11\/crieur.jpg 400w, https:\/\/www.ades-grenoble.org\/wordpress\/wp-content\/uploads\/2020\/11\/crieur-150x83.jpg 150w, https:\/\/www.ades-grenoble.org\/wordpress\/wp-content\/uploads\/2020\/11\/crieur-300x167.jpg 300w\" sizes=\"auto, (max-width: 400px) 100vw, 400px\" \/><\/figure><\/div>\n\n\n\n<p><strong>L\u2019immatriculation des v\u00e9los devient obligatoire<\/strong>. <a href=\"http:\/\/D\u00e9cret n\u00b0 2020-1439 du 23 novembre 2020 relatif \u00e0 l'identification des cycles - L\u00e9gifrance (legifrance.gouv.fr)\" target=\"_blank\" rel=\"noreferrer noopener\" aria-label=\"Un d\u00e9cret (n\u00b0 2020-1439 du 23 novembre 2020)  (s\u2019ouvre dans un nouvel onglet)\">Un d\u00e9cret (n\u00b0 2020-1439 du 23 novembre 2020) <\/a>rend l&rsquo;immatriculation des v\u00e9los neufs obligatoire \u00e0 compter du 1er janvier 2021. Six mois suppl\u00e9mentaires sont accord\u00e9s pour la vente des v\u00e9los d&rsquo;occasion. <em>\u00ab\u00a0Ce d\u00e9cret d\u00e9termine les obligations faites aux commer\u00e7ants, aux propri\u00e9taires de cycles et aux professionnels qui exercent des activit\u00e9s de destruction ou de pr\u00e9paration en vue du r\u00e9emploi ou de la r\u00e9utilisation des cycles, ainsi que les conditions d&rsquo;agr\u00e9ment par l&rsquo;Etat des personnes morales susceptibles de mettre en \u0153uvre des dispositifs d&rsquo;identification des cycles. Il pr\u00e9cise \u00e9galement les conditions selon lesquelles les donn\u00e9es sont collect\u00e9es, enregistr\u00e9es par les op\u00e9rateurs agr\u00e9\u00e9s d&rsquo;identification de cycles et par le gestionnaire du fichier national unique des cycles identifi\u00e9s.\u00a0\u00bb<\/em><\/p>\n\n\n\n<hr class=\"wp-block-separator\"\/>\n\n\n\n<p><strong>Pour faciliter l\u2019introduction des clauses environnementales dans les march\u00e9s publics<\/strong>, tout en garantissant la s\u00e9curit\u00e9 juridique contractuelle. Le CD2E (Centre de d\u00e9veloppement des \u00e9co-entreprises) vient d\u2019\u00e9diter <a href=\"https:\/\/laclauseverte.fr\/\" target=\"_blank\" rel=\"noreferrer noopener\" aria-label=\"un document tr\u00e8s utile \u00e0 ce sujet (s\u2019ouvre dans un nouvel onglet)\">un document tr\u00e8s utile \u00e0 ce sujet<\/a>. <\/p>\n\n\n\n<hr class=\"wp-block-separator\"\/>\n\n\n\n<p><strong>Les R\u00e9seaux de chaleur et de froid renouvelables : un levier pour assurer l&rsquo;ind\u00e9pendance \u00e9nerg\u00e9tique des territoires. \u00a0<\/strong>Selon <a href=\"https:\/\/www.ademe.fr\/developpement-filieres-reseaux-chaleur-froid-renouvelables-france-a-horizon-2050\" target=\"_blank\" rel=\"noreferrer noopener\" aria-label=\"une \u00e9tude de l'Ademe publi\u00e9e le 18 novembre 2020\u00a0 (s\u2019ouvre dans un nouvel onglet)\">une \u00e9tude de l&rsquo;Ademe publi\u00e9e le 18 novembre 2020\u00a0<\/a>qui examine \u00e0 l\u2019horizon 2050 les impacts socio-\u00e9conomiques et environnementaux et propose une strat\u00e9gie et un plan d\u2019actions\u00a0:<\/p>\n\n\n\n<hr class=\"wp-block-separator\"\/>\n\n\n\n<p><strong>La Cour des comptes alerte le gouvernement sur la poursuite de l&rsquo;artificialisation des sols au d\u00e9triment de l&rsquo;agriculture.<\/strong> <a href=\"https:\/\/www.ccomptes.fr\/system\/files\/2020-11\/20201110-refere-S2020-1368-leviers-politique-fonciere-agricole.pdf\" target=\"_blank\" rel=\"noreferrer noopener\" aria-label=\"Elle fait, dans son r\u00e9f\u00e9r\u00e9 3 recommandations (s\u2019ouvre dans un nouvel onglet)\">Elle fait, dans son r\u00e9f\u00e9r\u00e9 3 recommandations<\/a>\u00a0: acc\u00e9l\u00e9rer et achever d\u2019ici 2023, la mise en place de l\u2019observatoire de l\u2019artificialisation des sols, dans sa dimension interminist\u00e9rielle et territoriale. D\u00e9finir un cadre d\u2019intervention des SAFER sur parts sociales leur permettant d\u2019agir en s\u00e9curit\u00e9 et de rendre compte pr\u00e9cis\u00e9ment de ces op\u00e9rations, sous le contr\u00f4le renforc\u00e9 des commissaires du Gouvernement. Regrouper la FNSAFER et Terres d\u2019Europe SCAFR au sein d\u2019une entit\u00e9 unique avant la fin de l\u2019ann\u00e9e 2021.<\/p>\n\n\n\n<!--more-->\n\n\n\n<hr class=\"wp-block-separator\"\/>\n\n\n\n<p><strong><a href=\"https:\/\/www.interieur.gouv.fr\/Actualites\/L-actu-du-Ministere\/Livre-blanc-de-la-securite-interieure\" target=\"_blank\" rel=\"noreferrer noopener\" aria-label=\"Le \u00ab\u00a0Livre blanc de la s\u00e9curit\u00e9 int\u00e9rieure\u00a0\u00bb (s\u2019ouvre dans un nouvel onglet)\">Le \u00ab\u00a0Livre blanc de la s\u00e9curit\u00e9 int\u00e9rieure\u00a0\u00bb<\/a> a \u00e9t\u00e9 publi\u00e9 le 17 novembre<\/strong> par le minist\u00e8re de l\u2019Int\u00e9rieur. Il est travaill\u00e9 depuis 3 ans et ce n\u2019est pas un hasard s\u2019il est publi\u00e9 au moment o\u00f9 d\u00e9bute l\u2019examen de la dangereuse loi sur la <em>\u00ab\u00a0s\u00e9curit\u00e9 globale<\/em>\u00a0\u00bb qui reprend certaines propositions du Livre blanc. On y trouve des propositions suppl\u00e9mentaires qui font froid dans le dos par exemple\u00a0: \u00ab\u00a0<em>attribuer au pr\u00e9fet un pouvoir de substitution effectif en cas d\u2019inaction du maire dans le domaine de la s\u00e9curit\u00e9.\u00a0<\/em>\u00bb Vous avez dit d\u00e9centralisation\u00a0?<\/p>\n\n\n\n<hr class=\"wp-block-separator\"\/>\n\n\n\n<p><strong>La France est parmi les pays les plus d\u00e9sindustrialis\u00e9s du G7. <\/strong><a href=\"https:\/\/www.strategie.gouv.fr\/publications\/politiques-industrielles-france-evolutions-comparaisons-internationales\" target=\"_blank\" rel=\"noreferrer noopener\" aria-label=\"France Strat\u00e9gie publie un diagnostic approfondi de la d\u00e9sindustrialisation et des d\u00e9localisations en France (s\u2019ouvre dans un nouvel onglet)\">France Strat\u00e9gie publie un diagnostic approfondi de la d\u00e9sindustrialisation et des d\u00e9localisations en France<\/a>. L\u2019industrie a perdu pr\u00e8s de la moiti\u00e9 de ses effectifs depuis 1980 (2,2 millions d\u2019emplois). La part de l\u2019industrie dans le PIB a recul\u00e9 de 10 points\u00a0: elle s\u2019\u00e9tablissait \u00e0 13,4% en 2018, contre 25,5% en Allemagne, 19,7% en Italie, ou encore 16,1% en Espagne. Le fait d\u2019int\u00e9grer les services li\u00e9s \u00e0 l\u2019industrie ne modifie pas le constat que la France est devenue l\u2019\u00e9conomie la plus d\u00e9sindustrialis\u00e9e du G7, avec le Royaume-Uni.<\/p>\n\n\n\n<hr class=\"wp-block-separator\"\/>\n\n\n\n<p><strong>Evaluation climat du budget 2021 du gouvernement. <\/strong>L\u2019Institut de l\u2019\u00e9conomie pour le climat (I4CE\u00a0\u2013\u00a0Institute for climate economics) est une association dont la mission est de faire avancer l\u2019action contre les changements climatiques. I4CE\u00a0a \u00e9t\u00e9 fond\u00e9e par la Caisse des D\u00e9p\u00f4ts et l\u2019Agence Fran\u00e7aise de D\u00e9veloppement. Elle publie <a href=\"https:\/\/www.i4ce.org\/download\/evaluation-climat-360-budget-etat\/\" target=\"_blank\" rel=\"noreferrer noopener\" aria-label=\"son \u00e9valuation climat du budget (s\u2019ouvre dans un nouvel onglet)\">son \u00e9valuation climat du budget<\/a>. Il existe 17 milliards de mesures d\u00e9favorables au climat, en particulier de nombreuses niches sur la taxation des produits p\u00e9troliers. Les d\u00e9penses et les niches fiscales favorables au climat, quant \u00e0 elles ne repr\u00e9sentent que 20 milliards. On est loin d\u2019un budget favorable au climat.<\/p>\n\n\n\n<hr class=\"wp-block-separator\"\/>\n\n\n\n<p><strong>L\u2019AMF d\u00e9nonce une recentralisation sans pr\u00e9c\u00e9dent. <\/strong>Le 24 novembre aurait d\u00fb d\u00e9buter le 103<sup>e<\/sup> congr\u00e8s des maires de France, mais il a \u00e9t\u00e9 annul\u00e9 \u00e0 cause de la crise sanitaire. <a href=\"https:\/\/www.amf.asso.fr\/m\/face-aux-crises\/page.php?id=40389\" target=\"_blank\" rel=\"noreferrer noopener\" aria-label=\"Les dirigeants de l\u2019AMF ont donn\u00e9 une conf\u00e9rence de presse (s\u2019ouvre dans un nouvel onglet)\">Les dirigeants de l\u2019AMF ont donn\u00e9 une conf\u00e9rence de presse<\/a> pour souligner la mobilisation\u00a0\u00bb des maires dans les crises, mais aussi d\u00e9noncer une recentralisation qu\u2019ils jugent alarmante. Elle peut \u00eatre visionn\u00e9e sur le site de l\u2019AMF.<\/p>\n","protected":false},"excerpt":{"rendered":"<p>L\u2019immatriculation des v\u00e9los devient obligatoire. Un d\u00e9cret (n\u00b0 2020-1439 du 23 novembre 2020) rend l&rsquo;immatriculation des v\u00e9los neufs obligatoire \u00e0 compter du 1er janvier 2021. Six mois suppl\u00e9mentaires sont accord\u00e9s pour la vente des v\u00e9los d&rsquo;occasion. \u00ab\u00a0Ce d\u00e9cret d\u00e9termine les obligations faites aux commer\u00e7ants, aux propri\u00e9taires de cycles et aux professionnels qui exercent des activit\u00e9s [&hellip;]<\/p>\n","protected":false},"author":1,"featured_media":0,"comment_status":"closed","ping_status":"open","sticky":false,"template":"","format":"standard","meta":{"twitterCardType":"","cardImageID":0,"cardImage":"","cardTitle":"","cardDesc":"","cardImageAlt":"","cardPlayer":"","cardPlayerWidth":0,"cardPlayerHeight":0,"cardPlayerStream":"","cardPlayerCodec":"","footnotes":""},"categories":[11],"tags":[224,242,235,175,211],"class_list":["post-18105","post","type-post","status-publish","format-standard","hentry","category-politique-locale","tag-agriculture","tag-developpement-durable","tag-energie","tag-environnement","tag-modes-actifs"],"_links":{"self":[{"href":"https:\/\/www.ades-grenoble.org\/wordpress\/wp-json\/wp\/v2\/posts\/18105","targetHints":{"allow":["GET"]}}],"collection":[{"href":"https:\/\/www.ades-grenoble.org\/wordpress\/wp-json\/wp\/v2\/posts"}],"about":[{"href":"https:\/\/www.ades-grenoble.org\/wordpress\/wp-json\/wp\/v2\/types\/post"}],"author":[{"embeddable":true,"href":"https:\/\/www.ades-grenoble.org\/wordpress\/wp-json\/wp\/v2\/users\/1"}],"replies":[{"embeddable":true,"href":"https:\/\/www.ades-grenoble.org\/wordpress\/wp-json\/wp\/v2\/comments?post=18105"}],"version-history":[{"count":1,"href":"https:\/\/www.ades-grenoble.org\/wordpress\/wp-json\/wp\/v2\/posts\/18105\/revisions"}],"predecessor-version":[{"id":18107,"href":"https:\/\/www.ades-grenoble.org\/wordpress\/wp-json\/wp\/v2\/posts\/18105\/revisions\/18107"}],"wp:attachment":[{"href":"https:\/\/www.ades-grenoble.org\/wordpress\/wp-json\/wp\/v2\/media?parent=18105"}],"wp:term":[{"taxonomy":"category","embeddable":true,"href":"https:\/\/www.ades-grenoble.org\/wordpress\/wp-json\/wp\/v2\/categories?post=18105"},{"taxonomy":"post_tag","embeddable":true,"href":"https:\/\/www.ades-grenoble.org\/wordpress\/wp-json\/wp\/v2\/tags?post=18105"}],"curies":[{"name":"wp","href":"https:\/\/api.w.org\/{rel}","templated":true}]}}