{"id":18113,"date":"2020-11-27T14:06:19","date_gmt":"2020-11-27T13:06:19","guid":{"rendered":"https:\/\/www.ades-grenoble.org\/wordpress\/?p=18113"},"modified":"2020-11-27T16:20:27","modified_gmt":"2020-11-27T15:20:27","slug":"gestion-de-la-crise-sanitaire-les-maires-mecontents","status":"publish","type":"post","link":"https:\/\/www.ades-grenoble.org\/wordpress\/2020\/11\/27\/gestion-de-la-crise-sanitaire-les-maires-mecontents\/","title":{"rendered":"Gestion de la crise sanitaire, les maires m\u00e9contents"},"content":{"rendered":"\n<div class=\"wp-block-image\"><figure class=\"alignleft\"><img loading=\"lazy\" decoding=\"async\" width=\"269\" height=\"133\" src=\"https:\/\/www.ades-grenoble.org\/wordpress\/wp-content\/uploads\/2016\/01\/AMF.jpg\" alt=\"\" class=\"wp-image-11144\" srcset=\"https:\/\/www.ades-grenoble.org\/wordpress\/wp-content\/uploads\/2016\/01\/AMF.jpg 269w, https:\/\/www.ades-grenoble.org\/wordpress\/wp-content\/uploads\/2016\/01\/AMF-150x74.jpg 150w\" sizes=\"auto, (max-width: 269px) 100vw, 269px\" \/><\/figure><\/div>\n\n\n\n<p>Les maires ne font pas confiance \u00e0 l\u2019ex\u00e9cutif dans la gestion de la crise sanitaire. Selon <a href=\"https:\/\/www.amf.asso.fr\/m\/document\/fichier.php?FTP=df7c93a4897131de71ff38b3a66a3e14.pdf&amp;id=40409\" target=\"_blank\" rel=\"noreferrer noopener\" aria-label=\"une enqu\u00eate du CEVIPOF pour l\u2019Association des Maires de France (AMF) (s\u2019ouvre dans un nouvel onglet)\">une enqu\u00eate du CEVIPOF pour l\u2019Association des Maires de France (AMF)<\/a>, ils se montrent particuli\u00e8rement critiques envers les agences r\u00e9gionales de sant\u00e9 (ARS). Ils attribuent la note de 8\/20 au gouvernement. Par contre ils sont moins s\u00e9v\u00e8res avec les services pr\u00e9fectoraux. C\u2019est le manque de directives claires et coh\u00e9rentes de la part de l\u2019\u00c9tat qui est point\u00e9 par 51 % des maires interrog\u00e9s.<\/p>\n\n\n\n<p><em>\u00ab&nbsp;\u2022 Le r\u00f4le des\nmaires a \u00e9t\u00e9 maintes fois soulign\u00e9 comme acteurs en premi\u00e8re ligne pour\nr\u00e9pondre aux urgences de la crise COVID-19. De mani\u00e8re globale, 39 % des maires\ninterrog\u00e9s estiment avoir \u00e9t\u00e9 bien associ\u00e9s \u00e0 la mise en \u0153uvre de l\u2019\u00e9tat\nd\u2019urgence sanitaire, 48 % d\u2019entre eux mal associ\u00e9s et enfin 12 % n\u2019\u00e9taient pas\nen responsabilit\u00e9 au cours du printemps. Notons une diff\u00e9rence notable pour les\nmaires de communes de taille interm\u00e9diaire (1 000 \u00e0 9 000 hbts.) qui sont\nseulement 26 % \u00e0 s\u2019\u00eatre sentis pleinement associ\u00e9s avec les services de l\u2019\u00c9tat\ncontre 46 % pour les tr\u00e8s petites communes ou grandes villes. <\/em><\/p>\n\n\n\n<!--more-->\n\n\n\n<p><em>\u2022 Parmi les sources\nd\u2019insatisfaction, c\u2019est le manque de directives claires et coh\u00e9rentes de la\npart de l\u2019\u00c9tat qui est point\u00e9 par 51 % des \u00e9diles interrog\u00e9s. <\/em><\/p>\n\n\n\n<p><em>\u2022 Tous les services de\nl\u2019\u00c9tat ne sont pas jug\u00e9s de la m\u00eame mani\u00e8re : les pr\u00e9fectures b\u00e9n\u00e9ficient d\u2019une\nforte dose de satisfecit de la part des maires puisqu\u2019ils sont 66 % \u00e0 estimer\nque leur relation de travail a \u00e9t\u00e9 effi cace. En revanche, ce seuil chute \u00e0 40\n% pour les agences r\u00e9gionales de sant\u00e9. <\/em><\/p>\n\n\n\n<p><em>\u2022 L\u2019enqu\u00eate a interrog\u00e9\nles maires sur les faits de violence dont ils ont pu \u00eatre victimes. Parmi eux,\ncitons les incivilit\u00e9s (pour 53 % des maires interrog\u00e9s), les injures ou\ninsultes (29 %), les menaces verbales ou \u00e9crites (28 %) et des attaques sur les\nr\u00e9seaux sociaux ou internet (20 %). Si les agressions physiques (5 %) ou\natteintes aux biens personnels (6 %) sont relativement rares, elles\ncorrespondent en r\u00e9alit\u00e9 \u00e0 des centaines de situations v\u00e9cues. <\/em><\/p>\n\n\n\n<p><em>\u2022 Ces chiffres varient\nselon l\u2019anciennet\u00e9 et l\u2019exp\u00e9rience politique du maire : 70 % des maires\nsortants r\u00e9\u00e9lus d\u00e9clarent avoir subi une forme d\u2019incivilit\u00e9, contre 46 % des\nnouveaux maires exp\u00e9riment\u00e9s (c\u2019est-\u00e0-dire d\u2019adjoint au maire ou conseiller\nmunicipal par le pass\u00e9) et 32 % pour les nouveaux maires (sans exp\u00e9rience). <\/em><\/p>\n\n\n\n<p><em>\u2022 Des formes de\nmalveillance plus ou moins grave au sein de la commune persistent. Il en va\nainsi d\u2019une grande vari\u00e9t\u00e9 d\u2019incivilit\u00e9s (d\u00e9p\u00f4ts de gravas, abandon d\u2019ordures,\netc.) qui pour 68 % des r\u00e9pondants ne sont pas nouvelles et pour 17 % ont fait\nleur apparition dans leur commune contre 7 % d\u00e9clarant qu\u2019elles sont en recul.\nLes atteintes aux biens de la commune (d\u00e9gradations, vols, etc.) sont la\ndeuxi\u00e8me source de difficult\u00e9s auxquelles les maires sont confront\u00e9s pouvant\nd\u00e9boucher sur des faits de violence. <\/em><\/p>\n\n\n\n<p><em>Par l\u2019ampleur des r\u00e9ponses recueillies, l\u2019enqu\u00eate CEVIPOF-AMF donne un aper\u00e7u du moral des maires en octobre 2020. Mobilis\u00e9s tour \u00e0 tour par la campagne municipale puis l\u2019\u00e9tat d\u2019urgence sanitaire depuis le printemps dernier, les \u00e9diles expriment un certain nombre de r\u00e9serves sur leur r\u00f4le et parfois leur impuissance \u00e0 \u0153uvrer pour le bien commun. Leur r\u00e9silience sera mise \u00e0 rude \u00e9preuve au cours des prochains mois lorsqu\u2019il s\u2019agira de faire un bilan de leurs marges de man\u0153uvre fi nanci\u00e8re pour r\u00e9pondre \u00e0 des demandes sociales non assur\u00e9es par l\u2019\u00c9tat et continuer \u00e0 faire vivre la d\u00e9mocratie municipale.\u00a0\u00bb<\/em><a href=\"https:\/\/www.amf.asso.fr\/m\/document\/fichier.php?FTP=df7c93a4897131de71ff38b3a66a3e14.pdf&amp;id=40409\"><\/a><\/p>\n","protected":false},"excerpt":{"rendered":"<p>Les maires ne font pas confiance \u00e0 l\u2019ex\u00e9cutif dans la gestion de la crise sanitaire. Selon une enqu\u00eate du CEVIPOF pour l\u2019Association des Maires de France (AMF), ils se montrent particuli\u00e8rement critiques envers les agences r\u00e9gionales de sant\u00e9 (ARS). Ils attribuent la note de 8\/20 au gouvernement. Par contre ils sont moins s\u00e9v\u00e8res avec les [&hellip;]<\/p>\n","protected":false},"author":1,"featured_media":0,"comment_status":"closed","ping_status":"open","sticky":false,"template":"","format":"standard","meta":{"twitterCardType":"","cardImageID":0,"cardImage":"","cardTitle":"","cardDesc":"","cardImageAlt":"","cardPlayer":"","cardPlayerWidth":0,"cardPlayerHeight":0,"cardPlayerStream":"","cardPlayerCodec":"","footnotes":""},"categories":[62,11],"tags":[196,252,99],"class_list":["post-18113","post","type-post","status-publish","format-standard","hentry","category-le-rouge-le-vert-hebdo","category-politique-locale","tag-etat","tag-maire","tag-sante"],"_links":{"self":[{"href":"https:\/\/www.ades-grenoble.org\/wordpress\/wp-json\/wp\/v2\/posts\/18113","targetHints":{"allow":["GET"]}}],"collection":[{"href":"https:\/\/www.ades-grenoble.org\/wordpress\/wp-json\/wp\/v2\/posts"}],"about":[{"href":"https:\/\/www.ades-grenoble.org\/wordpress\/wp-json\/wp\/v2\/types\/post"}],"author":[{"embeddable":true,"href":"https:\/\/www.ades-grenoble.org\/wordpress\/wp-json\/wp\/v2\/users\/1"}],"replies":[{"embeddable":true,"href":"https:\/\/www.ades-grenoble.org\/wordpress\/wp-json\/wp\/v2\/comments?post=18113"}],"version-history":[{"count":1,"href":"https:\/\/www.ades-grenoble.org\/wordpress\/wp-json\/wp\/v2\/posts\/18113\/revisions"}],"predecessor-version":[{"id":18114,"href":"https:\/\/www.ades-grenoble.org\/wordpress\/wp-json\/wp\/v2\/posts\/18113\/revisions\/18114"}],"wp:attachment":[{"href":"https:\/\/www.ades-grenoble.org\/wordpress\/wp-json\/wp\/v2\/media?parent=18113"}],"wp:term":[{"taxonomy":"category","embeddable":true,"href":"https:\/\/www.ades-grenoble.org\/wordpress\/wp-json\/wp\/v2\/categories?post=18113"},{"taxonomy":"post_tag","embeddable":true,"href":"https:\/\/www.ades-grenoble.org\/wordpress\/wp-json\/wp\/v2\/tags?post=18113"}],"curies":[{"name":"wp","href":"https:\/\/api.w.org\/{rel}","templated":true}]}}