{"id":18161,"date":"2020-12-04T16:41:35","date_gmt":"2020-12-04T15:41:35","guid":{"rendered":"https:\/\/www.ades-grenoble.org\/wordpress\/?p=18161"},"modified":"2020-12-05T08:50:21","modified_gmt":"2020-12-05T07:50:21","slug":"rapport-2020-de-lobservatoire-des-inegalites-la-pauvrete-progresse-chez-les-jeunes","status":"publish","type":"post","link":"https:\/\/www.ades-grenoble.org\/wordpress\/2020\/12\/04\/rapport-2020-de-lobservatoire-des-inegalites-la-pauvrete-progresse-chez-les-jeunes\/","title":{"rendered":"Rapport 2020 de l\u2019Observatoire des in\u00e9galit\u00e9s : la pauvret\u00e9 progresse chez les jeunes"},"content":{"rendered":"\n<div class=\"wp-block-image\"><figure class=\"alignleft\"><img loading=\"lazy\" decoding=\"async\" width=\"300\" height=\"89\" src=\"https:\/\/www.ades-grenoble.org\/wordpress\/wp-content\/uploads\/2019\/03\/Observatoire-inegalites.jpg\" alt=\"\" class=\"wp-image-15549\" srcset=\"https:\/\/www.ades-grenoble.org\/wordpress\/wp-content\/uploads\/2019\/03\/Observatoire-inegalites.jpg 300w, https:\/\/www.ades-grenoble.org\/wordpress\/wp-content\/uploads\/2019\/03\/Observatoire-inegalites-150x45.jpg 150w\" sizes=\"auto, (max-width: 300px) 100vw, 300px\" \/><\/figure><\/div>\n\n\n\n<p>L\u2019Observatoire des in\u00e9galit\u00e9s a publi\u00e9 jeudi 26 novembre, <a href=\"https:\/\/www.inegalites.fr\/Le-Rapport-sur-la-pauvrete-en-France-2020-2021-vient-de-paraitre\" target=\"_blank\" rel=\"noreferrer noopener\" aria-label=\"son rapport sur la pauvret\u00e9 en France (s\u2019ouvre dans un nouvel onglet)\">son rapport sur la pauvret\u00e9 en France<\/a>. L&rsquo;\u00e9tude pointe notamment la progression de la pauvret\u00e9 chez les jeunes qui repr\u00e9sentent la moiti\u00e9 de la population pauvre du pays. L\u2019Observatoire fixe le seuil de pauvret\u00e9 \u00e0 50 % du niveau de vie m\u00e9dian (contre 60 % pour d\u2019autres \u00e9tudes) soit <strong>885&nbsp;euros par mois<\/strong> pour une personne seule. En France, <strong>8,3&nbsp;%<\/strong> de la population vit sous ce seuil de pauvret\u00e9 soit <strong>5,3&nbsp;millions de personnes. <\/strong>En mars&nbsp;2020, <strong>1,9&nbsp;million de m\u00e9nages<\/strong> ont per\u00e7u le <strong>RSA et<\/strong> <strong>22&nbsp;% des jeunes (18-29&nbsp;ans)<\/strong> qui ne vivent pas&nbsp;chez leurs parents sont pauvres.<\/p>\n\n\n\n<p>Si l\u2019on regarde de plus pr\u00e8s la\nsituation des jeunes (enfants et 18-29&nbsp;ans), la part de cette tranche\nd\u2019\u00e2ge est surrepr\u00e9sent\u00e9e parmi les plus pauvres. Ainsi, pr\u00e8s d\u2019un pauvre sur\ndeux&nbsp;en France a moins de 30&nbsp;ans.&nbsp;Chez les 18-24&nbsp;ans, le\ntaux de pauvret\u00e9 atteint 12,8&nbsp;%,&nbsp;soit&nbsp;deux&nbsp;fois plus que la\nmoyenne fran\u00e7aise.<\/p>\n\n\n\n<!--more-->\n\n\n\n<p><em>\u00ab&nbsp;L\u2019\u00e9pid\u00e9mie\nde coronavirus a d\u00e9j\u00e0 fait plus de 40 000 morts en France. Pour se prot\u00e9ger,\nnotre pays a d\u00fb mettre en pause son \u00e9conomie. En 2020, la r\u00e9cession atteindra\ndes niveaux in\u00e9gal\u00e9s depuis la derni\u00e8re guerre mondiale. Nous allons en payer les\nd\u00e9g\u00e2ts, avec une progression attendue et d\u00e9vastatrice du ch\u00f4mage. Compte tenu\naussi de la perte de revenus subie par les demandeurs d\u2019emploi, de la baisse\nd\u2019activit\u00e9 de certains non-salari\u00e9s, plusieurs centaines de milliers de\npersonnes ont d\u00e9j\u00e0 bascul\u00e9 sous le seuil de pauvret\u00e9.<\/em><\/p>\n\n\n\n<p><em>C\u2019est donc\ndans un contexte difficile que l\u2019Observatoire des in\u00e9galit\u00e9s publie ce\nsecond&nbsp;Rapport sur la pauvret\u00e9 en France. La premi\u00e8re \u00e9dition, il y a d\u00e9j\u00e0\ndeux ans, avait connu une grande audience et nous avions d\u00fb en faire une\nseconde impression. Ce nouveau document actualise les donn\u00e9es de 2018 et offre\nde nouveaux \u00e9clairages. Malheureusement, un grand nombre de donn\u00e9es manquent\nencore \u2013 les revenus sont connus avec deux ann\u00e9es de d\u00e9calage en France, comme\ndans la plupart des pays \u2013 mais, d\u2019ores et d\u00e9j\u00e0, nos \u00e9l\u00e9ments permettent de\nplanter le d\u00e9cor, de comprendre la crise sociale actuelle.<\/em><\/p>\n\n\n\n<p><em>Ce rapport\nsur la pauvret\u00e9 est r\u00e9dig\u00e9 volontairement dans un langage accessible au plus\ngrand nombre, alors que les documents qui existent sur le sujet sont le plus\nsouvent r\u00e9serv\u00e9s \u00e0 des sp\u00e9cialistes. Nous visons une large diffusion pour\nservir de point de d\u00e9part \u00e0 une discussion \u00e9clair\u00e9e sur les politiques\nsociales. Nous cherchons aussi \u00e0 faire la part des choses dans un d\u00e9bat\npolaris\u00e9 entre ceux qui, pour alerter, exag\u00e8rent la pauvret\u00e9 dans notre pays,\net ceux qui ne veulent pas voir les difficult\u00e9s sociales de certains de nos\nconcitoyens. Rappelons que nous optons, dans ce rapport pour le seuil de\npauvret\u00e9 de 50&nbsp;% du niveau de vie m\u00e9dian, plus faible que le seuil de\n60&nbsp;% qui est le plus souvent utilis\u00e9. Il aboutit \u00e0 un nombre de pauvres\npresque deux fois moins \u00e9lev\u00e9 (cinq millions contre neuf millions), mais permet\nde se focaliser sur des populations en grande difficult\u00e9.<\/em><\/p>\n\n\n\n<p><em>Oui, la\nFrance reste l\u2019un des meilleurs mod\u00e8les sociaux au monde qui prot\u00e8ge mieux les\npauvres que la plupart des autres pays riches. Non, cela ne veut pas dire que\nla situation n\u2019est pas inqui\u00e9tante, et on peut comprendre que s\u2019insurgent tous\nceux qui, au quotidien, soutiennent les plus d\u00e9munis. La pens\u00e9e binaire, en\nnoir et en blanc, permet de s\u2019invectiver, de faire le \u00ab&nbsp;buzz&nbsp;\u00bb,\nnotamment sur les r\u00e9seaux sociaux en jouant \u00e0 qui hurle le plus fort. Nous\nvoulons \u00e0 travers ce document proposer quelque chose de diff\u00e9rent, de plus\nnuanc\u00e9, mais qui nous semble davantage refl\u00e9ter la r\u00e9alit\u00e9 sociale de notre\npays.<\/em><\/p>\n\n\n\n<p><strong><em>Les jeunes\nen premi\u00e8re ligne<\/em><\/strong><\/p>\n\n\n\n<p><em>Le document\nque nous publions pr\u00e9sente des graphiques et des tableaux de donn\u00e9es comment\u00e9s\nqui permettent de mesurer avec pr\u00e9cision l\u2019\u00e9tat de la pauvret\u00e9, d\u2019\u00e9valuer les\ndifficult\u00e9s des plus d\u00e9munis, de montrer ce qui s\u2019am\u00e9liore et ce qui se\nd\u00e9t\u00e9riore. Il montre notamment l\u2019\u00e9volution du taux de pauvret\u00e9, du nombre de\npersonnes pauvres, du seuil de pauvret\u00e9, ainsi que les caract\u00e9ristiques (\u00e2ge, sexe,\ndipl\u00f4me, etc.) des personnes touch\u00e9es. Dans cette \u00e9dition, nous avons choisi de\nmettre particuli\u00e8rement l\u2019accent sur la pauvret\u00e9 des jeunes, les premiers\ntouch\u00e9s par le ralentissement \u00e9conomique. Les moyennes g\u00e9n\u00e9rales masquent\nsouvent l\u2019impact plus important d\u2019un ph\u00e9nom\u00e8ne sur des cat\u00e9gories sp\u00e9cifiques.\nNous donnons aussi un certain nombre d\u2019\u00e9l\u00e9ments nouveaux sur les territoires,\nen particulier les donn\u00e9es sur la forte pauvret\u00e9 dans les d\u00e9partements\nd\u2019outre-mer.<\/em><\/p>\n\n\n\n<p><em>Ce\nsecond&nbsp;Rapport sur la pauvret\u00e9 en France&nbsp;rassemble aussi un grand\nnombre de param\u00e8tres pour aider le lecteur \u00e0 mieux comprendre les faits et \u00e0\n\u00e9largir son champ de vision. Des encarts expliquent, par exemple, les\ndiff\u00e9rentes mani\u00e8res de mesurer et d\u2019appr\u00e9hender la pauvret\u00e9. Nous \u00e9valuons en\nparticulier le nombre des \u00ab&nbsp;invisibles&nbsp;\u00bb, ceux qui \u00e9chappent \u00e0 toute\nstatistique. Nous pr\u00e9sentons aussi les diff\u00e9rents concepts voisins de la\npauvret\u00e9. Nous \u00e9tendons la pauvret\u00e9 \u00e0 des mesures non mon\u00e9taires et, enfin,\nnous comparons les niveaux de vie des plus d\u00e9munis \u00e0 ceux du reste de la\npopulation.<\/em><\/p>\n\n\n\n<p><em>Le\ndiagnostic est \u00e9tabli. Les pouvoirs publics sauront-ils apporter des r\u00e9ponses \u00e0\nla hauteur&nbsp;? Il n\u2019est pas trop tard pour \u00e9radiquer la pauvret\u00e9, comme le\npromettait le pr\u00e9sident de la R\u00e9publique en 2018. Notre syst\u00e8me social, tr\u00e8s\nperformant, n\u2019est plus qu\u2019\u00e0 un doigt d\u2019y parvenir. Pour cela, il faut mettre en\nplace, non pas un revenu universel, mais un revenu minimum unique qui\ngarantisse la sortie de la pauvret\u00e9 des plus d\u00e9munis, sans exclure personne, notamment\nles plus jeunes comme cela est le cas aujourd\u2019hui.<\/em><\/p>\n\n\n\n<p><em>La majorit\u00e9\nau pouvoir, qui a largement soutenu le niveau de vie des plus riches, continue\n\u00e0 faire la sourde oreille aux demandes pour plus de justice sociale, alors m\u00eame\nque l\u2019\u00e9pargne a progress\u00e9 du fait du confinement. Les attentes, exprim\u00e9es\nnotamment par les organisations de soutien aux plus d\u00e9munis, sont grandes. Le\ngouvernement risque bien de regretter plus tard son cynisme social.<\/em>\n\nNoam\nLeandri et Louis Maurin, pr\u00e9sident et directeur de l\u2019Observatoire des\nin\u00e9galit\u00e9s\n\n\n\n<\/p>\n\n\n\n<figure class=\"wp-block-image\"><img loading=\"lazy\" decoding=\"async\" width=\"800\" height=\"538\" src=\"https:\/\/www.ades-grenoble.org\/wordpress\/wp-content\/uploads\/2020\/12\/PauvreteFrance.jpg\" alt=\"\" class=\"wp-image-18164\" srcset=\"https:\/\/www.ades-grenoble.org\/wordpress\/wp-content\/uploads\/2020\/12\/PauvreteFrance.jpg 800w, https:\/\/www.ades-grenoble.org\/wordpress\/wp-content\/uploads\/2020\/12\/PauvreteFrance-150x101.jpg 150w, https:\/\/www.ades-grenoble.org\/wordpress\/wp-content\/uploads\/2020\/12\/PauvreteFrance-300x202.jpg 300w, https:\/\/www.ades-grenoble.org\/wordpress\/wp-content\/uploads\/2020\/12\/PauvreteFrance-768x516.jpg 768w, https:\/\/www.ades-grenoble.org\/wordpress\/wp-content\/uploads\/2020\/12\/PauvreteFrance-600x404.jpg 600w\" sizes=\"auto, (max-width: 800px) 100vw, 800px\" \/><\/figure>\n","protected":false},"excerpt":{"rendered":"<p>L\u2019Observatoire des in\u00e9galit\u00e9s a publi\u00e9 jeudi 26 novembre, son rapport sur la pauvret\u00e9 en France. L&rsquo;\u00e9tude pointe notamment la progression de la pauvret\u00e9 chez les jeunes qui repr\u00e9sentent la moiti\u00e9 de la population pauvre du pays. L\u2019Observatoire fixe le seuil de pauvret\u00e9 \u00e0 50 % du niveau de vie m\u00e9dian (contre 60 % pour d\u2019autres [&hellip;]<\/p>\n","protected":false},"author":1,"featured_media":0,"comment_status":"closed","ping_status":"open","sticky":false,"template":"","format":"standard","meta":{"twitterCardType":"","cardImageID":0,"cardImage":"","cardTitle":"","cardDesc":"","cardImageAlt":"","cardPlayer":"","cardPlayerWidth":0,"cardPlayerHeight":0,"cardPlayerStream":"","cardPlayerCodec":"","footnotes":""},"categories":[62,11],"tags":[337,200,181],"class_list":["post-18161","post","type-post","status-publish","format-standard","hentry","category-le-rouge-le-vert-hebdo","category-politique-locale","tag-inegalites","tag-jeunesse","tag-precarite"],"_links":{"self":[{"href":"https:\/\/www.ades-grenoble.org\/wordpress\/wp-json\/wp\/v2\/posts\/18161","targetHints":{"allow":["GET"]}}],"collection":[{"href":"https:\/\/www.ades-grenoble.org\/wordpress\/wp-json\/wp\/v2\/posts"}],"about":[{"href":"https:\/\/www.ades-grenoble.org\/wordpress\/wp-json\/wp\/v2\/types\/post"}],"author":[{"embeddable":true,"href":"https:\/\/www.ades-grenoble.org\/wordpress\/wp-json\/wp\/v2\/users\/1"}],"replies":[{"embeddable":true,"href":"https:\/\/www.ades-grenoble.org\/wordpress\/wp-json\/wp\/v2\/comments?post=18161"}],"version-history":[{"count":2,"href":"https:\/\/www.ades-grenoble.org\/wordpress\/wp-json\/wp\/v2\/posts\/18161\/revisions"}],"predecessor-version":[{"id":18165,"href":"https:\/\/www.ades-grenoble.org\/wordpress\/wp-json\/wp\/v2\/posts\/18161\/revisions\/18165"}],"wp:attachment":[{"href":"https:\/\/www.ades-grenoble.org\/wordpress\/wp-json\/wp\/v2\/media?parent=18161"}],"wp:term":[{"taxonomy":"category","embeddable":true,"href":"https:\/\/www.ades-grenoble.org\/wordpress\/wp-json\/wp\/v2\/categories?post=18161"},{"taxonomy":"post_tag","embeddable":true,"href":"https:\/\/www.ades-grenoble.org\/wordpress\/wp-json\/wp\/v2\/tags?post=18161"}],"curies":[{"name":"wp","href":"https:\/\/api.w.org\/{rel}","templated":true}]}}