{"id":18196,"date":"2020-12-11T14:15:01","date_gmt":"2020-12-11T13:15:01","guid":{"rendered":"https:\/\/www.ades-grenoble.org\/wordpress\/?p=18196"},"modified":"2020-12-11T14:56:49","modified_gmt":"2020-12-11T13:56:49","slug":"leo-richaud-1930-2020","status":"publish","type":"post","link":"https:\/\/www.ades-grenoble.org\/wordpress\/2020\/12\/11\/leo-richaud-1930-2020\/","title":{"rendered":"L\u00e9o Richaud 1930-2020"},"content":{"rendered":"\n<p> <\/p>\n\n\n\n<div class=\"wp-block-image\"><figure class=\"alignleft\"><img loading=\"lazy\" decoding=\"async\" width=\"380\" height=\"373\" src=\"https:\/\/www.ades-grenoble.org\/wordpress\/wp-content\/uploads\/2020\/12\/LeoRichaud.jpg\" alt=\"\" class=\"wp-image-18197\" srcset=\"https:\/\/www.ades-grenoble.org\/wordpress\/wp-content\/uploads\/2020\/12\/LeoRichaud.jpg 380w, https:\/\/www.ades-grenoble.org\/wordpress\/wp-content\/uploads\/2020\/12\/LeoRichaud-150x147.jpg 150w, https:\/\/www.ades-grenoble.org\/wordpress\/wp-content\/uploads\/2020\/12\/LeoRichaud-300x294.jpg 300w\" sizes=\"auto, (max-width: 380px) 100vw, 380px\" \/><\/figure><\/div>\n\n\n\n<p>Encore un militant de la\nVilleneuve de Grenoble qui disparait. Il avait eu 90 ans en juillet 2020, L\u00e9o\n\u00e9tait une figure incontournable des \u00e9cologistes grenoblois. Il a particip\u00e9 \u00e0\ntoutes les campagnes politiques de ces 40 derni\u00e8res ann\u00e9es, il a \u00e9t\u00e9 pr\u00e9sident\ndes Verts-Grenoble et candidat aux \u00e9lections cantonales \u00e0 Grenoble, pr\u00e9sent\u00e9\npar les Verts et E2A (l\u2019anc\u00eatre de l\u2019ADES) sur l\u2019ancien canton 3 de Grenoble\n(canton de Michel Destot) en mars 1992, o\u00f9 il avait fait plus de 10 % des\nexprim\u00e9s.<\/p>\n\n\n\n<p>Il n\u2019\u00e9tait pas que militant\n\u00e9cologiste, il avait commenc\u00e9 sa vie professionnelle dans la chaussure \u00e0\nRomans, c\u2019\u00e9tait un ouvrier, militant syndical CGT et avait fait partie des\npremi\u00e8res \u00ab&nbsp;charrettes de licenci\u00e9s de la chaussure de luxe&nbsp;\u00bb. <\/p>\n\n\n\n<!--more-->\n\n\n\n<p>Arriv\u00e9 \u00e0 Grenoble avec sa famille\nen 1973, il \u00e9tait entr\u00e9 \u00e0 Merlin Gerin (Schneider aujourd\u2019hui), toujours\nmilitant syndical, pr\u00e9occup\u00e9 des conditions de travail et de la sant\u00e9 au\ntravail. Il a \u00e9t\u00e9 un membre actif du CHSCT de cette grande entreprise. Mais il\nfut aussi un formidable acteur de l\u2019Education Populaire. Des t\u00e9moignages durant\nsa s\u00e9pulture ont permis de nous faire conna\u00eetre comment L\u00e9o Richaud et sa\nconjointe Jeannette, se d\u00e9menaient chaque ann\u00e9e pour faire partir des jeunes de\nla Villeneuve notamment, au bord de la mer, leur faire conna\u00eetre la montagne et\nses activit\u00e9s sportives, de d\u00e9couvertes, mais aussi L\u00e9o Richaud organisait\nr\u00e9guli\u00e8rement des d\u00e9placements de jeunes de la VN pour aller \u00e9couter des\nconf\u00e9rences anim\u00e9es par nombre de grands penseurs, dont Edgar Morin et beaucoup\nd\u2019autres dans l\u2019amphi de la Sorbonne. Cette action militante a fait\nd\u00e9couvrir&nbsp;Bertold Brecht et bien d\u2019autres penseurs du XX<sup>e<\/sup>, \u00e0 un\njeune immigr\u00e9 arriv\u00e9 du Maghreb dans les ann\u00e9es 1975 qui en a t\u00e9moign\u00e9. Un\nt\u00e9moignage sur le combat contre le stade (trop grand, trop cher et mal plac\u00e9) a\n\u00e9galement \u00e9t\u00e9 rappel\u00e9.<\/p>\n\n\n\n<p>Nous retiendrons de lui,\nqu\u2019il avait le souci constant des humbles&nbsp;; pour lui les questions de fin\ndu monde et des fins de mois devaient rester indissociables. C\u2019est une m\u00e9moire\nde l\u2019\u00e9cologie, de l\u2019\u00e9ducation populaire et de la justice sociale qui dispara\u00eet\nde Grenoble, \u00e0 nous de poursuivre le chemin avec autant de d\u00e9termination et de\nconviction.&nbsp;&nbsp; <\/p>\n","protected":false},"excerpt":{"rendered":"<p>Encore un militant de la Villeneuve de Grenoble qui disparait. Il avait eu 90 ans en juillet 2020, L\u00e9o \u00e9tait une figure incontournable des \u00e9cologistes grenoblois. Il a particip\u00e9 \u00e0 toutes les campagnes politiques de ces 40 derni\u00e8res ann\u00e9es, il a \u00e9t\u00e9 pr\u00e9sident des Verts-Grenoble et candidat aux \u00e9lections cantonales \u00e0 Grenoble, pr\u00e9sent\u00e9 par les [&hellip;]<\/p>\n","protected":false},"author":1,"featured_media":0,"comment_status":"closed","ping_status":"open","sticky":false,"template":"","format":"standard","meta":{"twitterCardType":"","cardImageID":0,"cardImage":"","cardTitle":"","cardDesc":"","cardImageAlt":"","cardPlayer":"","cardPlayerWidth":0,"cardPlayerHeight":0,"cardPlayerStream":"","cardPlayerCodec":"","footnotes":""},"categories":[62,11],"tags":[153,147,151,33],"class_list":["post-18196","post","type-post","status-publish","format-standard","hentry","category-le-rouge-le-vert-hebdo","category-politique-locale","tag-ecologie","tag-hommage","tag-memoire","tag-social"],"_links":{"self":[{"href":"https:\/\/www.ades-grenoble.org\/wordpress\/wp-json\/wp\/v2\/posts\/18196","targetHints":{"allow":["GET"]}}],"collection":[{"href":"https:\/\/www.ades-grenoble.org\/wordpress\/wp-json\/wp\/v2\/posts"}],"about":[{"href":"https:\/\/www.ades-grenoble.org\/wordpress\/wp-json\/wp\/v2\/types\/post"}],"author":[{"embeddable":true,"href":"https:\/\/www.ades-grenoble.org\/wordpress\/wp-json\/wp\/v2\/users\/1"}],"replies":[{"embeddable":true,"href":"https:\/\/www.ades-grenoble.org\/wordpress\/wp-json\/wp\/v2\/comments?post=18196"}],"version-history":[{"count":1,"href":"https:\/\/www.ades-grenoble.org\/wordpress\/wp-json\/wp\/v2\/posts\/18196\/revisions"}],"predecessor-version":[{"id":18198,"href":"https:\/\/www.ades-grenoble.org\/wordpress\/wp-json\/wp\/v2\/posts\/18196\/revisions\/18198"}],"wp:attachment":[{"href":"https:\/\/www.ades-grenoble.org\/wordpress\/wp-json\/wp\/v2\/media?parent=18196"}],"wp:term":[{"taxonomy":"category","embeddable":true,"href":"https:\/\/www.ades-grenoble.org\/wordpress\/wp-json\/wp\/v2\/categories?post=18196"},{"taxonomy":"post_tag","embeddable":true,"href":"https:\/\/www.ades-grenoble.org\/wordpress\/wp-json\/wp\/v2\/tags?post=18196"}],"curies":[{"name":"wp","href":"https:\/\/api.w.org\/{rel}","templated":true}]}}