{"id":1824,"date":"2010-06-04T14:26:25","date_gmt":"2010-06-04T12:26:25","guid":{"rendered":"http:\/\/www.ades-grenoble.org\/wordpress\/?p=1824"},"modified":"2010-06-25T20:42:10","modified_gmt":"2010-06-25T18:42:10","slug":"videosurveillance-a-grenoble-tout-se-prepare-en-secret","status":"publish","type":"post","link":"https:\/\/www.ades-grenoble.org\/wordpress\/2010\/06\/04\/videosurveillance-a-grenoble-tout-se-prepare-en-secret\/","title":{"rendered":"Vid\u00e9osurveillance \u00e0 Grenoble : tout se pr\u00e9pare en secret"},"content":{"rendered":"<p>\u00ab\u00a0Pi\u00e8ces et main d\u2019\u0153uvre\u00a0\u00bb rend public un document d\u2019un cabinet d\u2019\u00e9tude (Technoman-Ing\u00e9nierie) r\u00e9alis\u00e9 pour le compte de la Ville de Grenoble en mars 2010 intitul\u00e9 : \u00ab\u00a0Elaboration d\u2019un sch\u00e9ma directeur de d\u00e9veloppement d\u2019un r\u00e9seau de vid\u00e9osurveillance urbaine. Synth\u00e8se\u00a0\u00bb.<\/p>\n<p>Voir sur le site\u00a0: <a href=\"http:\/\/www.piecesetmaindoeuvre.com\/spip.php?page=resume&amp;id_article=257\" target=\"_blank\">http:\/\/www.piecesetmaindoeuvre.com\/spip.php?page=resume&amp;id_article=257<\/a><\/p>\n<p>Comme d\u2019habitude sur cette question sensible, la d\u00e9cision de lancer cette \u00e9tude a \u00e9t\u00e9 prise en catimini, sans d\u00e9bat ni d\u00e9lib\u00e9ration au conseil municipal. On y trouve l\u2019ensemble des installations existantes et pr\u00e9vues. Mais que dit <a href=\"http:\/\/www.ades-grenoble.org\/wordpress\/2010\/05\/20\/videosurveillance-comite-d%e2%80%99ethique-comite-bidon\/\" target=\"_self\">le coll\u00e8ge d\u2019\u00e9thique<\/a> ?<\/p>\n","protected":false},"excerpt":{"rendered":"<p>\u00ab\u00a0Pi\u00e8ces et main d\u2019\u0153uvre\u00a0\u00bb rend public un document d\u2019un cabinet d\u2019\u00e9tude (Technoman-Ing\u00e9nierie) r\u00e9alis\u00e9 pour le compte de la Ville de Grenoble en mars 2010 intitul\u00e9 : \u00ab\u00a0Elaboration d\u2019un sch\u00e9ma directeur de d\u00e9veloppement d\u2019un r\u00e9seau de vid\u00e9osurveillance urbaine. Synth\u00e8se\u00a0\u00bb. Voir sur le site\u00a0: http:\/\/www.piecesetmaindoeuvre.com\/spip.php?page=resume&amp;id_article=257 Comme d\u2019habitude sur cette question sensible, la d\u00e9cision de lancer cette \u00e9tude [&hellip;]<\/p>\n","protected":false},"author":1,"featured_media":0,"comment_status":"open","ping_status":"open","sticky":false,"template":"","format":"standard","meta":{"twitterCardType":"","cardImageID":0,"cardImage":"","cardTitle":"","cardDesc":"","cardImageAlt":"","cardPlayer":"","cardPlayerWidth":0,"cardPlayerHeight":0,"cardPlayerStream":"","cardPlayerCodec":"","footnotes":""},"categories":[62,11],"tags":[75],"class_list":["post-1824","post","type-post","status-publish","format-standard","hentry","category-le-rouge-le-vert-hebdo","category-politique-locale","tag-videosurveillance"],"_links":{"self":[{"href":"https:\/\/www.ades-grenoble.org\/wordpress\/wp-json\/wp\/v2\/posts\/1824","targetHints":{"allow":["GET"]}}],"collection":[{"href":"https:\/\/www.ades-grenoble.org\/wordpress\/wp-json\/wp\/v2\/posts"}],"about":[{"href":"https:\/\/www.ades-grenoble.org\/wordpress\/wp-json\/wp\/v2\/types\/post"}],"author":[{"embeddable":true,"href":"https:\/\/www.ades-grenoble.org\/wordpress\/wp-json\/wp\/v2\/users\/1"}],"replies":[{"embeddable":true,"href":"https:\/\/www.ades-grenoble.org\/wordpress\/wp-json\/wp\/v2\/comments?post=1824"}],"version-history":[{"count":4,"href":"https:\/\/www.ades-grenoble.org\/wordpress\/wp-json\/wp\/v2\/posts\/1824\/revisions"}],"predecessor-version":[{"id":1987,"href":"https:\/\/www.ades-grenoble.org\/wordpress\/wp-json\/wp\/v2\/posts\/1824\/revisions\/1987"}],"wp:attachment":[{"href":"https:\/\/www.ades-grenoble.org\/wordpress\/wp-json\/wp\/v2\/media?parent=1824"}],"wp:term":[{"taxonomy":"category","embeddable":true,"href":"https:\/\/www.ades-grenoble.org\/wordpress\/wp-json\/wp\/v2\/categories?post=1824"},{"taxonomy":"post_tag","embeddable":true,"href":"https:\/\/www.ades-grenoble.org\/wordpress\/wp-json\/wp\/v2\/tags?post=1824"}],"curies":[{"name":"wp","href":"https:\/\/api.w.org\/{rel}","templated":true}]}}