{"id":18253,"date":"2021-01-08T17:53:28","date_gmt":"2021-01-08T16:53:28","guid":{"rendered":"https:\/\/www.ades-grenoble.org\/wordpress\/?p=18253"},"modified":"2021-01-08T19:17:28","modified_gmt":"2021-01-08T18:17:28","slug":"validation-de-lelection-du-president-de-la-metro-mais","status":"publish","type":"post","link":"https:\/\/www.ades-grenoble.org\/wordpress\/2021\/01\/08\/validation-de-lelection-du-president-de-la-metro-mais\/","title":{"rendered":"Validation de l\u2019\u00e9lection du Pr\u00e9sident de la M\u00e9tro, mais\u2026"},"content":{"rendered":"\n<div class=\"wp-block-image\"><figure class=\"alignleft\"><img loading=\"lazy\" decoding=\"async\" width=\"380\" height=\"285\" src=\"https:\/\/www.ades-grenoble.org\/wordpress\/wp-content\/uploads\/2020\/07\/ConseilMetroInstallation.jpg\" alt=\"\" class=\"wp-image-17628\" srcset=\"https:\/\/www.ades-grenoble.org\/wordpress\/wp-content\/uploads\/2020\/07\/ConseilMetroInstallation.jpg 380w, https:\/\/www.ades-grenoble.org\/wordpress\/wp-content\/uploads\/2020\/07\/ConseilMetroInstallation-150x113.jpg 150w, https:\/\/www.ades-grenoble.org\/wordpress\/wp-content\/uploads\/2020\/07\/ConseilMetroInstallation-300x225.jpg 300w\" sizes=\"auto, (max-width: 380px) 100vw, 380px\" \/><\/figure><\/div>\n\n\n\n<p>Le Conseil d\u2019Etat a valid\u00e9\nd\u00e9finitivement l\u2019\u00e9lection de Ch. Ferrari \u00e0 la pr\u00e9sidence de la M\u00e9tropole par un\narr\u00eat du 29 d\u00e9cembre 2020, il valide l\u2019ordonnance du tribunal administratif qui\navait annul\u00e9 le recours contre l\u2019\u00e9lection du 17 juillet 2020. Mais contrairement\n\u00e0 ce qu\u2019a d\u00e9clar\u00e9 le pr\u00e9sident, ceci ne met pas fin aux irr\u00e9gularit\u00e9s\neffectu\u00e9es ces derniers mois notamment lors de l\u2019\u00e9lection des vice- pr\u00e9sidents.\n<\/p>\n\n\n\n<p>Le 11 novembre 2020 le\ntribunal administratif a rejet\u00e9 le recours contre l\u2019\u00e9lection des vice-pr\u00e9sidents\ndu 18 septembre 2020, en estimant qu\u2019il n\u2019\u00e9tait pas ill\u00e9gal d\u2019\u00e9lire les\nvice-pr\u00e9sidents dans une r\u00e9union diff\u00e9rente de celle o\u00f9 a \u00e9t\u00e9 \u00e9lu le pr\u00e9sident,\nalors que les requ\u00e9rants estimaient que cette s\u00e9paration entre les r\u00e9unions\n\u00e9tait ill\u00e9gale.<\/p>\n\n\n\n<p>Le Tribunal a jug\u00e9 qu\u2019<em>\u00ab&nbsp;il\nne r\u00e9sulte d\u2019ailleurs pas des d\u00e9bats parlementaires qui ont pr\u00e9c\u00e9d\u00e9 leur\nadoption que le l\u00e9gislateur ait alors eu l\u2019intention d\u2019imposer que les\n\u00e9lections du pr\u00e9sident et des vice-pr\u00e9sidents ainsi que la d\u00e9signation des\nautres membres du bureau se d\u00e9roulent obligatoirement lors de la s\u00e9ance\nd\u2019installation de la nouvelle assembl\u00e9e d\u00e9lib\u00e9rante de l\u2019\u00e9tablissement public\nde coop\u00e9ration intercommunal.&nbsp;<strong>Par suite, aucune disposition l\u00e9gislative\nni aucun principe n\u2019interdisent que les vice-pr\u00e9sidents soient \u00e9lus lors la\ns\u00e9ance suivant celle de l\u2019\u00e9lection du pr\u00e9sident. <\/strong>Par cons\u00e9quent, ce grief\ndoit \u00e9galement \u00eatre \u00e9cart\u00e9.&nbsp;\u00bb<\/em><\/p>\n\n\n\n<!--more-->\n\n\n\n<p>Le\nConseil d\u2019Etat du 29 d\u00e9cembre valide l\u2019\u00e9lection du pr\u00e9sident mais donne la\npr\u00e9cision suivante qui contredit le jugement du tribunal du 11 novembre&nbsp;: <em>\u00ab&nbsp;ces\ndispositions pr\u00e9voient que <strong>l\u2019ordre du jour de la premi\u00e8re r\u00e9union de\nl\u2019organe d\u00e9lib\u00e9rant<\/strong> des \u00e9tablissements publics de coop\u00e9ration\nintercommunale \u00e0 fiscalit\u00e9 propre <strong>suivant le renouvellement g\u00e9n\u00e9ral des\nconseils municipaux doit comporter l\u2019\u00e9lection du pr\u00e9sident et celle des vices\npr\u00e9sidents et des autres membres du bureau&nbsp;\u00bb. <\/strong><\/em><\/p>\n\n\n\n<p>De fa\u00e7on illogique le\nConseil d\u2019Etat d\u00e9cide dans le m\u00eame\nconsid\u00e9rant, de n\u2019en tirer aucune cons\u00e9quence quant \u00e0 l\u2019\u00e9lection du 17 juillet avec\nun argumentaire tr\u00e8s curieux&nbsp;: <em>\u00ab&nbsp;il\nn\u2019en r\u00e9sulte pas que la r\u00e9gularit\u00e9 de l\u2019\u00e9lection du pr\u00e9sident serait\nsubordonn\u00e9e \u00e0 la condition qu\u2019il soit effectivement proc\u00e9d\u00e9, au cours de la\nm\u00eame s\u00e9ance, au scrutin portant sur l\u2019\u00e9lection des vice-pr\u00e9sidents et des\nautres membres du bureau, ces diff\u00e9rents scrutins demeurant distincts les uns\ndes autres&nbsp;\u00bb&nbsp;!!!<\/em><\/p>\n\n\n\n<p>Devant tant de j\u00e9suitisme il\nva falloir attendre l\u2019arr\u00eat dans quelques mois du Conseil d\u2019Etat sur l\u2019\u00e9lection\ndes vice-pr\u00e9sidents dans une s\u00e9ance diff\u00e9rente de celle de l\u2019\u00e9lection du\npr\u00e9sident pour savoir si tout a \u00e9t\u00e9 fait r\u00e9guli\u00e8rement par le pr\u00e9sident de la\nM\u00e9tro. Pour ne pas paralyser le fonctionnement de la M\u00e9tro, le requ\u00e9rant n\u2019a\nattaqu\u00e9 en appel qu\u2019une seule vice-pr\u00e9sidence (tir\u00e9e au sort). Car s\u2019il gagnait\ncela aurait oblig\u00e9 le pr\u00e9sident \u00e0 d\u00e9missionner pour se faire r\u00e9\u00e9lire avec les\nvice-pr\u00e9sidents dans la m\u00eame s\u00e9ance. Et la crise politique cr\u00e9\u00e9e par l\u2019\u00e9lection\ndu pr\u00e9sident le 17 juillet n\u2019aurait pas \u00e9t\u00e9 referm\u00e9e. Et la r\u00e9partition des 20\nvice-pr\u00e9sidents a \u00e9t\u00e9 faite \u00e0 la proportionnelle des 4 groupes se r\u00e9clamant de\nla majorit\u00e9, ce qui est correct et permet de fonctionner correctement.<\/p>\n\n\n\n<p>Il y a d\u00e9j\u00e0 une chose\ncertaine, relev\u00e9e par le tribunal administratif, l\u2019ordre du tableau des\nvice-pr\u00e9sidents arr\u00eat\u00e9 par le pr\u00e9sident est irr\u00e9gulier, le 1<sup>er<\/sup>\nVice-pr\u00e9sident est un grenoblois M. Beron-Perez et non Mme Veyret de Saint\nMartin d\u2019H\u00e8res qui n\u2019est que 20<sup>\u00e8me<\/sup> vice-pr\u00e9sidente. Mais pour l\u2019instant le Pr\u00e9sident n\u2019a\npas daign\u00e9 appliquer la loi et la m\u00e9tropole est g\u00e9r\u00e9e par un ex\u00e9cutif dont\nl\u2019ordre du tableau est ill\u00e9gal. Il faudrait alors recommencer les \u00e9lections des\nvice-Pr\u00e9sidents pour remettre tout en ordre.<\/p>\n\n\n\n<p>Autre irr\u00e9gularit\u00e9, la\nm\u00e9tropole n\u2019a toujours pas arr\u00eat\u00e9 ses statuts c\u2019est pourtant obligatoire.\nEncore une irr\u00e9gularit\u00e9 qui date du 1<sup>er<\/sup> janvier 2015 et pourtant le\npr\u00e9fet est intervenu plusieurs fois aupr\u00e8s de la m\u00e9tropole mais sans succ\u00e8s. La\njustice va t\u2019elle obliger la m\u00e9tropole \u00e0 arr\u00eater ses statuts&nbsp;?<\/p>\n","protected":false},"excerpt":{"rendered":"<p>Le Conseil d\u2019Etat a valid\u00e9 d\u00e9finitivement l\u2019\u00e9lection de Ch. Ferrari \u00e0 la pr\u00e9sidence de la M\u00e9tropole par un arr\u00eat du 29 d\u00e9cembre 2020, il valide l\u2019ordonnance du tribunal administratif qui avait annul\u00e9 le recours contre l\u2019\u00e9lection du 17 juillet 2020. Mais contrairement \u00e0 ce qu\u2019a d\u00e9clar\u00e9 le pr\u00e9sident, ceci ne met pas fin aux irr\u00e9gularit\u00e9s [&hellip;]<\/p>\n","protected":false},"author":1,"featured_media":0,"comment_status":"closed","ping_status":"open","sticky":false,"template":"","format":"standard","meta":{"twitterCardType":"","cardImageID":0,"cardImage":"","cardTitle":"","cardDesc":"","cardImageAlt":"","cardPlayer":"","cardPlayerWidth":0,"cardPlayerHeight":0,"cardPlayerStream":"","cardPlayerCodec":"","footnotes":""},"categories":[62,11],"tags":[140,52,280],"class_list":["post-18253","post","type-post","status-publish","format-standard","hentry","category-le-rouge-le-vert-hebdo","category-politique-locale","tag-elections","tag-justice-administrative","tag-metropole"],"_links":{"self":[{"href":"https:\/\/www.ades-grenoble.org\/wordpress\/wp-json\/wp\/v2\/posts\/18253","targetHints":{"allow":["GET"]}}],"collection":[{"href":"https:\/\/www.ades-grenoble.org\/wordpress\/wp-json\/wp\/v2\/posts"}],"about":[{"href":"https:\/\/www.ades-grenoble.org\/wordpress\/wp-json\/wp\/v2\/types\/post"}],"author":[{"embeddable":true,"href":"https:\/\/www.ades-grenoble.org\/wordpress\/wp-json\/wp\/v2\/users\/1"}],"replies":[{"embeddable":true,"href":"https:\/\/www.ades-grenoble.org\/wordpress\/wp-json\/wp\/v2\/comments?post=18253"}],"version-history":[{"count":1,"href":"https:\/\/www.ades-grenoble.org\/wordpress\/wp-json\/wp\/v2\/posts\/18253\/revisions"}],"predecessor-version":[{"id":18254,"href":"https:\/\/www.ades-grenoble.org\/wordpress\/wp-json\/wp\/v2\/posts\/18253\/revisions\/18254"}],"wp:attachment":[{"href":"https:\/\/www.ades-grenoble.org\/wordpress\/wp-json\/wp\/v2\/media?parent=18253"}],"wp:term":[{"taxonomy":"category","embeddable":true,"href":"https:\/\/www.ades-grenoble.org\/wordpress\/wp-json\/wp\/v2\/categories?post=18253"},{"taxonomy":"post_tag","embeddable":true,"href":"https:\/\/www.ades-grenoble.org\/wordpress\/wp-json\/wp\/v2\/tags?post=18253"}],"curies":[{"name":"wp","href":"https:\/\/api.w.org\/{rel}","templated":true}]}}