{"id":1827,"date":"2010-06-04T14:27:47","date_gmt":"2010-06-04T12:27:47","guid":{"rendered":"http:\/\/www.ades-grenoble.org\/wordpress\/?p=1827"},"modified":"2010-06-25T20:42:05","modified_gmt":"2010-06-25T18:42:05","slug":"vers-du-logement-social-bas-de-gamme","status":"publish","type":"post","link":"https:\/\/www.ades-grenoble.org\/wordpress\/2010\/06\/04\/vers-du-logement-social-bas-de-gamme\/","title":{"rendered":"Vers du logement social bas de gamme !"},"content":{"rendered":"<p>L\u2019adjoint \u00e0 l\u2019action sociale a d\u00e9clar\u00e9 lors d\u2019une intervention \u00e0 l\u2019universit\u00e9 qu\u2019il \u00e9tait favorable \u00e0 mettre en place des logements sociaux peu chers (donc abandonnant la qualit\u00e9 actuelle notamment au niveau thermique) pour en multiplier le nombre. Cette proposition avait \u00e9t\u00e9 faite par certains \u00e9lus lors du mandat pr\u00e9c\u00e9dent, mais la pr\u00e9sence des \u00e9cologistes dans la majorit\u00e9 avait barr\u00e9 la route \u00e0 cette d\u00e9rive qui est une illusion sur le long terme. Attendons de voir ce que la majorit\u00e9 va d\u00e9cider \u00e0 ce sujet.<\/p>\n","protected":false},"excerpt":{"rendered":"<p>L\u2019adjoint \u00e0 l\u2019action sociale a d\u00e9clar\u00e9 lors d\u2019une intervention \u00e0 l\u2019universit\u00e9 qu\u2019il \u00e9tait favorable \u00e0 mettre en place des logements sociaux peu chers (donc abandonnant la qualit\u00e9 actuelle notamment au niveau thermique) pour en multiplier le nombre. Cette proposition avait \u00e9t\u00e9 faite par certains \u00e9lus lors du mandat pr\u00e9c\u00e9dent, mais la pr\u00e9sence des \u00e9cologistes dans [&hellip;]<\/p>\n","protected":false},"author":1,"featured_media":0,"comment_status":"open","ping_status":"open","sticky":false,"template":"","format":"standard","meta":{"twitterCardType":"","cardImageID":0,"cardImage":"","cardTitle":"","cardDesc":"","cardImageAlt":"","cardPlayer":"","cardPlayerWidth":0,"cardPlayerHeight":0,"cardPlayerStream":"","cardPlayerCodec":"","footnotes":""},"categories":[62,11],"tags":[67,66],"class_list":["post-1827","post","type-post","status-publish","format-standard","hentry","category-le-rouge-le-vert-hebdo","category-politique-locale","tag-conseil-municipal","tag-logement"],"_links":{"self":[{"href":"https:\/\/www.ades-grenoble.org\/wordpress\/wp-json\/wp\/v2\/posts\/1827","targetHints":{"allow":["GET"]}}],"collection":[{"href":"https:\/\/www.ades-grenoble.org\/wordpress\/wp-json\/wp\/v2\/posts"}],"about":[{"href":"https:\/\/www.ades-grenoble.org\/wordpress\/wp-json\/wp\/v2\/types\/post"}],"author":[{"embeddable":true,"href":"https:\/\/www.ades-grenoble.org\/wordpress\/wp-json\/wp\/v2\/users\/1"}],"replies":[{"embeddable":true,"href":"https:\/\/www.ades-grenoble.org\/wordpress\/wp-json\/wp\/v2\/comments?post=1827"}],"version-history":[{"count":3,"href":"https:\/\/www.ades-grenoble.org\/wordpress\/wp-json\/wp\/v2\/posts\/1827\/revisions"}],"predecessor-version":[{"id":1986,"href":"https:\/\/www.ades-grenoble.org\/wordpress\/wp-json\/wp\/v2\/posts\/1827\/revisions\/1986"}],"wp:attachment":[{"href":"https:\/\/www.ades-grenoble.org\/wordpress\/wp-json\/wp\/v2\/media?parent=1827"}],"wp:term":[{"taxonomy":"category","embeddable":true,"href":"https:\/\/www.ades-grenoble.org\/wordpress\/wp-json\/wp\/v2\/categories?post=1827"},{"taxonomy":"post_tag","embeddable":true,"href":"https:\/\/www.ades-grenoble.org\/wordpress\/wp-json\/wp\/v2\/tags?post=1827"}],"curies":[{"name":"wp","href":"https:\/\/api.w.org\/{rel}","templated":true}]}}