{"id":18310,"date":"2021-01-22T15:13:48","date_gmt":"2021-01-22T14:13:48","guid":{"rendered":"https:\/\/www.ades-grenoble.org\/wordpress\/?p=18310"},"modified":"2021-01-22T15:33:06","modified_gmt":"2021-01-22T14:33:06","slug":"linsee-presente-le-bilan-demographique-2020-du-pays","status":"publish","type":"post","link":"https:\/\/www.ades-grenoble.org\/wordpress\/2021\/01\/22\/linsee-presente-le-bilan-demographique-2020-du-pays\/","title":{"rendered":"L\u2019INSEE pr\u00e9sente le bilan d\u00e9mographique 2020 du pays"},"content":{"rendered":"\n<div class=\"wp-block-image\"><figure class=\"alignleft\"><img loading=\"lazy\" decoding=\"async\" width=\"200\" height=\"231\" src=\"https:\/\/www.ades-grenoble.org\/wordpress\/wp-content\/uploads\/2019\/03\/Insee-1.jpg\" alt=\"\" class=\"wp-image-15587\" srcset=\"https:\/\/www.ades-grenoble.org\/wordpress\/wp-content\/uploads\/2019\/03\/Insee-1.jpg 200w, https:\/\/www.ades-grenoble.org\/wordpress\/wp-content\/uploads\/2019\/03\/Insee-1-130x150.jpg 130w\" sizes=\"auto, (max-width: 200px) 100vw, 200px\" \/><\/figure><\/div>\n\n\n\n<p>Le 19 janvier 2021, l\u2019INSEE \u00e9dite <a href=\"https:\/\/www.insee.fr\/fr\/statistiques\/5012724\" target=\"_blank\" rel=\"noreferrer noopener\" aria-label=\"le bilan d\u00e9mographique de la France (s\u2019ouvre dans un nouvel onglet)\">le bilan d\u00e9mographique de la France<\/a> et insiste sur l\u2019impact de la pand\u00e9mie de Covid qui fait baisser l\u2019esp\u00e9rance de vie et chuter le nombre de mariages.<\/p>\n\n\n\n<p><em>\u00ab\u00a0Au 1\u1d49\u02b3\u00a0janvier 2021, la France compte 67,4\u00a0millions d\u2019habitants. Au cours de l\u2019ann\u00e9e 2020, la population a augment\u00e9 de 0,3\u00a0%. Cette progression est due pour moiti\u00e9 au solde naturel (+\u00a082\u00a0000\u00a0personnes), diff\u00e9rence entre les nombres de naissances et de\u00a0d\u00e9c\u00e8s. Il a fortement baiss\u00e9 du fait de la forte hausse des\u00a0d\u00e9c\u00e8s li\u00e9e \u00e0 la pand\u00e9mie de Covid-19.<\/em><\/p>\n\n\n\n<!--more-->\n\n\n\n<p><em>En 2020,\n740&nbsp;000&nbsp;b\u00e9b\u00e9s sont n\u00e9s en France. En recul depuis 2015, l\u2019indicateur\nconjoncturel de f\u00e9condit\u00e9 s\u2019\u00e9tablit \u00e0 1,84&nbsp;enfant par&nbsp;femme en 2020.\nLa France reste, en 2018, le pays le plus f\u00e9cond de l\u2019Union europ\u00e9enne.<\/em><\/p>\n\n\n\n<p><em>En 2020,\n658&nbsp;000&nbsp;personnes sont d\u00e9c\u00e9d\u00e9es en France, soit 7,3&nbsp;% de plus\nqu\u2019en 2019. La pand\u00e9mie de Covid-19 a particuli\u00e8rement affect\u00e9 les&nbsp;d\u00e9c\u00e8s\nau printemps et en fin d\u2019ann\u00e9e. L\u2019esp\u00e9rance de vie \u00e0 la naissance s\u2019\u00e9tablit \u00e0\n85,2&nbsp;ans pour les&nbsp;femmes et \u00e0 79,2&nbsp;ans pour les hommes. Elle\ndiminue nettement par rapport \u00e0 2019 (\u2013&nbsp;0,4&nbsp;an pour les&nbsp;femmes\net \u2013&nbsp;0,5&nbsp;an pour les hommes). La baisse est bien plus forte qu\u2019en\n2015, ann\u00e9e marqu\u00e9e par une forte grippe hivernale (\u2013&nbsp;0,3&nbsp;an et\n\u2013&nbsp;0,2&nbsp;an).<\/em><\/p>\n\n\n\n<p><em>En 2020, 148\u00a0000\u00a0mariages ont \u00e9t\u00e9 c\u00e9l\u00e9br\u00e9s, en recul de 34\u00a0% par rapport \u00e0 2019, la pand\u00e9mie ayant emp\u00each\u00e9 la tenue des c\u00e9l\u00e9brations ou incit\u00e9 \u00e0 les repousser en raison de la limitation du nombre d\u2019invit\u00e9s.\u00a0\u00bb<\/em><\/p>\n","protected":false},"excerpt":{"rendered":"<p>Le 19 janvier 2021, l\u2019INSEE \u00e9dite le bilan d\u00e9mographique de la France et insiste sur l\u2019impact de la pand\u00e9mie de Covid qui fait baisser l\u2019esp\u00e9rance de vie et chuter le nombre de mariages. \u00ab\u00a0Au 1\u1d49\u02b3\u00a0janvier 2021, la France compte 67,4\u00a0millions d\u2019habitants. Au cours de l\u2019ann\u00e9e 2020, la population a augment\u00e9 de 0,3\u00a0%. Cette progression est [&hellip;]<\/p>\n","protected":false},"author":1,"featured_media":0,"comment_status":"closed","ping_status":"open","sticky":false,"template":"","format":"standard","meta":{"twitterCardType":"","cardImageID":0,"cardImage":"","cardTitle":"","cardDesc":"","cardImageAlt":"","cardPlayer":"","cardPlayerWidth":0,"cardPlayerHeight":0,"cardPlayerStream":"","cardPlayerCodec":"","footnotes":""},"categories":[62,11],"tags":[161,285,99],"class_list":["post-18310","post","type-post","status-publish","format-standard","hentry","category-le-rouge-le-vert-hebdo","category-politique-locale","tag-demographie","tag-insee","tag-sante"],"_links":{"self":[{"href":"https:\/\/www.ades-grenoble.org\/wordpress\/wp-json\/wp\/v2\/posts\/18310","targetHints":{"allow":["GET"]}}],"collection":[{"href":"https:\/\/www.ades-grenoble.org\/wordpress\/wp-json\/wp\/v2\/posts"}],"about":[{"href":"https:\/\/www.ades-grenoble.org\/wordpress\/wp-json\/wp\/v2\/types\/post"}],"author":[{"embeddable":true,"href":"https:\/\/www.ades-grenoble.org\/wordpress\/wp-json\/wp\/v2\/users\/1"}],"replies":[{"embeddable":true,"href":"https:\/\/www.ades-grenoble.org\/wordpress\/wp-json\/wp\/v2\/comments?post=18310"}],"version-history":[{"count":1,"href":"https:\/\/www.ades-grenoble.org\/wordpress\/wp-json\/wp\/v2\/posts\/18310\/revisions"}],"predecessor-version":[{"id":18311,"href":"https:\/\/www.ades-grenoble.org\/wordpress\/wp-json\/wp\/v2\/posts\/18310\/revisions\/18311"}],"wp:attachment":[{"href":"https:\/\/www.ades-grenoble.org\/wordpress\/wp-json\/wp\/v2\/media?parent=18310"}],"wp:term":[{"taxonomy":"category","embeddable":true,"href":"https:\/\/www.ades-grenoble.org\/wordpress\/wp-json\/wp\/v2\/categories?post=18310"},{"taxonomy":"post_tag","embeddable":true,"href":"https:\/\/www.ades-grenoble.org\/wordpress\/wp-json\/wp\/v2\/tags?post=18310"}],"curies":[{"name":"wp","href":"https:\/\/api.w.org\/{rel}","templated":true}]}}