{"id":18322,"date":"2021-01-22T15:32:29","date_gmt":"2021-01-22T14:32:29","guid":{"rendered":"https:\/\/www.ades-grenoble.org\/wordpress\/?p=18322"},"modified":"2021-01-22T15:37:33","modified_gmt":"2021-01-22T14:37:33","slug":"lavenir-de-la-clinique-mutualiste-rien-nest-definitif","status":"publish","type":"post","link":"https:\/\/www.ades-grenoble.org\/wordpress\/2021\/01\/22\/lavenir-de-la-clinique-mutualiste-rien-nest-definitif\/","title":{"rendered":"L\u2019avenir de la clinique mutualiste, rien n\u2019est d\u00e9finitif"},"content":{"rendered":"\n<div class=\"wp-block-image\"><figure class=\"alignleft\"><img loading=\"lazy\" decoding=\"async\" width=\"400\" height=\"92\" src=\"https:\/\/www.ades-grenoble.org\/wordpress\/wp-content\/uploads\/2020\/12\/Mutualiste.jpg\" alt=\"\" class=\"wp-image-18142\" srcset=\"https:\/\/www.ades-grenoble.org\/wordpress\/wp-content\/uploads\/2020\/12\/Mutualiste.jpg 400w, https:\/\/www.ades-grenoble.org\/wordpress\/wp-content\/uploads\/2020\/12\/Mutualiste-150x35.jpg 150w, https:\/\/www.ades-grenoble.org\/wordpress\/wp-content\/uploads\/2020\/12\/Mutualiste-300x69.jpg 300w\" sizes=\"auto, (max-width: 400px) 100vw, 400px\" \/><\/figure><\/div>\n\n\n\n<p>Il n\u2019aura pas fallu plus de\ntrois mois pour que le nouveau gestionnaire du GHM, Doctegestio, mette en place\nses modes de gestion habituels pour rentabiliser son investissement. En effet\nil n\u2019est pas venu l\u00e0 pour faire du service d\u2019int\u00e9r\u00eat g\u00e9n\u00e9ral, mais pour faire\ndu fric. Et pour faire vite des \u00e9conomies sur le fonctionnement, il faut faire pression\nsur le personnel, ce qui devient intol\u00e9rable \u00e0 tel point que plusieurs\nd\u00e9missions sont intervenues, qu\u2019un pr\u00e9avis de gr\u00e8ve illimit\u00e9e a \u00e9t\u00e9 d\u00e9pos\u00e9\nainsi qu\u2019un d\u00e9p\u00f4t de plainte pour entrave au fonctionnement du Comit\u00e9 Social et\nEnvironnemental. M. Bensa\u00efd le patron de Doctegestio a d\u00e9clar\u00e9 qu\u2019il avait\npr\u00e9vu de r\u00e9sorber rapidement le d\u00e9ficit annuel de 3 M\u20ac et qu\u2019il avait d\u00e9j\u00e0\natteint 2,3 M\u20ac d\u2019\u00e9conomies&nbsp;: on mesure la violence de cette gestion.<\/p>\n\n\n\n<p>Une manifestation a eu lieu\nle 18 janvier pour protester contre ces m\u00e9thodes inadmissibles et soutenir les\nactions \u00e0 venir.<\/p>\n\n\n\n<!--more-->\n\n\n\n<p>En plus de la mobilisation\ndes salari\u00e9s du GHM, deux actions sont propos\u00e9es pour essayer de contrer cette\nvente et retrouver une gestion au service des usagers et non par un affairiste\nqui \u00e9tend dangereusement ses tentacules dans de nombreux domaines que ce soit\ndans l\u2019immobilier ou dans le soin.<\/p>\n\n\n\n<ul class=\"wp-block-list\"><li>Premi\u00e8re action&nbsp;:\nobtenir que la vente des murs du GHM ne soit pas faite \u00e0 Icade (qui d\u00e9pend de\nla Caisse des d\u00e9p\u00f4ts et consignations) qui a pass\u00e9 un deal avec Doctegestio\npour acheter les murs pour 50 M\u20ac aux propri\u00e9taires actuels&nbsp;: AESIO-ADREA et les mutuelles de la SCIMI (Soci\u00e9t\u00e9 Civile Immobili\u00e8re\ndes&nbsp;Mutuelles de l\u2019Is\u00e8re). La M\u00e9tropole en accord avec Grenoble a d\u00e9cid\u00e9\nde pr\u00e9empter l\u2019immeuble. Si l\u2019achat peut se faire \u00e0 un prix raisonnable, les\nvendeurs, AESIO-ADREA ne pourront pas dissoudre la SCIMI et&nbsp;faire main\nbasse sur les&nbsp;19&nbsp;M\u20ac&nbsp;pr\u00e9lev\u00e9s depuis plus de 15&nbsp;ans sur les\nloyers pay\u00e9s par le GHM&nbsp;et stock\u00e9s dans les fonds propres de la\nSCIMI.&nbsp;Ces&nbsp;19 M\u20ac&nbsp;doivent revenir au GHM et non enrichir des\nmutuelles qui&nbsp;ont mis moins de&nbsp;1&nbsp;M\u20ac&nbsp;dans la cr\u00e9ation de la\nSCIMI.<\/li><\/ul>\n\n\n\n<ul class=\"wp-block-list\"><li>Deuxi\u00e8me action&nbsp;: le\ncollectif de d\u00e9fense de la clinique mutualiste va d\u00e9poser sous peu un recours\ncontre la vente du GHM estimant que de nombreuses irr\u00e9gularit\u00e9s ont \u00e9t\u00e9\ncommises.<\/li><\/ul>\n\n\n\n<p>La p\u00e9tition pour protester contre cette vente au secteur lucratif a d\u00e9pass\u00e9 les 16 000 signatures. Voir <a rel=\"noreferrer noopener\" aria-label=\"ici (s\u2019ouvre dans un nouvel onglet)\" href=\"https:\/\/www.change.org\/p\/adrea-mutuelle-non-a-la-vente-des-cliniques-mutualistes-de-grenoble-au-prive-lucratif\/u\/28376179?cs_tk=AtH6lA7F0OjWAiogB2AAAXicyyvNyQEABF8BvJRr22xv8mkI8_GDzHzpeVo%3D&amp;utm_campaign=6bcb68c03348497494dc756c6fb2402c&amp;utm_content=initial_v0_4_0&amp;utm_medium=email&amp;utm_source=petition_update&amp;utm_term=cs\" target=\"_blank\">ici<\/a> la mise au point de celui qui l\u2019a initi\u00e9e.<\/p>\n\n\n\n<p>Voir aussi <a href=\"https:\/\/blogs.alternatives-economiques.fr\/abherve\/2021\/01\/09\/reprise-de-la-mut-de-grenoble-le-groupe-prive-doctegestio-face-a-trois-fronts-delit-d-entrave-preemption-et-mise-en-cause-de-sa-fragilite-financiere\" target=\"_blank\" rel=\"noreferrer noopener\" aria-label=\"le blog de Michel Abherv\u00e9\u00a0du 14 janvier 2021 (s\u2019ouvre dans un nouvel onglet)\">le blog de Michel Abherv\u00e9\u00a0du 14 janvier 2021<\/a>\u00a0sur le site d\u2019Alternatives Economiques\u00a0qui d\u00e9nonce les fausses mutuelles\u00a0et la sortie du GHM de l\u2019\u00e9conomie sociale et solidaire\u00a0:<\/p>\n\n\n\n<p><em>\u00ab\u00a0Pour la reprise de la\u00a0Mut&rsquo;\u00a0\u00e0 Grenoble le groupe priv\u00e9\u00a0Doctegestio\u00a0doit faire face \u00e0 un quatri\u00e8me front <\/em><\/p>\n\n\n\n<p><em>Selon&nbsp;Place Gre&rsquo;net,\ndans son article&nbsp;&nbsp;Grenoble : la vente du GHM contest\u00e9e devant les\ntribunaux&nbsp;les repr\u00e9sentants des salari\u00e9s et des usagers\noppos\u00e9s \u00e0 la reprise du GHM par le groupe priv\u00e9 se pr\u00e9parent cette fois \u00e0\ncontester la cession de l&rsquo;activit\u00e9&nbsp;\u00ab&nbsp;Apr\u00e8s le transfert par\nAesio-Adrea et la Mutuelle fran\u00e7aise de l\u2019Is\u00e8re de la responsabilit\u00e9 du GHM \u00e0\ndeux pseudo-mutuelles totalement contr\u00f4l\u00e9es par Doctegestio, soci\u00e9t\u00e9 \u00e0 but\nlucratif, le GHM n\u2019appartient plus \u00e0 l\u2019\u00e9conomie sociale et solidaire&nbsp;\u00bb<\/em><\/p>\n\n\n\n<p><em>Dans sa proposition le groupe avait mentionn\u00e9 la participation de deux mutuelles, Doctocare et les Mutuelles de France du Var. Doctocare n&rsquo;a rien d&rsquo;une mutuelle, c&rsquo;est simplement la marque du groupe Doctegestio pour la sant\u00e9, qui disparait d&rsquo;ailleurs en janvier 2021 avec le changement de nom de celui-ci (voir <a rel=\"noreferrer noopener\" aria-label=\"ici (s\u2019ouvre dans un nouvel onglet)\" href=\"https:\/\/blogs.alternatives-economiques.fr\/abherve\/2021\/01\/08\/doctegestio-devient-avec\" target=\"_blank\">ici<\/a>).<\/em><\/p>\n\n\n\n<p><em>Quant aux Mutuelles de France du Var, on ne comprend pas bien ce qu&rsquo;elles viennent faire en Is\u00e8re. Et on ne comprend pas davantage quel r\u00f4le y joue Bernard Bensa\u00efd. Il semble qu&rsquo;il y ait confusion, volontaire, entre la reprise des\u00a0 activit\u00e9s d&rsquo;une mutuelle, que le groupe a pratiqu\u00e9 \u00e0 plusieurs reprises, et reprise d&rsquo;une mutuelle, au sens juridique du terme, dont on ne voit pas comment elle est juridiquement possible en demeurant mutuelle, adh\u00e9rente \u00e0 la FNMF.Peut-\u00eatre une nouvelle illustration de l&rsquo;usage hors des r\u00e8gles du terme mutuelle (lire <a rel=\"noreferrer noopener\" aria-label=\"ici (s\u2019ouvre dans un nouvel onglet)\" href=\"https:\/\/blogs.alternatives-economiques.fr\/abherve\/2020\/11\/19\/meme-la-ministre-est-trompee-par-les-fausses-mutuelles\" target=\"_blank\">ici<\/a>) \u00bb<\/em><\/p>\n","protected":false},"excerpt":{"rendered":"<p>Il n\u2019aura pas fallu plus de trois mois pour que le nouveau gestionnaire du GHM, Doctegestio, mette en place ses modes de gestion habituels pour rentabiliser son investissement. En effet il n\u2019est pas venu l\u00e0 pour faire du service d\u2019int\u00e9r\u00eat g\u00e9n\u00e9ral, mais pour faire du fric. Et pour faire vite des \u00e9conomies sur le fonctionnement, [&hellip;]<\/p>\n","protected":false},"author":1,"featured_media":0,"comment_status":"closed","ping_status":"open","sticky":false,"template":"","format":"standard","meta":{"twitterCardType":"","cardImageID":0,"cardImage":"","cardTitle":"","cardDesc":"","cardImageAlt":"","cardPlayer":"","cardPlayerWidth":0,"cardPlayerHeight":0,"cardPlayerStream":"","cardPlayerCodec":"","footnotes":""},"categories":[62,11],"tags":[138,280,12,99],"class_list":["post-18322","post","type-post","status-publish","format-standard","hentry","category-le-rouge-le-vert-hebdo","category-politique-locale","tag-finances","tag-metropole","tag-mobilisations","tag-sante"],"_links":{"self":[{"href":"https:\/\/www.ades-grenoble.org\/wordpress\/wp-json\/wp\/v2\/posts\/18322","targetHints":{"allow":["GET"]}}],"collection":[{"href":"https:\/\/www.ades-grenoble.org\/wordpress\/wp-json\/wp\/v2\/posts"}],"about":[{"href":"https:\/\/www.ades-grenoble.org\/wordpress\/wp-json\/wp\/v2\/types\/post"}],"author":[{"embeddable":true,"href":"https:\/\/www.ades-grenoble.org\/wordpress\/wp-json\/wp\/v2\/users\/1"}],"replies":[{"embeddable":true,"href":"https:\/\/www.ades-grenoble.org\/wordpress\/wp-json\/wp\/v2\/comments?post=18322"}],"version-history":[{"count":1,"href":"https:\/\/www.ades-grenoble.org\/wordpress\/wp-json\/wp\/v2\/posts\/18322\/revisions"}],"predecessor-version":[{"id":18323,"href":"https:\/\/www.ades-grenoble.org\/wordpress\/wp-json\/wp\/v2\/posts\/18322\/revisions\/18323"}],"wp:attachment":[{"href":"https:\/\/www.ades-grenoble.org\/wordpress\/wp-json\/wp\/v2\/media?parent=18322"}],"wp:term":[{"taxonomy":"category","embeddable":true,"href":"https:\/\/www.ades-grenoble.org\/wordpress\/wp-json\/wp\/v2\/categories?post=18322"},{"taxonomy":"post_tag","embeddable":true,"href":"https:\/\/www.ades-grenoble.org\/wordpress\/wp-json\/wp\/v2\/tags?post=18322"}],"curies":[{"name":"wp","href":"https:\/\/api.w.org\/{rel}","templated":true}]}}