{"id":18370,"date":"2021-02-05T16:44:58","date_gmt":"2021-02-05T15:44:58","guid":{"rendered":"https:\/\/www.ades-grenoble.org\/wordpress\/?p=18370"},"modified":"2021-02-08T09:32:02","modified_gmt":"2021-02-08T08:32:02","slug":"convention-citoyenne-metropolitaine-pour-le-climat","status":"publish","type":"post","link":"https:\/\/www.ades-grenoble.org\/wordpress\/2021\/02\/05\/convention-citoyenne-metropolitaine-pour-le-climat\/","title":{"rendered":"Convention citoyenne m\u00e9tropolitaine pour le climat"},"content":{"rendered":"\n<div class=\"wp-block-image\"><figure class=\"alignleft\"><img loading=\"lazy\" decoding=\"async\" width=\"400\" height=\"71\" src=\"https:\/\/www.ades-grenoble.org\/wordpress\/wp-content\/uploads\/2020\/10\/JournalMetro.jpg\" alt=\"\" class=\"wp-image-17995\" srcset=\"https:\/\/www.ades-grenoble.org\/wordpress\/wp-content\/uploads\/2020\/10\/JournalMetro.jpg 400w, https:\/\/www.ades-grenoble.org\/wordpress\/wp-content\/uploads\/2020\/10\/JournalMetro-150x27.jpg 150w, https:\/\/www.ades-grenoble.org\/wordpress\/wp-content\/uploads\/2020\/10\/JournalMetro-300x53.jpg 300w\" sizes=\"auto, (max-width: 400px) 100vw, 400px\" \/><\/figure><\/div>\n\n\n\n<p>Le 29\njanvier, le Conseil de la M\u00e9tro a d\u00e9cid\u00e9 de mettre en place dans le deuxi\u00e8me\nsemestre 2021 une convention citoyenne sur le climat, suivant le mod\u00e8le qui a\ntr\u00e8s bien fonctionn\u00e9 au niveau national, en esp\u00e9rant que le r\u00e9sultat soit\nautrement mieux pris en compte par la M\u00e9tro qu\u2019il ne l\u2019a \u00e9t\u00e9 par Macron en ce\nqui concerne les 150 propositions \u00e9dict\u00e9es par la convention nationale, dont \u00e0\npeine la moiti\u00e9 a \u00e9t\u00e9 prise en consid\u00e9ration et encore \u00e0 la marge.<\/p>\n\n\n\n<p>Elle sera compos\u00e9e de 150\ncitoyen-nes tir\u00e9.es au sort, en essayant d\u2019\u00eatre repr\u00e9sentatif du territoire\nm\u00e9tropolitain (parit\u00e9, diff\u00e9rents territoires, profils socio-\u00e9conomiques,\n\u00e2ges\u2026). <\/p>\n\n\n\n<p>Il est pr\u00e9vu que les membres\nde la convention citoyenne soient indemnis\u00e9s et que les r\u00e9unions de travail\nsoient \u00e9tal\u00e9es sur une dizaine de jours.<\/p>\n\n\n\n<p>La Commission Nationale du\nD\u00e9bat Public sera sollicit\u00e9e pour accompagner la d\u00e9marche et garantir la\ntransparence des donn\u00e9es, informations et travaux,<\/p>\n\n\n\n<!--more-->\n\n\n\n<p><em>\u00ab&nbsp;Les citoyens seront\naccompagn\u00e9s par des sp\u00e9cialistes en animation\/concertation, les services de la\nM\u00e9tropole et des communes volontaires, ainsi que par des experts et des\nintervenants qu\u2019ils souhaiteront auditionner, \u00e0 l\u2019instar d\u2019universitaires,\nd\u2019associations, d\u2019entreprises, d\u2019\u00e9lus, de collectivit\u00e9s. Des citoyens engag\u00e9s\ndans la convention citoyenne pour le climat \u00e0 l\u2019\u00e9chelle nationale pourront naturellement\nvenir apporter leur exp\u00e9rience.<\/em><\/p>\n\n\n\n<p><em>La convention citoyenne\naura pour mandat de r\u00e9pondre aux questions suivantes :<\/em><\/p>\n\n\n\n<ul class=\"wp-block-list\"><li><em>Quelles actions mettre en place, en compl\u00e9ment de celles d\u00e9j\u00e0 inscrites au Plan Climat Air Energie M\u00e9tropolitain, pour r\u00e9duire plus particuli\u00e8rement les \u00e9missions de gaz \u00e0 effet de serre directes et indirectes li\u00e9es nos modes de vie et de consommation (alimentation, biens et services,..) \u00e0 l\u2019horizon 2030 ?<\/em><\/li><li><em>Quelles actions mettre en place pour que notre territoire m\u00e9tropolitain tende vers la neutralit\u00e9 carbone en 2050 tout en contribuant \u00e0 la r\u00e9duction des gaz \u00e0 effet de serre \u00e0 l\u2019\u00e9chelle plan\u00e9taire et en permettant l\u2019inclusion de tous et toutes ? En corollaire, quel budget carbone devra \u00eatre engag\u00e9 en ce sens ?&#8230;<\/em><\/li><\/ul>\n\n\n\n<p><em>Sur la base des propositions\n\u00e9mises par la Convention citoyenne, la M\u00e9tropole s\u2019engage :<\/em><\/p>\n\n\n\n<ul class=\"wp-block-list\"><li><em>\u00e0 soumettre au Conseil M\u00e9tropolitain les propositions de la Convention citoyenne m\u00e9tropolitaine pour le climat,<\/em><\/li><li><em>\u00e0 transmettre aux communes les propositions qui les concernent,<\/em><\/li><li><em>\u00e0 relayer au niveau national ou europ\u00e9en les propositions qui concernent ces \u00e9chelles d&rsquo;intervention,<\/em><\/li><li><em>Pour les propositions complexes ou faisant d\u00e9bat, \u00e0 organiser une consultation citoyenne, selon l\u2019article L 5211-49 du Code g\u00e9n\u00e9ral des collectivit\u00e9s territoriales qui permet aux EPCI de mettre en oeuvre des d\u00e9marches de consultations dans les limites des comp\u00e9tences m\u00e9tropolitaines.<\/em><\/li><\/ul>\n\n\n\n<p><em>Parall\u00e8lement, la m\u00e9tropole souhaite lancer une convention m\u00e9tropolitaine des secteurs \u00e9conomiques (entreprises, acteurs de l\u2019ESS, agricoles, etc.) pour le Climat.<\/em><\/p>\n\n\n\n<p>Le lancement de cette convention           \u00e0 l\u2019\u00e9chelle de la           m\u00e9tropole, qui a les comp\u00e9tences importantes pour le climat\u00a0 (\u00e9nergie, chauffage,           logement, transports)           est une bonne chose. Mais il est regrettable que le texte           soumis aux citoyens           ne soit pas plus pr\u00e9cis sur les ambitions. Et c\u2019est m\u00eame           incoh\u00e9rent par rapport           aux votes d\u00e9j\u00e0 faits \u00e0 la m\u00e9tropole qui fixaient des objectifs           dans le Plan Air           Climat Energie 2020-2030 vot\u00e9 en 2019 de \u2013 50 % de GES en 2030, de \u2013 60 % de           PM 10, &#8211; 70 % de NOx, \u2026 Il aurait fallu rappeler au moins ces           objectifs, que           l\u2019aggravation de la crise climatique devrait conduire \u00e0           augmenter encore si on           veut ramener le r\u00e9chauffement global dans la fourchette de           survie acceptable de           + 1,5 degr\u00e9s conforme aux accords de Paris. Voir <a rel=\"noreferrer noopener\" aria-label=\"ici (s\u2019ouvre dans un nouvel onglet)\" href=\"https:\/\/planclimat.grenoblealpesmetropole.fr\/20-nouveau-plan-climat-air-energie.htm\" target=\"_blank\">ici<\/a>. <\/p>\n\n\n\n<p>Heureusement les citoyens, quand           ils sont bien           inform\u00e9s, sont en g\u00e9n\u00e9ral plus volontaristes que les \u00e9lus pour           affronter les           r\u00e9alit\u00e9s du moment et changer la soci\u00e9t\u00e9, comme l\u2019ont d\u00e9montr\u00e9           le panel           national. On compte donc sur eux pour redresser la barre&nbsp;!<\/p>\n","protected":false},"excerpt":{"rendered":"<p>Le 29 janvier, le Conseil de la M\u00e9tro a d\u00e9cid\u00e9 de mettre en place dans le deuxi\u00e8me semestre 2021 une convention citoyenne sur le climat, suivant le mod\u00e8le qui a tr\u00e8s bien fonctionn\u00e9 au niveau national, en esp\u00e9rant que le r\u00e9sultat soit autrement mieux pris en compte par la M\u00e9tro qu\u2019il ne l\u2019a \u00e9t\u00e9 par [&hellip;]<\/p>\n","protected":false},"author":1,"featured_media":0,"comment_status":"closed","ping_status":"open","sticky":false,"template":"","format":"standard","meta":{"twitterCardType":"","cardImageID":0,"cardImage":"","cardTitle":"","cardDesc":"","cardImageAlt":"","cardPlayer":"","cardPlayerWidth":0,"cardPlayerHeight":0,"cardPlayerStream":"","cardPlayerCodec":"","footnotes":""},"categories":[62,11],"tags":[272,223,280],"class_list":["post-18370","post","type-post","status-publish","format-standard","hentry","category-le-rouge-le-vert-hebdo","category-politique-locale","tag-citoyennete","tag-climat","tag-metropole"],"_links":{"self":[{"href":"https:\/\/www.ades-grenoble.org\/wordpress\/wp-json\/wp\/v2\/posts\/18370","targetHints":{"allow":["GET"]}}],"collection":[{"href":"https:\/\/www.ades-grenoble.org\/wordpress\/wp-json\/wp\/v2\/posts"}],"about":[{"href":"https:\/\/www.ades-grenoble.org\/wordpress\/wp-json\/wp\/v2\/types\/post"}],"author":[{"embeddable":true,"href":"https:\/\/www.ades-grenoble.org\/wordpress\/wp-json\/wp\/v2\/users\/1"}],"replies":[{"embeddable":true,"href":"https:\/\/www.ades-grenoble.org\/wordpress\/wp-json\/wp\/v2\/comments?post=18370"}],"version-history":[{"count":3,"href":"https:\/\/www.ades-grenoble.org\/wordpress\/wp-json\/wp\/v2\/posts\/18370\/revisions"}],"predecessor-version":[{"id":18389,"href":"https:\/\/www.ades-grenoble.org\/wordpress\/wp-json\/wp\/v2\/posts\/18370\/revisions\/18389"}],"wp:attachment":[{"href":"https:\/\/www.ades-grenoble.org\/wordpress\/wp-json\/wp\/v2\/media?parent=18370"}],"wp:term":[{"taxonomy":"category","embeddable":true,"href":"https:\/\/www.ades-grenoble.org\/wordpress\/wp-json\/wp\/v2\/categories?post=18370"},{"taxonomy":"post_tag","embeddable":true,"href":"https:\/\/www.ades-grenoble.org\/wordpress\/wp-json\/wp\/v2\/tags?post=18370"}],"curies":[{"name":"wp","href":"https:\/\/api.w.org\/{rel}","templated":true}]}}