{"id":18417,"date":"2021-02-19T15:25:18","date_gmt":"2021-02-19T14:25:18","guid":{"rendered":"https:\/\/www.ades-grenoble.org\/wordpress\/?p=18417"},"modified":"2021-02-19T15:46:07","modified_gmt":"2021-02-19T14:46:07","slug":"pour-la-reouverture-des-etablissements-culturels-recevant-du-public","status":"publish","type":"post","link":"https:\/\/www.ades-grenoble.org\/wordpress\/2021\/02\/19\/pour-la-reouverture-des-etablissements-culturels-recevant-du-public\/","title":{"rendered":"Pour la r\u00e9ouverture des \u00e9tablissements culturels recevant du public"},"content":{"rendered":"\n<div class=\"wp-block-image\"><figure class=\"aligncenter\"><img loading=\"lazy\" decoding=\"async\" width=\"600\" height=\"400\" src=\"https:\/\/www.ades-grenoble.org\/wordpress\/wp-content\/uploads\/2016\/05\/auditorium-MC2.jpg\" alt=\"\" class=\"wp-image-11645\" srcset=\"https:\/\/www.ades-grenoble.org\/wordpress\/wp-content\/uploads\/2016\/05\/auditorium-MC2.jpg 600w, https:\/\/www.ades-grenoble.org\/wordpress\/wp-content\/uploads\/2016\/05\/auditorium-MC2-150x100.jpg 150w, https:\/\/www.ades-grenoble.org\/wordpress\/wp-content\/uploads\/2016\/05\/auditorium-MC2-300x200.jpg 300w\" sizes=\"auto, (max-width: 600px) 100vw, 600px\" \/><\/figure><\/div>\n\n\n\n<p>A l\u2019initiative du SYNDEAC\n(syndicat des entreprises artistiques et culturelles) qui pointe \u00ab les\nondulations des d\u00e9cisions gouvernementales \u00bb qui tardent \u00e0 venir. De nombreux\nmaires de grandes villes (dont le maire de Grenoble), des pr\u00e9sidents de r\u00e9gion,\nde tous bords politiques r\u00e9futent la distinction souhait\u00e9e par le Gouvernement\nentre les mus\u00e9es, les cin\u00e9mas et les salles de spectacles et signent l\u2019appel\nci-dessous&nbsp;:<\/p>\n\n\n\n<p><em>\u00ab&nbsp;Parce que la culture\nest essentielle au maintien des liens sociaux et \u00e0 la lutte contre l\u2019isolement,\nnotamment pour celles et ceux qui sont les plus fragiles et souvent premi\u00e8res\nvictimes de la crise sanitaire (jeunes, personnes \u00e2g\u00e9es, \u00e9tudiants), nous\ndemandons au Gouvernement de rouvrir tous les \u00e9tablissements culturels sans\nexception et d\u2019annoncer une date de revoyure dans un calendrier raisonnable :\nmus\u00e9es, salles de cin\u00e9ma et salles de spectacles doivent \u00eatre ouverts dans un\nm\u00eame tempo. Nous n\u2019acceptons pas de faire des distinctions entre les diff\u00e9rents\n\u00e9tablissements qui tous s\u2019engagent \u00e0 mettre en \u0153uvre des protocoles sanitaires\nrigoureux, d\u00e9j\u00e0 n\u00e9goci\u00e9s et valid\u00e9s par le Gouvernement. Nous sommes pr\u00eats \u00e0\nrenforcer encore, si besoin, les protocoles sanitaires en lien avec les\ndiff\u00e9rentes collectivit\u00e9s et en fonction de la circulation du virus dans les\nterritoires, et ainsi garantir les meilleures conditions d\u2019accueil des publics\net des professionnels.<\/em><\/p>\n\n\n\n<!--more-->\n\n\n\n<p><em>L\u2019ensemble des signataires,\n\u00e9lus et professionnels du spectacle, revendiquent une application \u00e9quitable des\nmesures de r\u00e9ouverture dans tout le pays : le public, les artistes, l\u2019ensemble\ndes \u00e9quipes ne comprendraient pas que la culture reste \u00ab confin\u00e9e \u00bb plus\nlongtemps.<\/em><\/p>\n\n\n\n<p><em>Ils demandent le renforcement\nd\u2019un dialogue et d\u2019une concertation v\u00e9ritables entre les collectivit\u00e9s\nterritoriales, les professionnels, et le Gouvernement.<\/em><\/p>\n\n\n\n<p><em>Paris, le 17 f\u00e9vrier 2021.<\/em><\/p>\n\n\n\n<p><em>Signataires<br>\nLe Syndeac \u2013 Syndicat National des Entreprises Artistiques et culturelles<br>\nLe SNSP \u2013 Syndicat National des Sc\u00e8nes Publiques<br>\nLes Forces Musicales<br>\nPROFEDIM \u2013 Syndicat professionnel des Producteurs, Festivals, Ensembles,\nDiffuseurs ind\u00e9pendants de Musique.<br>\nLa SACD \u2013 Soci\u00e9t\u00e9 des Auteurs Compositeurs Dramatiques<br>\nFNCC \u2013 F\u00e9d\u00e9ration Nationale des Collectivit\u00e9s pour la Culture<\/em><\/p>\n\n\n\n<p><em>Xavier Bertrand, Pr\u00e9sident de\nla R\u00e9gion Hauts-de-France<br>\nFran\u00e7ois Bonneau, Pr\u00e9sident de la R\u00e9gion Centre Val-de-Loire<br>\nCarole Delga, Pr\u00e9sidente de la R\u00e9gion Occitanie<br>\nRenaud Muselier, Pr\u00e9sident de la R\u00e9gion Sud<br>\nVal\u00e9rie P\u00e9cresse, Pr\u00e9sidente de la R\u00e9gion Ile-de-France<br>\nNathalie App\u00e9r\u00e9, Maire de Rennes<br>\nMartine Aubry, Maire de Lille<br>\nJeanne Barseghian, Maire de Strasbourg<br>\nBruno Bernard, Pr\u00e9sident de Lyon M\u00e9tropole<br>\nOlivier Bianchi, Maire de Clermont Ferrand<br>\nMicha\u00ebl Delafosse, Maire de Montpellier, Pr\u00e9sident de Montpellier M\u00e9tropole<br>\nEmmanuel Denis, Maire de Tours<br>\nMarc Gricourt, Maire de Blois<br>\nMathieu Hanotin, Maire de Saint-Denis<br>\nAnne Hidalgo, Maire de Paris<br>\nAndr\u00e9 Laignel, Maire de Issoudun<br>\nNicolas Mayer-Rossignol, Maire de Rouen<br>\nL\u00e9onore Moncond\u2019huy, Maire de Poitiers<br>\nEric Piolle, Maire de Grenoble<br>\nArnaud Robinet, Maire de Reims<br>\nJohanna Rolland, Maire de Nantes<br>\nJean-Marc Vayssouze-Faure, Maire de Cahors, Pr\u00e9sident de la commission culture de\nl\u2019AMF.&nbsp;\u00bb<\/em><\/p>\n","protected":false},"excerpt":{"rendered":"<p>A l\u2019initiative du SYNDEAC (syndicat des entreprises artistiques et culturelles) qui pointe \u00ab les ondulations des d\u00e9cisions gouvernementales \u00bb qui tardent \u00e0 venir. De nombreux maires de grandes villes (dont le maire de Grenoble), des pr\u00e9sidents de r\u00e9gion, de tous bords politiques r\u00e9futent la distinction souhait\u00e9e par le Gouvernement entre les mus\u00e9es, les cin\u00e9mas et [&hellip;]<\/p>\n","protected":false},"author":1,"featured_media":0,"comment_status":"closed","ping_status":"open","sticky":false,"template":"","format":"standard","meta":{"twitterCardType":"","cardImageID":0,"cardImage":"","cardTitle":"","cardDesc":"","cardImageAlt":"","cardPlayer":"","cardPlayerWidth":0,"cardPlayerHeight":0,"cardPlayerStream":"","cardPlayerCodec":"","footnotes":""},"categories":[62,11],"tags":[96,196,99],"class_list":["post-18417","post","type-post","status-publish","format-standard","hentry","category-le-rouge-le-vert-hebdo","category-politique-locale","tag-culture","tag-etat","tag-sante"],"_links":{"self":[{"href":"https:\/\/www.ades-grenoble.org\/wordpress\/wp-json\/wp\/v2\/posts\/18417","targetHints":{"allow":["GET"]}}],"collection":[{"href":"https:\/\/www.ades-grenoble.org\/wordpress\/wp-json\/wp\/v2\/posts"}],"about":[{"href":"https:\/\/www.ades-grenoble.org\/wordpress\/wp-json\/wp\/v2\/types\/post"}],"author":[{"embeddable":true,"href":"https:\/\/www.ades-grenoble.org\/wordpress\/wp-json\/wp\/v2\/users\/1"}],"replies":[{"embeddable":true,"href":"https:\/\/www.ades-grenoble.org\/wordpress\/wp-json\/wp\/v2\/comments?post=18417"}],"version-history":[{"count":1,"href":"https:\/\/www.ades-grenoble.org\/wordpress\/wp-json\/wp\/v2\/posts\/18417\/revisions"}],"predecessor-version":[{"id":18418,"href":"https:\/\/www.ades-grenoble.org\/wordpress\/wp-json\/wp\/v2\/posts\/18417\/revisions\/18418"}],"wp:attachment":[{"href":"https:\/\/www.ades-grenoble.org\/wordpress\/wp-json\/wp\/v2\/media?parent=18417"}],"wp:term":[{"taxonomy":"category","embeddable":true,"href":"https:\/\/www.ades-grenoble.org\/wordpress\/wp-json\/wp\/v2\/categories?post=18417"},{"taxonomy":"post_tag","embeddable":true,"href":"https:\/\/www.ades-grenoble.org\/wordpress\/wp-json\/wp\/v2\/tags?post=18417"}],"curies":[{"name":"wp","href":"https:\/\/api.w.org\/{rel}","templated":true}]}}