{"id":18438,"date":"2021-02-26T13:40:17","date_gmt":"2021-02-26T12:40:17","guid":{"rendered":"https:\/\/www.ades-grenoble.org\/wordpress\/?p=18438"},"modified":"2021-02-26T14:29:43","modified_gmt":"2021-02-26T13:29:43","slug":"laffaire-du-siecle-suite","status":"publish","type":"post","link":"https:\/\/www.ades-grenoble.org\/wordpress\/2021\/02\/26\/laffaire-du-siecle-suite\/","title":{"rendered":"L\u2019Affaire du si\u00e8cle, suite&#8230;"},"content":{"rendered":"\n<div class=\"wp-block-image\"><figure class=\"alignleft\"><img loading=\"lazy\" decoding=\"async\" width=\"350\" height=\"263\" src=\"https:\/\/www.ades-grenoble.org\/wordpress\/wp-content\/uploads\/2017\/12\/ConseilEtat.jpg\" alt=\"\" class=\"wp-image-13753\" srcset=\"https:\/\/www.ades-grenoble.org\/wordpress\/wp-content\/uploads\/2017\/12\/ConseilEtat.jpg 350w, https:\/\/www.ades-grenoble.org\/wordpress\/wp-content\/uploads\/2017\/12\/ConseilEtat-150x113.jpg 150w, https:\/\/www.ades-grenoble.org\/wordpress\/wp-content\/uploads\/2017\/12\/ConseilEtat-300x225.jpg 300w\" sizes=\"auto, (max-width: 350px) 100vw, 350px\" \/><\/figure><\/div>\n\n\n\n<p>Le 19 novembre dernier, le\nConseil d\u2019Etat a donn\u00e9 trois mois au gouvernement&nbsp;pour justifier que la\ntrajectoire de r\u00e9duction des \u00e9missions de gaz \u00e0 effet de serre \u00e0 l\u2019horizon 2030\npourra \u00eatre respect\u00e9e. Pour r\u00e9pondre \u00e0 cette question, l\u2019Affaire du Si\u00e8cle (Notre\nAffaire \u00e0 Tous&nbsp;; Oxfam France&nbsp;; La Fondation pour la Nature et\nl\u2019Homme&nbsp;; Greenpeace France) a d\u00e9pos\u00e9 de\nnouveaux arguments juridiques accompagn\u00e9s par une \u00e9tude tr\u00e8s d\u00e9velopp\u00e9e (plus\nde 250 pages) r\u00e9alis\u00e9e par le cabinet d\u2019expertise ind\u00e9pendant <em>Carbone 4<\/em>.\nL\u2019\u00e9tude d\u00e9montre qu\u2019il est indispensable de mettre en place des mesures\nsuppl\u00e9mentaires pour que la France respecte ses engagements climatiques \u00e0\nl\u2019horizon 2030.<\/p>\n\n\n\n<p>Cette \u00e9tude intitul\u00e9e <em>\u201cL\u2019\u00c9tat\nfran\u00e7ais se donne-t-il les moyens de son ambition climat ?\u201d<\/em> couvre\nl\u2019ensemble des secteurs d\u2019\u00e9missions couverts par la Strat\u00e9gie nationale bas\ncarbone, la feuille de route \u00e9tablie par l\u2019\u00c9tat pour r\u00e9duire ses \u00e9missions de\ngaz \u00e0 effet de serre. Elle examine en particulier les mesures sur trois\nsecteurs repr\u00e9sentant la moiti\u00e9 des \u00e9missions de gaz \u00e0 effet de serre de la\nFrance : le transport de personnes, le logement et l\u2019agriculture.<\/p>\n\n\n\n<!--more-->\n\n\n\n<p><strong>Et la conclusion est sans\nappel<\/strong> :&nbsp;<em>\u00ab&nbsp;il est certain\nque les mesures adopt\u00e9es ou envisag\u00e9es par l\u2019\u00c9tat, notamment dans le cadre du\nprojet de loi Climat et r\u00e9silience, ne permettront pas d\u2019atteindre l\u2019objectif\nglobal de r\u00e9duction de 40% des \u00e9missions de GES \u00e0 2030 par rapport \u00e0\n1990.&nbsp;\u00bb<\/em><\/p>\n\n\n\n<p>Pour lire l\u2019\u00e9tude de Carbone 4 voir <a rel=\"noreferrer noopener\" aria-label=\"ici (s\u2019ouvre dans un nouvel onglet)\" href=\"http:\/\/www.carbone4.com\/publication-letat-francais-se-donne-t-moyens-de-ambition-climat\/\" target=\"_blank\">ici <\/a>et le m\u00e9moire du 22 f\u00e9vrier de l\u2019Affaire du si\u00e8cle au Conseil d\u2019Etat <a rel=\"noreferrer noopener\" aria-label=\"l\u00e0 (s\u2019ouvre dans un nouvel onglet)\" href=\"https:\/\/laffairedusiecle.net\/wp-content\/uploads\/2021\/02\/20210222_MemoireADS-etudeCarbone4_1099330479_obs._MSI.pdf\" target=\"_blank\">l\u00e0<\/a>.<\/p>\n","protected":false},"excerpt":{"rendered":"<p>Le 19 novembre dernier, le Conseil d\u2019Etat a donn\u00e9 trois mois au gouvernement&nbsp;pour justifier que la trajectoire de r\u00e9duction des \u00e9missions de gaz \u00e0 effet de serre \u00e0 l\u2019horizon 2030 pourra \u00eatre respect\u00e9e. Pour r\u00e9pondre \u00e0 cette question, l\u2019Affaire du Si\u00e8cle (Notre Affaire \u00e0 Tous&nbsp;; Oxfam France&nbsp;; La Fondation pour la Nature et l\u2019Homme&nbsp;; Greenpeace [&hellip;]<\/p>\n","protected":false},"author":1,"featured_media":0,"comment_status":"closed","ping_status":"open","sticky":false,"template":"","format":"standard","meta":{"twitterCardType":"","cardImageID":0,"cardImage":"","cardTitle":"","cardDesc":"","cardImageAlt":"","cardPlayer":"","cardPlayerWidth":0,"cardPlayerHeight":0,"cardPlayerStream":"","cardPlayerCodec":"","footnotes":""},"categories":[62,11],"tags":[223,196,52,12],"class_list":["post-18438","post","type-post","status-publish","format-standard","hentry","category-le-rouge-le-vert-hebdo","category-politique-locale","tag-climat","tag-etat","tag-justice-administrative","tag-mobilisations"],"_links":{"self":[{"href":"https:\/\/www.ades-grenoble.org\/wordpress\/wp-json\/wp\/v2\/posts\/18438","targetHints":{"allow":["GET"]}}],"collection":[{"href":"https:\/\/www.ades-grenoble.org\/wordpress\/wp-json\/wp\/v2\/posts"}],"about":[{"href":"https:\/\/www.ades-grenoble.org\/wordpress\/wp-json\/wp\/v2\/types\/post"}],"author":[{"embeddable":true,"href":"https:\/\/www.ades-grenoble.org\/wordpress\/wp-json\/wp\/v2\/users\/1"}],"replies":[{"embeddable":true,"href":"https:\/\/www.ades-grenoble.org\/wordpress\/wp-json\/wp\/v2\/comments?post=18438"}],"version-history":[{"count":1,"href":"https:\/\/www.ades-grenoble.org\/wordpress\/wp-json\/wp\/v2\/posts\/18438\/revisions"}],"predecessor-version":[{"id":18439,"href":"https:\/\/www.ades-grenoble.org\/wordpress\/wp-json\/wp\/v2\/posts\/18438\/revisions\/18439"}],"wp:attachment":[{"href":"https:\/\/www.ades-grenoble.org\/wordpress\/wp-json\/wp\/v2\/media?parent=18438"}],"wp:term":[{"taxonomy":"category","embeddable":true,"href":"https:\/\/www.ades-grenoble.org\/wordpress\/wp-json\/wp\/v2\/categories?post=18438"},{"taxonomy":"post_tag","embeddable":true,"href":"https:\/\/www.ades-grenoble.org\/wordpress\/wp-json\/wp\/v2\/tags?post=18438"}],"curies":[{"name":"wp","href":"https:\/\/api.w.org\/{rel}","templated":true}]}}