{"id":18497,"date":"2021-03-12T14:52:56","date_gmt":"2021-03-12T13:52:56","guid":{"rendered":"https:\/\/www.ades-grenoble.org\/wordpress\/?p=18497"},"modified":"2021-03-12T15:11:30","modified_gmt":"2021-03-12T14:11:30","slug":"la-cour-des-comptes-critique-fortement-la-reduction-du-loyer-de-solidarite-rls","status":"publish","type":"post","link":"https:\/\/www.ades-grenoble.org\/wordpress\/2021\/03\/12\/la-cour-des-comptes-critique-fortement-la-reduction-du-loyer-de-solidarite-rls\/","title":{"rendered":"La Cour des comptes critique fortement la R\u00e9duction du loyer de solidarit\u00e9 (RLS)"},"content":{"rendered":"\n<div class=\"wp-block-image\"><figure class=\"alignleft\"><img loading=\"lazy\" decoding=\"async\" width=\"350\" height=\"332\" src=\"https:\/\/www.ades-grenoble.org\/wordpress\/wp-content\/uploads\/2016\/01\/Cour-des-comptes.jpg\" alt=\"\" class=\"wp-image-11212\" srcset=\"https:\/\/www.ades-grenoble.org\/wordpress\/wp-content\/uploads\/2016\/01\/Cour-des-comptes.jpg 350w, https:\/\/www.ades-grenoble.org\/wordpress\/wp-content\/uploads\/2016\/01\/Cour-des-comptes-150x142.jpg 150w, https:\/\/www.ades-grenoble.org\/wordpress\/wp-content\/uploads\/2016\/01\/Cour-des-comptes-300x285.jpg 300w\" sizes=\"auto, (max-width: 350px) 100vw, 350px\" \/><\/figure><\/div>\n\n\n\n<p>La Cour des comptes a r\u00e9alis\u00e9\nune enqu\u00eate portant sur le dispositif de r\u00e9duction de loyer de solidarit\u00e9 (RLS)\nimpos\u00e9 aux bailleurs sociaux et \u00e0 eux seuls, pour faire des \u00e9conomies budg\u00e9taires\npour l\u2019Etat.<\/p>\n\n\n\n<p>La Cour effectue les \u00ab&nbsp;<em>Premiers\nconstats tir\u00e9s de la conception et de la mise en \u0153uvre du dispositif de\nr\u00e9duction de loyer de solidarit\u00e9 (RLS)<\/em>&nbsp;\u00bb et les transmet au\ngouvernement sous forme de r\u00e9f\u00e9r\u00e9. La Cour n\u2019y va pas par quatre chemins, elle\nd\u00e9marre l\u2019\u00e9tude par une premi\u00e8re partie intitul\u00e9e&nbsp;: \u00ab<em>&nbsp;Un\ndispositif con\u00e7u ex nihilo et sans concertation pr\u00e9alable aux cons\u00e9quences\nindirectes pr\u00e9judiciables<\/em>&nbsp;\u00bb&nbsp;! <\/p>\n\n\n\n<p>La RLS pourrait \u00eatre \u00e0\nl&rsquo;origine d&rsquo;une baisse des investissements des bailleurs sociaux qui ne serait\npas longtemps soutenable.<\/p>\n\n\n\n<!--more-->\n\n\n\n<p>La RLS est cr\u00e9\u00e9e pour r\u00e9duire\nle co\u00fbt, pour l\u2019\u00c9tat, des aides personnalis\u00e9es au logement (APL) par la\ncr\u00e9ation d\u2019une r\u00e9duction des loyers per\u00e7us par les organismes d\u2019habitation \u00e0\nloyer mod\u00e9r\u00e9 et les soci\u00e9t\u00e9s d\u2019\u00e9conomie mixte g\u00e9rant un parc de logements\nsociaux. Elle concerne les logements sociaux faisant l\u2019objet d\u2019un\nconventionnement avec l\u2019\u00c9tat, ouvrant droit \u00e0 APL. Il s\u2019agit d\u2019une remise de\nloyer financ\u00e9e par les bailleurs sociaux, pour les locataires \u00e9ligibles sous\ncondition de ressources, en contrepartie d\u2019une baisse quasi \u00e9quivalente\n(comprise entre 90 et 98 % du montant de la RLS) des aides personnalis\u00e9es au\nlogement vers\u00e9es \u00e0 ces m\u00eames locataires.<\/p>\n\n\n\n<p>Donc la diminution des APL\nest compens\u00e9e par les bailleurs sociaux qui perdent beaucoup de recettes et les\nasphyxient, surtout ceux qui sont dans les quartiers politique la ville. C\u2019est\nvraiment le prototype d\u2019une mesure antisociale du gouvernement Macron qui n\u2019a\ncomme perspective de financiariser le logement social et \u00e0 le faire g\u00e9rer par\ndes grands groupes priv\u00e9s.<\/p>\n\n\n\n<p><em>\u00ab&nbsp;Ce dispositif, cr\u00e9\u00e9\nex nihilo, a donn\u00e9 lieu \u00e0 de forts d\u00e9bats parlementaires, renforc\u00e9s par\nl\u2019opposition manifeste des repr\u00e9sentants des bailleurs sociaux qui n\u2019avaient\npas \u00e9t\u00e9 consult\u00e9s en amont. Cette insuffisance de pr\u00e9paration a eu deux effets\nnotables, l\u2019un d\u2019une \u00e9conomie budg\u00e9taire moindre qu\u2019attendue, l\u2019autre d\u2019une\nmise en \u0153uvre moins efficace\u2026<\/em><\/p>\n\n\n\n<p><em>\u00ab&nbsp;Ce dispositif, \u00e0\nvocation budg\u00e9taire, pr\u00e9sentait des objectifs ambitieux d\u2019\u00e9conomie pour l\u2019\u00c9tat\naffich\u00e9s initialement \u00e0 hauteur de 1,5 Md\u20ac par an. Ceux-ci ont d\u00fb \u00eatre abaiss\u00e9s\n\u00e0 hauteur de 800 M\u20ac pour 2018 et 2019. <\/em><\/p>\n\n\n\n<p><em>Une \u00ab clause de revoyure\n\u00bb, sign\u00e9e le 25 avril 2019 entre le Gouvernement et les acteurs du secteur, a\nr\u00e9duit ces objectifs de baisse des d\u00e9penses de l\u2019\u00c9tat en mati\u00e8re d\u2019APL \u00e0\nhauteur de 1,3 Md\u20ac par an jusqu\u2019\u00e0 l\u2019horizon fix\u00e9 de 2022.<\/em><\/p>\n\n\n\n<p><em>La Cour a pu constater que\nces cibles budg\u00e9taires successives ont \u00e9t\u00e9 atteintes, voire d\u00e9pass\u00e9es pour les\nann\u00e9es 2018 et 2019, au prix toutefois de co\u00fbts suppl\u00e9mentaires induits par un\ncertain nombre \u00ab d\u2019effets de bord \u00bb pour les bailleurs sociaux, qui pourraient\natteindre 2,5 % du montant total. <\/em><\/p>\n\n\n\n<p><em>Trois ans apr\u00e8s le vote de\nla disposition, l\u2019ensemble des impacts de la r\u00e9duction de loyer de solidarit\u00e9\nne peut \u00eatre encore compl\u00e8tement mesur\u00e9. En effet, cette r\u00e9forme a \u00e9t\u00e9 mise en\nplace de fa\u00e7on progressive et son effet sur le financement du logement social\nne peut \u00eatre appr\u00e9ci\u00e9 ind\u00e9pendamment de ceux des autres dispositions de la loi\n\u00c9lan. <\/em><\/p>\n\n\n\n<p><em>N\u00e9anmoins, la Cour, si elle\nrel\u00e8ve l\u2019importance soulign\u00e9e de ses effets budg\u00e9taires, constate que la mise\nen \u0153uvre de la RLS soul\u00e8ve des difficult\u00e9s importantes. Elle consid\u00e8re qu\u2019il\nimporte, d\u00e8s \u00e0 pr\u00e9sent, de pr\u00e9parer les modalit\u00e9s de son r\u00e9examen pr\u00e9vu en\n2022. Cette pr\u00e9paration devrait conduire \u00e0 rechercher une plus grande coh\u00e9rence\nentre les objectifs d\u2019\u00e9conomies budg\u00e9taires, de simplification des politiques\npubliques et de soutenabilit\u00e9 technique et financi\u00e8re du dispositif pour le\nsecteur du logement. <\/em><\/p>\n\n\n\n<p><em>C\u2019est pourquoi la Cour m\u2019a\ndemand\u00e9, en application des dispositions de l\u2019article R. 143-11 du m\u00eame code,\nd\u2019appeler votre attention sur les observations et recommandations suivantes\u2026<\/em><\/p>\n\n\n\n<p><em>En cons\u00e9quence, la Cour\nformule les recommandations suivantes : <\/em><\/p>\n\n\n\n<p><strong><em>Recommandation n\u00b0 1<\/em><\/strong><em> : concevoir, dans le cadre du r\u00e9examen de la RLS\npr\u00e9vu en 2022, un dispositif plus lisible, moins complexe, mieux s\u00e9curis\u00e9 et\nr\u00e9duisant son co\u00fbt de gestion ; <\/em><\/p>\n\n\n\n<p><strong><em>Recommandation n\u00b0 2<\/em><\/strong><em> : \u00e9tablir, d\u00e8s 2021, les crit\u00e8res et outils d\u2019analyse\npartag\u00e9s pour mesurer les impacts r\u00e9els de la RLS sur la situation financi\u00e8re\net les capacit\u00e9s d\u2019investissement des bailleurs sociaux.&nbsp;\u00bb<\/em><\/p>\n\n\n\n<p>Le r\u00e9f\u00e9r\u00e9 de la Cour des comptes sur la RLS est <a href=\"https:\/\/www.google.com\/url?sa=t&amp;rct=j&amp;q=&amp;esrc=s&amp;source=web&amp;cd=&amp;cad=rja&amp;uact=8&amp;ved=2ahUKEwiRseHf8qrvAhV6A2MBHQQTC1IQFjACegQIAxAD&amp;url=https%3A%2F%2Fwww.ccomptes.fr%2Fsites%2Fdefault%2Ffiles%2F2021-03%2F20210304-refere-S2020-2052-premiers-constats-RLS.pdf&amp;usg=AOvVaw1rwZTboePOAVu5s6iLgVi9\" target=\"_blank\" rel=\"noreferrer noopener\" aria-label=\"ici (s\u2019ouvre dans un nouvel onglet)\">ici<\/a>.<\/p>\n\n\n\n<p>La r\u00e9ponse commune des ministres de l&rsquo;Economie et des Comptes publics est \u00e0 lire <a href=\"https:\/\/www.google.com\/url?sa=t&amp;rct=j&amp;q=&amp;esrc=s&amp;source=web&amp;cd=&amp;cad=rja&amp;uact=8&amp;ved=2ahUKEwiRseHf8qrvAhV6A2MBHQQTC1IQFjADegQIBBAD&amp;url=https%3A%2F%2Fwww.ccomptes.fr%2Fsites%2Fdefault%2Ffiles%2F2021-03%2F20210304-refere-S2020-2052-premiers-constats-RLS-rep-MEFR-MEFR-CP.pdf&amp;usg=AOvVaw0vlfGCbRidwzKY98p6Rorq\" target=\"_blank\" rel=\"noreferrer noopener\" aria-label=\"l\u00e0 (s\u2019ouvre dans un nouvel onglet)\">l\u00e0<\/a>.<\/p>\n\n\n\n<p>La r\u00e9ponse de la ministre du Logement <a href=\"https:\/\/www.ccomptes.fr\/sites\/default\/files\/2021-03\/20210304-refere-S2020-2052-premiers-constats-RLS-rep-min-logement.pdf\" target=\"_blank\" rel=\"noreferrer noopener\" aria-label=\"ici (s\u2019ouvre dans un nouvel onglet)\">ici<\/a>.<\/p>\n","protected":false},"excerpt":{"rendered":"<p>La Cour des comptes a r\u00e9alis\u00e9 une enqu\u00eate portant sur le dispositif de r\u00e9duction de loyer de solidarit\u00e9 (RLS) impos\u00e9 aux bailleurs sociaux et \u00e0 eux seuls, pour faire des \u00e9conomies budg\u00e9taires pour l\u2019Etat. La Cour effectue les \u00ab&nbsp;Premiers constats tir\u00e9s de la conception et de la mise en \u0153uvre du dispositif de r\u00e9duction de [&hellip;]<\/p>\n","protected":false},"author":1,"featured_media":0,"comment_status":"closed","ping_status":"open","sticky":false,"template":"","format":"standard","meta":{"twitterCardType":"","cardImageID":0,"cardImage":"","cardTitle":"","cardDesc":"","cardImageAlt":"","cardPlayer":"","cardPlayerWidth":0,"cardPlayerHeight":0,"cardPlayerStream":"","cardPlayerCodec":"","footnotes":""},"categories":[62,11],"tags":[196,308,182],"class_list":["post-18497","post","type-post","status-publish","format-standard","hentry","category-le-rouge-le-vert-hebdo","category-politique-locale","tag-etat","tag-loyers","tag-solidarite"],"_links":{"self":[{"href":"https:\/\/www.ades-grenoble.org\/wordpress\/wp-json\/wp\/v2\/posts\/18497","targetHints":{"allow":["GET"]}}],"collection":[{"href":"https:\/\/www.ades-grenoble.org\/wordpress\/wp-json\/wp\/v2\/posts"}],"about":[{"href":"https:\/\/www.ades-grenoble.org\/wordpress\/wp-json\/wp\/v2\/types\/post"}],"author":[{"embeddable":true,"href":"https:\/\/www.ades-grenoble.org\/wordpress\/wp-json\/wp\/v2\/users\/1"}],"replies":[{"embeddable":true,"href":"https:\/\/www.ades-grenoble.org\/wordpress\/wp-json\/wp\/v2\/comments?post=18497"}],"version-history":[{"count":2,"href":"https:\/\/www.ades-grenoble.org\/wordpress\/wp-json\/wp\/v2\/posts\/18497\/revisions"}],"predecessor-version":[{"id":18499,"href":"https:\/\/www.ades-grenoble.org\/wordpress\/wp-json\/wp\/v2\/posts\/18497\/revisions\/18499"}],"wp:attachment":[{"href":"https:\/\/www.ades-grenoble.org\/wordpress\/wp-json\/wp\/v2\/media?parent=18497"}],"wp:term":[{"taxonomy":"category","embeddable":true,"href":"https:\/\/www.ades-grenoble.org\/wordpress\/wp-json\/wp\/v2\/categories?post=18497"},{"taxonomy":"post_tag","embeddable":true,"href":"https:\/\/www.ades-grenoble.org\/wordpress\/wp-json\/wp\/v2\/tags?post=18497"}],"curies":[{"name":"wp","href":"https:\/\/api.w.org\/{rel}","templated":true}]}}