{"id":18527,"date":"2021-03-19T11:28:23","date_gmt":"2021-03-19T10:28:23","guid":{"rendered":"https:\/\/www.ades-grenoble.org\/wordpress\/?p=18527"},"modified":"2021-03-19T14:02:02","modified_gmt":"2021-03-19T13:02:02","slug":"menu-sans-viande-dans-les-cantines-la-justice-donne-raison-a-la-ville-de-lyon","status":"publish","type":"post","link":"https:\/\/www.ades-grenoble.org\/wordpress\/2021\/03\/19\/menu-sans-viande-dans-les-cantines-la-justice-donne-raison-a-la-ville-de-lyon\/","title":{"rendered":"Menu sans viande dans les cantines : la justice donne raison \u00e0 la Ville de Lyon"},"content":{"rendered":"\n<div class=\"wp-block-image\"><figure class=\"alignleft\"><img loading=\"lazy\" decoding=\"async\" width=\"400\" height=\"268\" src=\"https:\/\/www.ades-grenoble.org\/wordpress\/wp-content\/uploads\/2016\/04\/Cantine.jpg\" alt=\"\" class=\"wp-image-11579\" srcset=\"https:\/\/www.ades-grenoble.org\/wordpress\/wp-content\/uploads\/2016\/04\/Cantine.jpg 400w, https:\/\/www.ades-grenoble.org\/wordpress\/wp-content\/uploads\/2016\/04\/Cantine-150x101.jpg 150w, https:\/\/www.ades-grenoble.org\/wordpress\/wp-content\/uploads\/2016\/04\/Cantine-300x201.jpg 300w\" sizes=\"auto, (max-width: 400px) 100vw, 400px\" \/><\/figure><\/div>\n\n\n\n<p>Des parents d\u2019\u00e9l\u00e8ves et la\nF\u00e9d\u00e9ration D\u00e9partementale des Syndicats d\u2019Exploitants Agricoles (FDSEA) du Rh\u00f4ne\nont demand\u00e9 au juge des r\u00e9f\u00e9r\u00e9s du tribunal administratif de Lyon, d\u2019ordonner la\nsuspension de la d\u00e9cision du 18 f\u00e9vrier 2021 par laquelle la ville de Lyon a\ninstaur\u00e9 \u00e0 compter du 22 f\u00e9vrier 2021 un menu unique sans viande dans les\ncantines scolaires relevant de la ville.<\/p>\n\n\n\n<p><a href=\"http:\/\/lyon.tribunal-administratif.fr\/A-savoir\/Communiques\/Menus-uniques-sans-viande-dans-les-cantines-scolaires-de-la-ville-de-Lyon\" target=\"_blank\" rel=\"noreferrer noopener\" aria-label=\"Le 12 mars, le juge des r\u00e9f\u00e9r\u00e9s a rejet\u00e9 les demandes pour d\u00e9faut d\u2019urgence. (s\u2019ouvre dans un nouvel onglet)\">Le 12 mars, le juge des r\u00e9f\u00e9r\u00e9s a rejet\u00e9 les demandes pour d\u00e9faut d\u2019urgence.<\/a><\/p>\n\n\n\n<p>Cette d\u00e9cision du maire de Lyon,\nen pleine crise sanitaire, avait d\u00e9j\u00e0 \u00e9t\u00e9 prise en mai 2020 par G. Collomb dans\nle mandat pr\u00e9c\u00e9dant pour simplifier l\u2019organisation des repas des enfants dans les\n\u00e9coles, notamment de fluidifier la circulation-des \u00e9l\u00e8ves. Or, \u00e0 l\u2019\u00e9poque, il\nn\u2019y avait pas eu de recours contre cette d\u00e9cision.<\/p>\n\n\n\n<!--more-->\n\n\n\n<p>Ce sont donc pour des\nraisons politiciennes, que des parents d\u2019\u00e9l\u00e8ves ont fait ce recours, le 23\nf\u00e9vrier, estimant que la d\u00e9cision de la ville&nbsp;: <em>\u00ab&nbsp;m\u00e9connait\nl\u2019int\u00e9r\u00eat sup\u00e9rieur des enfants au sens de l\u2019article 3, 1\u00b0 de la convention\nrelative aux droits de l\u2019enfant ; elle rompt l\u2019\u00e9galit\u00e9 entre les enfants selon\nles moyens dont disposent leur famille pour leur proposer une alimentation\nsaine et vari\u00e9e&nbsp;\u00bb <\/em>et pour la FDSEA, <em>\u00ab&nbsp;&nbsp;il y a urgence\ncompte tenu de l\u2019incidence \u00e9conomique et symbolique de la d\u00e9cision sur la\nsituation des agriculteurs, ainsi que de son incidence nutritionnelle sur les\nenfants allant \u00e0 la cantine.&nbsp;\u00bb<\/em><\/p>\n\n\n\n<p><em>\u00ab&nbsp;Le juge du r\u00e9f\u00e9r\u00e9 a\ntout d\u2019abord relev\u00e9 que cette d\u00e9cision a \u00e9t\u00e9 prise dans le contexte d\u2019une\nr\u00e9organisation impos\u00e9e en urgence par des motifs sanitaires graves, li\u00e9s \u00e0 la\ncrise pand\u00e9mique de la covid-19. Il a ensuite constat\u00e9 que cette mesure n\u2019est\nqu\u2019exceptionnelle et transitoire. Il a \u00e9galement pris acte des explications de\nla ville selon lesquelles le choix d\u2019un menu complet sans viande, d\u00e9j\u00e0\nexp\u00e9riment\u00e9 sans difficult\u00e9s notables en mai et juin 2020, a \u00e9t\u00e9 motiv\u00e9 par le\nsouci de la ville de retenir le menu unique le plus susceptible de convenir \u00e0\ntous les enfants qui fr\u00e9quentent habituellement la cantine, quelles que soient\nles pratiques alimentaires en temps normal. Il a enfin estim\u00e9, au vu de\nl\u2019ensemble de ces \u00e9l\u00e9ments, que cette mesure temporaire, eu \u00e9gard aux\nconditions dans lesquelles elle a \u00e9t\u00e9 prise et \u00e0 sa port\u00e9e limit\u00e9e, n\u2019apparait\npas de nature \u00e0 cr\u00e9er des inconv\u00e9nients qui soient susceptibles d\u2019exc\u00e9der ses\njustifications.<\/em><\/p>\n\n\n\n<p><em>Le juge du r\u00e9f\u00e9r\u00e9 a en\ncons\u00e9quence rejet\u00e9 les requ\u00eates dont il \u00e9tait saisi, pour d\u00e9faut\nd\u2019urgence.&nbsp;\u00bb<\/em><\/p>\n","protected":false},"excerpt":{"rendered":"<p>Des parents d\u2019\u00e9l\u00e8ves et la F\u00e9d\u00e9ration D\u00e9partementale des Syndicats d\u2019Exploitants Agricoles (FDSEA) du Rh\u00f4ne ont demand\u00e9 au juge des r\u00e9f\u00e9r\u00e9s du tribunal administratif de Lyon, d\u2019ordonner la suspension de la d\u00e9cision du 18 f\u00e9vrier 2021 par laquelle la ville de Lyon a instaur\u00e9 \u00e0 compter du 22 f\u00e9vrier 2021 un menu unique sans viande dans [&hellip;]<\/p>\n","protected":false},"author":1,"featured_media":0,"comment_status":"closed","ping_status":"open","sticky":false,"template":"","format":"standard","meta":{"twitterCardType":"","cardImageID":0,"cardImage":"","cardTitle":"","cardDesc":"","cardImageAlt":"","cardPlayer":"","cardPlayerWidth":0,"cardPlayerHeight":0,"cardPlayerStream":"","cardPlayerCodec":"","footnotes":""},"categories":[62,11],"tags":[163,52,99],"class_list":["post-18527","post","type-post","status-publish","format-standard","hentry","category-le-rouge-le-vert-hebdo","category-politique-locale","tag-ecoles","tag-justice-administrative","tag-sante"],"_links":{"self":[{"href":"https:\/\/www.ades-grenoble.org\/wordpress\/wp-json\/wp\/v2\/posts\/18527","targetHints":{"allow":["GET"]}}],"collection":[{"href":"https:\/\/www.ades-grenoble.org\/wordpress\/wp-json\/wp\/v2\/posts"}],"about":[{"href":"https:\/\/www.ades-grenoble.org\/wordpress\/wp-json\/wp\/v2\/types\/post"}],"author":[{"embeddable":true,"href":"https:\/\/www.ades-grenoble.org\/wordpress\/wp-json\/wp\/v2\/users\/1"}],"replies":[{"embeddable":true,"href":"https:\/\/www.ades-grenoble.org\/wordpress\/wp-json\/wp\/v2\/comments?post=18527"}],"version-history":[{"count":1,"href":"https:\/\/www.ades-grenoble.org\/wordpress\/wp-json\/wp\/v2\/posts\/18527\/revisions"}],"predecessor-version":[{"id":18528,"href":"https:\/\/www.ades-grenoble.org\/wordpress\/wp-json\/wp\/v2\/posts\/18527\/revisions\/18528"}],"wp:attachment":[{"href":"https:\/\/www.ades-grenoble.org\/wordpress\/wp-json\/wp\/v2\/media?parent=18527"}],"wp:term":[{"taxonomy":"category","embeddable":true,"href":"https:\/\/www.ades-grenoble.org\/wordpress\/wp-json\/wp\/v2\/categories?post=18527"},{"taxonomy":"post_tag","embeddable":true,"href":"https:\/\/www.ades-grenoble.org\/wordpress\/wp-json\/wp\/v2\/tags?post=18527"}],"curies":[{"name":"wp","href":"https:\/\/api.w.org\/{rel}","templated":true}]}}