{"id":18543,"date":"2021-03-26T10:59:42","date_gmt":"2021-03-26T09:59:42","guid":{"rendered":"https:\/\/www.ades-grenoble.org\/wordpress\/?p=18543"},"modified":"2021-03-26T11:35:14","modified_gmt":"2021-03-26T10:35:14","slug":"diverses-actualites-26","status":"publish","type":"post","link":"https:\/\/www.ades-grenoble.org\/wordpress\/2021\/03\/26\/diverses-actualites-26\/","title":{"rendered":"Diverses actualit\u00e9s"},"content":{"rendered":"\n<div class=\"wp-block-image\"><figure class=\"alignleft\"><img loading=\"lazy\" decoding=\"async\" width=\"400\" height=\"222\" src=\"https:\/\/www.ades-grenoble.org\/wordpress\/wp-content\/uploads\/2020\/11\/crieur.jpg\" alt=\"\" class=\"wp-image-18106\" srcset=\"https:\/\/www.ades-grenoble.org\/wordpress\/wp-content\/uploads\/2020\/11\/crieur.jpg 400w, https:\/\/www.ades-grenoble.org\/wordpress\/wp-content\/uploads\/2020\/11\/crieur-150x83.jpg 150w, https:\/\/www.ades-grenoble.org\/wordpress\/wp-content\/uploads\/2020\/11\/crieur-300x167.jpg 300w\" sizes=\"auto, (max-width: 400px) 100vw, 400px\" \/><\/figure><\/div>\n\n\n\n<p><strong>Le droit \u00e0 la cantine municipale pr\u00e9cis\u00e9 par <a href=\"https:\/\/www.conseil-etat.fr\/fr\/arianeweb\/CE\/decision\/2021-03-22\/429361\" target=\"_blank\" rel=\"noreferrer noopener\" aria-label=\"le Conseil d'\u00c9tat (s\u2019ouvre dans un nouvel onglet)\">le Conseil d&rsquo;\u00c9tat<\/a>. <\/strong>Tous les enfants ont droit \u00e0 l&rsquo;acc\u00e8s \u00e0 la cantine scolaire, mais \u00e0 condition que les communes aient les capacit\u00e9s mat\u00e9rielles pour les accueillir. \u00a0Le Conseil d&rsquo;\u00c9tat qui a mis un terme, le 22 mars, \u00e0 une proc\u00e9dure judiciaire opposant la mairie de Besan\u00e7on \u00e0 une parente d&rsquo;\u00e9l\u00e8ve qui s&rsquo;\u00e9tait vue refuser l&rsquo;inscription de son fils \u00e0 la cantine, faute de place disponible.<\/p>\n\n\n\n<hr class=\"wp-block-separator\"\/>\n\n\n\n<p><strong><a rel=\"noreferrer noopener\" aria-label=\"Rapport annuel de la Cour des comptes (s\u2019ouvre dans un nouvel onglet)\" href=\"https:\/\/www.ccomptes.fr\/fr\/publications\/le-rapport-public-annuel-2021\" target=\"_blank\">Rapport annuel de la Cour des comptes<\/a>.<\/strong> Le 18 mars, il apporte des enseignements sur la fa\u00e7on dont la crise sanitaire a \u00e9t\u00e9 g\u00e9r\u00e9e l&rsquo;an dernier par les pouvoirs publics. Cela concerne notamment le secteur hospitalier mais pas que.<\/p>\n\n\n\n<hr class=\"wp-block-separator\"\/>\n\n\n\n<p><strong><a rel=\"noreferrer noopener\" aria-label=\"Les chiffres du logement neuf au 4e trimestre 2020 et bilan annuel (s\u2019ouvre dans un nouvel onglet)\" href=\"https:\/\/infolocs.files.wordpress.com\/2021\/03\/2020_t4_dp_rapport-1.pdf\" target=\"_blank\">Les chiffres du logement neuf au 4e trimestre 2020 et bilan annuel<\/a>.<\/strong> Le bilan de l&rsquo;observatoire de la F\u00e9d\u00e9ration des promoteurs immobiliers montre une contraction de pr\u00e8s d\u2019un quart des ventes de logements neufs, et m\u00eame d\u2019un tiers pour les seules ventes aux particuliers. Il constate que beaucoup de maires ne veulent plus d\u00e9livrer de permis de construire.<\/p>\n\n\n\n<hr class=\"wp-block-separator\"\/>\n\n\n\n<p><strong><a rel=\"noreferrer noopener\" aria-label=\"Rapport de l\u2019ADEME sur la collecte des d\u00e9chets m\u00e9nagers (s\u2019ouvre dans un nouvel onglet)\" href=\"https:\/\/medias.amf.asso.fr\/upload\/files\/modecom_2017_analyse_des_resultats_011318.pdf\" target=\"_blank\">Rapport de l\u2019ADEME sur la collecte des d\u00e9chets m\u00e9nagers<\/a><\/strong>. Au niveau national, les quantit\u00e9s de d\u00e9chets m\u00e9nagers et assimil\u00e9s continuent d&rsquo;augmenter, notamment dans les d\u00e9chetteries durant la d\u00e9cennie (2007-2017). La production individuelle a peu baiss\u00e9 (2%) : de 592 kilos annuels par personne en 2007 \u00e0 580 kilos en 2017. Par contre une forte augmentation des apports en d\u00e9chetterie avec pr\u00e8s de 14,3 millions de tonnes en 2017 contre 10,7 millions de tonnes dix ans plus t\u00f4t.<\/p>\n\n\n\n<!--more-->\n\n\n\n<hr class=\"wp-block-separator\"\/>\n\n\n\n<p><strong><a rel=\"noreferrer noopener\" aria-label=\"Un r\u00e9f\u00e9rentiel de la CNIL sur le traitement des donn\u00e9es dans le champ social (s\u2019ouvre dans un nouvel onglet)\" href=\"https:\/\/www.cnil.fr\/fr\/la-protection-des-donnees-personnelles-dans-le-secteur-social\" target=\"_blank\">Un r\u00e9f\u00e9rentiel de la CNIL sur le traitement des donn\u00e9es dans le champ social<\/a><\/strong>. Il s\u2019adresse \u00e0 l&rsquo;ensemble des organismes qui accueillent, h\u00e9bergent ou accompagnent sur le plan social et\/ou m\u00e9dicosocial les personnes \u00e2g\u00e9es, les personnes en situation de handicap et celles en difficult\u00e9. Il permet d&rsquo;assurer la conformit\u00e9 des traitements de donn\u00e9es \u00e0 caract\u00e8re personnel par rapport au RGPD. Lire le r\u00e9f\u00e9rentiel complet <a href=\"https:\/\/www.legifrance.gouv.fr\/jorf\/id\/JORFTEXT000043274920\" target=\"_blank\" rel=\"noreferrer noopener\" aria-label=\"ici (s\u2019ouvre dans un nouvel onglet)\">ici<\/a>.<a href=\"https:\/\/www.legifrance.gouv.fr\/jorf\/id\/JORFTEXT000043274920\"><\/a><\/p>\n\n\n\n<hr class=\"wp-block-separator\"\/>\n\n\n\n<p><strong><a rel=\"noreferrer noopener\" aria-label=\"Avis du 23 mars du Conseil \u00e9conomique, social et environnemental  (s\u2019ouvre dans un nouvel onglet)\" href=\"https:\/\/www.lecese.fr\/sites\/default\/files\/pdf\/Avis\/2021\/2021_08_reconversions_professionnelles.pdf\" target=\"_blank\">Avis du 23 mars du Conseil \u00e9conomique, social et environnemental <\/a>(Cese) sur les reconversions professionnelles.<\/strong> Concernant les dispositifs d\u2019accompagnement et de formation des actifs, il faut changer de paradigme et changer d\u2019\u00e9chelle pour s\u2019adapter aux mutations induites par les crises num\u00e9rique, \u00e9cologique et sanitaire.<\/p>\n","protected":false},"excerpt":{"rendered":"<p>Le droit \u00e0 la cantine municipale pr\u00e9cis\u00e9 par le Conseil d&rsquo;\u00c9tat. Tous les enfants ont droit \u00e0 l&rsquo;acc\u00e8s \u00e0 la cantine scolaire, mais \u00e0 condition que les communes aient les capacit\u00e9s mat\u00e9rielles pour les accueillir. \u00a0Le Conseil d&rsquo;\u00c9tat qui a mis un terme, le 22 mars, \u00e0 une proc\u00e9dure judiciaire opposant la mairie de Besan\u00e7on [&hellip;]<\/p>\n","protected":false},"author":1,"featured_media":0,"comment_status":"closed","ping_status":"open","sticky":false,"template":"","format":"standard","meta":{"twitterCardType":"","cardImageID":0,"cardImage":"","cardTitle":"","cardDesc":"","cardImageAlt":"","cardPlayer":"","cardPlayerWidth":0,"cardPlayerHeight":0,"cardPlayerStream":"","cardPlayerCodec":"","footnotes":""},"categories":[62,11],"tags":[266,163,52,99],"class_list":["post-18543","post","type-post","status-publish","format-standard","hentry","category-le-rouge-le-vert-hebdo","category-politique-locale","tag-alimentation","tag-ecoles","tag-justice-administrative","tag-sante"],"_links":{"self":[{"href":"https:\/\/www.ades-grenoble.org\/wordpress\/wp-json\/wp\/v2\/posts\/18543","targetHints":{"allow":["GET"]}}],"collection":[{"href":"https:\/\/www.ades-grenoble.org\/wordpress\/wp-json\/wp\/v2\/posts"}],"about":[{"href":"https:\/\/www.ades-grenoble.org\/wordpress\/wp-json\/wp\/v2\/types\/post"}],"author":[{"embeddable":true,"href":"https:\/\/www.ades-grenoble.org\/wordpress\/wp-json\/wp\/v2\/users\/1"}],"replies":[{"embeddable":true,"href":"https:\/\/www.ades-grenoble.org\/wordpress\/wp-json\/wp\/v2\/comments?post=18543"}],"version-history":[{"count":1,"href":"https:\/\/www.ades-grenoble.org\/wordpress\/wp-json\/wp\/v2\/posts\/18543\/revisions"}],"predecessor-version":[{"id":18544,"href":"https:\/\/www.ades-grenoble.org\/wordpress\/wp-json\/wp\/v2\/posts\/18543\/revisions\/18544"}],"wp:attachment":[{"href":"https:\/\/www.ades-grenoble.org\/wordpress\/wp-json\/wp\/v2\/media?parent=18543"}],"wp:term":[{"taxonomy":"category","embeddable":true,"href":"https:\/\/www.ades-grenoble.org\/wordpress\/wp-json\/wp\/v2\/categories?post=18543"},{"taxonomy":"post_tag","embeddable":true,"href":"https:\/\/www.ades-grenoble.org\/wordpress\/wp-json\/wp\/v2\/tags?post=18543"}],"curies":[{"name":"wp","href":"https:\/\/api.w.org\/{rel}","templated":true}]}}