{"id":186,"date":"2008-09-24T09:33:27","date_gmt":"2008-09-24T07:33:27","guid":{"rendered":"http:\/\/www.ades-grenoble.org\/wordpress\/?p=186"},"modified":"2010-04-05T18:00:12","modified_gmt":"2010-04-05T16:00:12","slug":"les-mega-beneficiaires-de-l%e2%80%99operation-crolles-3-dite-%c2%ab-nano-2012-%c2%bb","status":"publish","type":"post","link":"https:\/\/www.ades-grenoble.org\/wordpress\/2008\/09\/24\/les-mega-beneficiaires-de-l%e2%80%99operation-crolles-3-dite-%c2%ab-nano-2012-%c2%bb\/","title":{"rendered":"Les m\u00e9ga b\u00e9n\u00e9ficiaires de l\u2019op\u00e9ration Crolles 3 dite \u00ab Nano 2012 \u00bb : la \u00ab nouvelle alliance \u00bb et le contrat cach\u00e9 avec l\u2019ami am\u00e9ricain"},"content":{"rendered":"<h2 style=\"text-align: center;\"><span style=\"text-decoration: underline;\"><span style=\"font-size: small; font-family: Times New Roman;\">Conf\u00e9rence de presse du 23 septembre 2008<\/span><a style=\"mso-footnote-id: ftn1;\" name=\"_ftnref1\" href=\"http:\/\/www.ades-grenoble.org\/wordpress\/wp-admin\/#_ftn1\"><\/a><span style=\"font-size: small;\"><span style=\"font-family: Times New Roman;\">sur l\u2019op\u00e9ration Crolles 3 dite \u00ab\u00a0Nano 2012\u00a0\u00bb<\/span><\/span><\/span><\/h2>\n<p class=\"MsoNormal\" style=\"margin: 0cm 0cm 0pt; text-align: left;\">\n<p style=\"text-indent: 1.25cm; margin-bottom: 0cm; text-align: left;\">L\u2019ADES et ses \u00e9luEs se sont clairement oppos\u00e9 aux aides publiques aux soci\u00e9t\u00e9s priv\u00e9es du programme Crolles 2 (2002-2007).<\/p>\n<p style=\"text-indent: 1.25cm; margin-bottom: 0cm;\" align=\"justify\">Il s\u2019agissait de financements publics de nos collectivit\u00e9s locales et de l\u2019Etat pour aider ST Microelectronics \u00e0 devenir, avec ses partenaires de \u00ab\u00a0l\u2019Alliance\u00a0\u00bb, un leader mondial dans la gravure nanom\u00e9trique (32 nm) des circuits \u00e9lectroniques.<\/p>\n<p style=\"text-indent: 1.25cm; margin-bottom: 0cm;\" align=\"justify\">Ce fut un \u00e9chec qui a oblig\u00e9 ST \u00e0 changer radicalement de strat\u00e9gie industrielle en rejoignant IBM pour les recherches et d\u00e9veloppements (R&amp;D) avanc\u00e9es dans les technologies de gravures et de ne conserver \u00e0 Crolles et Grenoble que les d\u00e9veloppements sur des circuits d\u00e9riv\u00e9s qui seront grav\u00e9s suivant la technologie d\u2019IBM.<\/p>\n<p style=\"text-indent: 0.64cm; margin-bottom: 0cm;\" align=\"justify\"><!--more-->Le financement des collectivit\u00e9s locales a aussi \u00e9t\u00e9 un \u00e9chec, puisqu\u2019elles pr\u00e9voyaient un \u00ab\u00a0retour de taxe professionnelle\u00a0\u00bb sup\u00e9rieur aux subventions publiques, et des cr\u00e9ations d\u2019emplois nettes<sup><a class=\"sdfootnoteanc\" name=\"sdfootnote1anc\" href=\"#sdfootnote1sym\"><\/a><\/sup>:<\/p>\n<ul>\n<li>\n<p style=\"margin-bottom: 0cm;\" align=\"justify\">alors que ce \t\u00ab\u00a0retour\u00a0\u00bb n\u2019a \u00e9t\u00e9 que de 100 \tM\u20ac pour des aides publiques qui ont atteint 200 M\u20ac (voir lettre \tn\u00b0 4 de l\u2019OfiPoPu, Observatoire des finances et des politiques \tpubliques, <a href=\"http:\/\/\" target=\"_blank\"><\/a><a href=\"http:\/\/ofipopu.org\/\" target=\"_blank\">http:\/\/ofipopu.org<\/a>) ;<\/p>\n<\/li>\n<li>\n<p style=\"margin-bottom: 0cm;\" align=\"justify\">alors que la \tcontrepartie en emplois (1200 cr\u00e9ations) n\u2019\u00e9tait pas \tune r\u00e9elle contrepartie puisque les subventions publiques \td\u00e9passaient all\u00e8grement le co\u00fbt de ces emplois\u00a0;<\/p>\n<\/li>\n<li>\n<p style=\"margin-bottom: 0cm;\" align=\"justify\">alors que ST \tMicroelectronics supprimait dans le m\u00eame temps 600 emplois \u00e0 \tRennes (cf. <a href=\"http:\/\/www.ades-grenoble.org\/article.php3?id_article=65\" target=\"_blank\">notre conf\u00e9rence de presse commune avec les \tcoll\u00e8gues de Rennes<\/a>), \tque NXP ex Philips et Freescale ex Motorola proc\u00e9daient \t\u00e9galement \u00e0 des restructurations (150 emplois \tsupprim\u00e9s par NXP en France en 2004, op\u00e9ration \u00ab\u00a0ST-NXP \tWireless\u00a0\u00bb, menaces sur 350 emplois NXP \u00e0 Caen et 4500 \tsuppressions d\u2019emplois NXP dans le monde).<\/p>\n<\/li>\n<\/ul>\n<p style=\"margin-bottom: 0cm;\" align=\"justify\">\n<p style=\"margin-bottom: 0cm;\" align=\"justify\"><em><strong>Nous pouvions donc alors esp\u00e9rer que devant ce bilan les collectivit\u00e9s allaient \u00eatre plus prudentes \u00e0 l\u2019avenir, surtout dans cette p\u00e9riode difficile.<\/strong><\/em><\/p>\n<p style=\"margin-bottom: 0cm;\"><em><strong>Les informations suivantes d\u00e9montrent qu\u2019il n\u2019en est rien, bien au contraire.<\/strong><\/em><\/p>\n<p style=\"margin-bottom: 0cm;\"><a href=\"http:\/\/www.ades-grenoble.org\/wordpress\/wp-content\/uploads\/2008\/09\/080923_conf-press-crolles3.pdf\" target=\"_blank\">Lire la suite en t\u00e9l\u00e9chargeant la conf\u00e9rence de presse en PDF (200 Ko)<\/a><\/p>\n","protected":false},"excerpt":{"rendered":"<p>Conf\u00e9rence de presse du 23 septembre 2008sur l\u2019op\u00e9ration Crolles 3 dite \u00ab\u00a0Nano 2012\u00a0\u00bb L\u2019ADES et ses \u00e9luEs se sont clairement oppos\u00e9 aux aides publiques aux soci\u00e9t\u00e9s priv\u00e9es du programme Crolles 2 (2002-2007). Il s\u2019agissait de financements publics de nos collectivit\u00e9s locales et de l\u2019Etat pour aider ST Microelectronics \u00e0 devenir, avec ses partenaires de \u00ab\u00a0l\u2019Alliance\u00a0\u00bb, [&hellip;]<\/p>\n","protected":false},"author":1,"featured_media":0,"comment_status":"open","ping_status":"open","sticky":false,"template":"","format":"standard","meta":{"twitterCardType":"","cardImageID":0,"cardImage":"","cardTitle":"","cardDesc":"","cardImageAlt":"","cardPlayer":"","cardPlayerWidth":0,"cardPlayerHeight":0,"cardPlayerStream":"","cardPlayerCodec":"","footnotes":""},"categories":[11],"tags":[3,46],"class_list":["post-186","post","type-post","status-publish","format-standard","hentry","category-politique-locale","tag-communiques","tag-nanos"],"_links":{"self":[{"href":"https:\/\/www.ades-grenoble.org\/wordpress\/wp-json\/wp\/v2\/posts\/186","targetHints":{"allow":["GET"]}}],"collection":[{"href":"https:\/\/www.ades-grenoble.org\/wordpress\/wp-json\/wp\/v2\/posts"}],"about":[{"href":"https:\/\/www.ades-grenoble.org\/wordpress\/wp-json\/wp\/v2\/types\/post"}],"author":[{"embeddable":true,"href":"https:\/\/www.ades-grenoble.org\/wordpress\/wp-json\/wp\/v2\/users\/1"}],"replies":[{"embeddable":true,"href":"https:\/\/www.ades-grenoble.org\/wordpress\/wp-json\/wp\/v2\/comments?post=186"}],"version-history":[{"count":11,"href":"https:\/\/www.ades-grenoble.org\/wordpress\/wp-json\/wp\/v2\/posts\/186\/revisions"}],"predecessor-version":[{"id":1416,"href":"https:\/\/www.ades-grenoble.org\/wordpress\/wp-json\/wp\/v2\/posts\/186\/revisions\/1416"}],"wp:attachment":[{"href":"https:\/\/www.ades-grenoble.org\/wordpress\/wp-json\/wp\/v2\/media?parent=186"}],"wp:term":[{"taxonomy":"category","embeddable":true,"href":"https:\/\/www.ades-grenoble.org\/wordpress\/wp-json\/wp\/v2\/categories?post=186"},{"taxonomy":"post_tag","embeddable":true,"href":"https:\/\/www.ades-grenoble.org\/wordpress\/wp-json\/wp\/v2\/tags?post=186"}],"curies":[{"name":"wp","href":"https:\/\/api.w.org\/{rel}","templated":true}]}}