{"id":18672,"date":"2021-04-23T16:17:43","date_gmt":"2021-04-23T14:17:43","guid":{"rendered":"https:\/\/www.ades-grenoble.org\/wordpress\/?p=18672"},"modified":"2021-04-23T16:38:02","modified_gmt":"2021-04-23T14:38:02","slug":"politique-politicienne-226","status":"publish","type":"post","link":"https:\/\/www.ades-grenoble.org\/wordpress\/2021\/04\/23\/politique-politicienne-226\/","title":{"rendered":"Politique politicienne"},"content":{"rendered":"\n<div class=\"wp-block-image\"><figure class=\"alignleft\"><img loading=\"lazy\" decoding=\"async\" width=\"200\" height=\"234\" src=\"https:\/\/www.ades-grenoble.org\/wordpress\/wp-content\/uploads\/2015\/01\/fou1.png\" alt=\"fou\" class=\"wp-image-9634\" srcset=\"https:\/\/www.ades-grenoble.org\/wordpress\/wp-content\/uploads\/2015\/01\/fou1.png 200w, https:\/\/www.ades-grenoble.org\/wordpress\/wp-content\/uploads\/2015\/01\/fou1-128x150.png 128w\" sizes=\"auto, (max-width: 200px) 100vw, 200px\" \/><\/figure><\/div>\n\n\n\n<p>D\u00e9ontologie universitaire, o\u00f9 es-tu ? Le pr\u00e9sident de l\u2019universit\u00e9 de Grenoble (M. Lakhnech) persiste dans le d\u00e9ni de ce qui s\u2019est pass\u00e9 lors des s\u00e9lections de projets de l\u2019IDEX o\u00f9 l\u2019ancien pr\u00e9sident (P. Levy) avait all\u00e8grement viol\u00e9 les r\u00e8gles d\u00e9ontologiques les plus \u00e9l\u00e9mentaires, ce qui a conduit le tribunal administratif \u00e0 annuler les d\u00e9cisions prises \u00e0 cette \u00e9poque. Sur T\u00e9l\u00e9Grenoble, le 19 avril, M. Lakhnech \u00e9tait interrog\u00e9 sur l\u2019IDEX, et la journaliste l\u2019interroge sur les manquements \u00e0 la d\u00e9ontologie. Il r\u00e9pond en disant que les probl\u00e8mes d\u00e9ontologiques observ\u00e9s sont communs \u00e0 toutes les universit\u00e9s engag\u00e9es dans des d\u00e9marches de type IDEX, ce qui est bien \u00e9videmment faux : aucune de ces universit\u00e9s n\u2019a laiss\u00e9 son Pr\u00e9sident violer deux r\u00e8gles parfaitement claires (violation de la composition de la commission de s\u00e9lection de projets, violation du code de conduite interdisant clairement d\u2019examiner un projet port\u00e9 par un proche). Voir sur T\u00e9l\u00e9grenoble l<a href=\"http:\/\/www.telegrenoble.net\/replay\/le-jt_30\/plan-relance-smmag-idex-maison-digitale-20-avril-2021_x80qvqn.html\">e droit de r\u00e9ponse du 20 avril de M. Cinquin<\/a> qui a obtenu le jugement du tribunal administratif (vers 7 minutes).<\/p>\n\n\n\n<hr class=\"wp-block-separator\"\/>\n\n\n\n<p>A Grenoble il y a toujours de l\u2019innovation. L\u2019association nationale \u00ab\u00a0<em>60 millions de pi\u00e9tons\u00a0<\/em>\u00bb qui milite pour que la marche \u00e0 pied soit une mobilit\u00e9 prioritaire, est repr\u00e9sent\u00e9e \u00e0 Grenoble par une personne qui s\u2019oppose \u00e0 la pi\u00e9tonisation du centre-ville au pr\u00e9texte que les pi\u00e9tons ne seraient plus prot\u00e9g\u00e9s des v\u00e9los !!! En fait cette personne est un militant actif de la f\u00e9d\u00e9ration de l\u2019Is\u00e8re des <em>R\u00e9publicains<\/em> et travaille \u00e9troitement avec l\u2019ancien maire corrompu, il vient d\u2019\u00eatre \u00e9lu membre du comit\u00e9 de la 1<sup>\u00e8re<\/sup>circonscription. Heureusement le ridicule ne tue plus.<\/p>\n","protected":false},"excerpt":{"rendered":"<p>D\u00e9ontologie universitaire, o\u00f9 es-tu ? Le pr\u00e9sident de l\u2019universit\u00e9 de Grenoble (M. Lakhnech) persiste dans le d\u00e9ni de ce qui s\u2019est pass\u00e9 lors des s\u00e9lections de projets de l\u2019IDEX o\u00f9 l\u2019ancien pr\u00e9sident (P. Levy) avait all\u00e8grement viol\u00e9 les r\u00e8gles d\u00e9ontologiques les plus \u00e9l\u00e9mentaires, ce qui a conduit le tribunal administratif \u00e0 annuler les d\u00e9cisions prises [&hellip;]<\/p>\n","protected":false},"author":1,"featured_media":0,"comment_status":"closed","ping_status":"open","sticky":false,"template":"","format":"standard","meta":{"twitterCardType":"","cardImageID":0,"cardImage":"","cardTitle":"","cardDesc":"","cardImageAlt":"","cardPlayer":"","cardPlayerWidth":0,"cardPlayerHeight":0,"cardPlayerStream":"","cardPlayerCodec":"","footnotes":""},"categories":[62,11],"tags":[54],"class_list":["post-18672","post","type-post","status-publish","format-standard","hentry","category-le-rouge-le-vert-hebdo","category-politique-locale","tag-politique-droite-gauche"],"_links":{"self":[{"href":"https:\/\/www.ades-grenoble.org\/wordpress\/wp-json\/wp\/v2\/posts\/18672","targetHints":{"allow":["GET"]}}],"collection":[{"href":"https:\/\/www.ades-grenoble.org\/wordpress\/wp-json\/wp\/v2\/posts"}],"about":[{"href":"https:\/\/www.ades-grenoble.org\/wordpress\/wp-json\/wp\/v2\/types\/post"}],"author":[{"embeddable":true,"href":"https:\/\/www.ades-grenoble.org\/wordpress\/wp-json\/wp\/v2\/users\/1"}],"replies":[{"embeddable":true,"href":"https:\/\/www.ades-grenoble.org\/wordpress\/wp-json\/wp\/v2\/comments?post=18672"}],"version-history":[{"count":1,"href":"https:\/\/www.ades-grenoble.org\/wordpress\/wp-json\/wp\/v2\/posts\/18672\/revisions"}],"predecessor-version":[{"id":18673,"href":"https:\/\/www.ades-grenoble.org\/wordpress\/wp-json\/wp\/v2\/posts\/18672\/revisions\/18673"}],"wp:attachment":[{"href":"https:\/\/www.ades-grenoble.org\/wordpress\/wp-json\/wp\/v2\/media?parent=18672"}],"wp:term":[{"taxonomy":"category","embeddable":true,"href":"https:\/\/www.ades-grenoble.org\/wordpress\/wp-json\/wp\/v2\/categories?post=18672"},{"taxonomy":"post_tag","embeddable":true,"href":"https:\/\/www.ades-grenoble.org\/wordpress\/wp-json\/wp\/v2\/tags?post=18672"}],"curies":[{"name":"wp","href":"https:\/\/api.w.org\/{rel}","templated":true}]}}