{"id":18693,"date":"2021-04-30T15:33:48","date_gmt":"2021-04-30T13:33:48","guid":{"rendered":"https:\/\/www.ades-grenoble.org\/wordpress\/?p=18693"},"modified":"2021-04-30T16:04:01","modified_gmt":"2021-04-30T14:04:01","slug":"grenoble-lance-une-plateforme-de-soutien-pour-les-jeunes","status":"publish","type":"post","link":"https:\/\/www.ades-grenoble.org\/wordpress\/2021\/04\/30\/grenoble-lance-une-plateforme-de-soutien-pour-les-jeunes\/","title":{"rendered":"Grenoble lance une plateforme de soutien pour les jeunes"},"content":{"rendered":"\n<div class=\"wp-block-image\"><figure class=\"alignleft\"><img loading=\"lazy\" decoding=\"async\" width=\"380\" height=\"76\" src=\"https:\/\/www.ades-grenoble.org\/wordpress\/wp-content\/uploads\/2021\/04\/jeunes-grenoble.jpg\" alt=\"\" class=\"wp-image-18694\" srcset=\"https:\/\/www.ades-grenoble.org\/wordpress\/wp-content\/uploads\/2021\/04\/jeunes-grenoble.jpg 380w, https:\/\/www.ades-grenoble.org\/wordpress\/wp-content\/uploads\/2021\/04\/jeunes-grenoble-150x30.jpg 150w, https:\/\/www.ades-grenoble.org\/wordpress\/wp-content\/uploads\/2021\/04\/jeunes-grenoble-300x60.jpg 300w\" sizes=\"auto, (max-width: 380px) 100vw, 380px\" \/><\/figure><\/div>\n\n\n\n<p>Si les initiatives et\ndispositifs de solidarit\u00e9 de la ville, du CCAS et de leurs partenaires sont\nnombreux et efficaces, il existe cependant des jeunes \u00e0 Grenoble qui ne\ndisposent pas des informations pour satisfaire leurs besoins, leurs envies et\nfaire valoir leurs droits. Pour les aider, Grenoble lance une plateforme qui\ncentralise de nombreuses informations, lance le parrainage solidaire et\norganise des distributions alimentaires<\/p>\n\n\n\n<p>La plateforme\n\u00ab&nbsp;jeunes-Grenoble&nbsp;\u00bb est un nouvel outil d\u2019information \u00e0 destination\ndes jeunes&nbsp;:<em> \u00ab&nbsp;Alors qu\u2019un troisi\u00e8me confinement isole et\nfragilise d\u2019avantage les plus pr\u00e9caires et particuli\u00e8rement les jeunes,\nGrenoble lance la version b\u00eata d\u2019un outil \u00e0 destination des 16-25 ans qui vise\n\u00e0 regrouper les solutions en un seul espace. Initialement pr\u00e9vu pour la rentr\u00e9e\n2021, la situation sanitaire a incit\u00e9 la Ville \u00e0 acc\u00e9l\u00e9rer son d\u00e9ploiement.<\/em><\/p>\n\n\n\n<!--more-->\n\n\n\n<p><em>La plateforme&nbsp;<a href=\"https:\/\/www.grenoble.fr\/2334-jeunes-grenoble.htm\">jeunes-grenoble.fr<\/a>&nbsp;a\n\u00e9t\u00e9 d\u00e9velopp\u00e9e par les services de la ville en lien avec la Mission Locale,\nl\u2019association info-Jeunes38 et l\u2019Universit\u00e9 Grenoble-Alpes.<\/em><\/p>\n\n\n\n<p><em>Afin de promouvoir les\ndispositifs sp\u00e9cifiques aux jeunes ainsi que la plateforme unique sur laquelle\nl\u2019information est regroup\u00e9e, une communication d\u00e9di\u00e9e sera mise en place \u00e0\ntravers les r\u00e9seaux sociaux (Snapchat et Instagram notamment) avec des modes\nd\u2019interpellations sp\u00e9cifiques.&nbsp;\u00bb<\/em><\/p>\n\n\n\n<p>Lire une pr\u00e9sentation <a href=\"https:\/\/www.grenobleencommun.fr\/grenoble-lance-une-plateforme-de-soutien-pour-les-jeunes\/\">ici.<\/a><\/p>\n","protected":false},"excerpt":{"rendered":"<p>Si les initiatives et dispositifs de solidarit\u00e9 de la ville, du CCAS et de leurs partenaires sont nombreux et efficaces, il existe cependant des jeunes \u00e0 Grenoble qui ne disposent pas des informations pour satisfaire leurs besoins, leurs envies et faire valoir leurs droits. Pour les aider, Grenoble lance une plateforme qui centralise de nombreuses [&hellip;]<\/p>\n","protected":false},"author":1,"featured_media":0,"comment_status":"closed","ping_status":"open","sticky":false,"template":"","format":"standard","meta":{"twitterCardType":"","cardImageID":0,"cardImage":"","cardTitle":"","cardDesc":"","cardImageAlt":"","cardPlayer":"","cardPlayerWidth":0,"cardPlayerHeight":0,"cardPlayerStream":"","cardPlayerCodec":"","footnotes":""},"categories":[62,11],"tags":[215,200,182],"class_list":["post-18693","post","type-post","status-publish","format-standard","hentry","category-le-rouge-le-vert-hebdo","category-politique-locale","tag-grenoble","tag-jeunesse","tag-solidarite"],"_links":{"self":[{"href":"https:\/\/www.ades-grenoble.org\/wordpress\/wp-json\/wp\/v2\/posts\/18693","targetHints":{"allow":["GET"]}}],"collection":[{"href":"https:\/\/www.ades-grenoble.org\/wordpress\/wp-json\/wp\/v2\/posts"}],"about":[{"href":"https:\/\/www.ades-grenoble.org\/wordpress\/wp-json\/wp\/v2\/types\/post"}],"author":[{"embeddable":true,"href":"https:\/\/www.ades-grenoble.org\/wordpress\/wp-json\/wp\/v2\/users\/1"}],"replies":[{"embeddable":true,"href":"https:\/\/www.ades-grenoble.org\/wordpress\/wp-json\/wp\/v2\/comments?post=18693"}],"version-history":[{"count":1,"href":"https:\/\/www.ades-grenoble.org\/wordpress\/wp-json\/wp\/v2\/posts\/18693\/revisions"}],"predecessor-version":[{"id":18695,"href":"https:\/\/www.ades-grenoble.org\/wordpress\/wp-json\/wp\/v2\/posts\/18693\/revisions\/18695"}],"wp:attachment":[{"href":"https:\/\/www.ades-grenoble.org\/wordpress\/wp-json\/wp\/v2\/media?parent=18693"}],"wp:term":[{"taxonomy":"category","embeddable":true,"href":"https:\/\/www.ades-grenoble.org\/wordpress\/wp-json\/wp\/v2\/categories?post=18693"},{"taxonomy":"post_tag","embeddable":true,"href":"https:\/\/www.ades-grenoble.org\/wordpress\/wp-json\/wp\/v2\/tags?post=18693"}],"curies":[{"name":"wp","href":"https:\/\/api.w.org\/{rel}","templated":true}]}}