{"id":18696,"date":"2021-04-30T15:40:31","date_gmt":"2021-04-30T13:40:31","guid":{"rendered":"https:\/\/www.ades-grenoble.org\/wordpress\/?p=18696"},"modified":"2021-04-30T16:04:06","modified_gmt":"2021-04-30T14:04:06","slug":"la-mort-annoncee-du-glacier-de-sarennes","status":"publish","type":"post","link":"https:\/\/www.ades-grenoble.org\/wordpress\/2021\/04\/30\/la-mort-annoncee-du-glacier-de-sarennes\/","title":{"rendered":"La mort annonc\u00e9e du glacier de Sarennes"},"content":{"rendered":"\n<div class=\"wp-block-image\"><figure class=\"alignleft\"><img loading=\"lazy\" decoding=\"async\" width=\"400\" height=\"180\" src=\"https:\/\/www.ades-grenoble.org\/wordpress\/wp-content\/uploads\/2021\/04\/Le-glacier-de-Sarennes-en-2016.jpg\" alt=\"\" class=\"wp-image-18697\" srcset=\"https:\/\/www.ades-grenoble.org\/wordpress\/wp-content\/uploads\/2021\/04\/Le-glacier-de-Sarennes-en-2016.jpg 400w, https:\/\/www.ades-grenoble.org\/wordpress\/wp-content\/uploads\/2021\/04\/Le-glacier-de-Sarennes-en-2016-150x68.jpg 150w, https:\/\/www.ades-grenoble.org\/wordpress\/wp-content\/uploads\/2021\/04\/Le-glacier-de-Sarennes-en-2016-300x135.jpg 300w\" sizes=\"auto, (max-width: 400px) 100vw, 400px\" \/><figcaption>\u00a9 Emmanuel Thibert \/ INRAE<\/figcaption><\/figure><\/div>\n\n\n\n<p>C\u2019est le glacier des Alpes qui est surveill\u00e9 depuis le plus longtemps (1949). Situ\u00e9 \u00e0 65 km de Grenoble, entre 2900 et 3000 m d\u2019altitude, il va disparaitre d\u00e9finitivement d\u2019ici trois ou quatre ans \u00e0 cause du changement climatique. Il est \u00e9tudi\u00e9 par les glaciologues de l\u2019<a href=\"https:\/\/www6.lyon-grenoble.inrae.fr\/etna\/UNITE-ETNA\/Laboratoires-Sites-experimentaux-et-Bases-de-donnees\/OBSERVATOIRE-DU-GLACIER-DE-SARENNES\" target=\"_blank\" rel=\"noreferrer noopener\" aria-label=\"unit\u00e9 de recherche grenobloise ETNA (\u00c9rosion Torrentielle, Neige et Avalanche) d'INRAE (s\u2019ouvre dans un nouvel onglet)\">unit\u00e9 de recherche grenobloise ETNA (\u00c9rosion Torrentielle, Neige et Avalanche) d&rsquo;INRAE<\/a>. <em>\u00ab\u00a0Sa surface, qui est aujourd\u2019hui de quelques hectares, a fortement diminu\u00e9 au cours du XXe si\u00e8cle, passant ainsi de 124 ha en 1908 \u00e0 85 ha en 1952 et 41 ha en 2003, 12 ha en 2009 et 9 ha en 2014. Son \u00e9paisseur actuelle est estim\u00e9e \u00e0 environ 10-20 m de glace d\u2019apr\u00e8s des mesures radar effectu\u00e9es en 1992. Il a perdu localement plus de 120 m d\u2019\u00e9paisseur depuis le d\u00e9but du XXe si\u00e8cle.\u00a0\u00bb<\/em><\/p>\n\n\n\n<p><em>\u00ab&nbsp;Tous les ans depuis\n1949, des scientifiques montent observer ce site. Il s\u2019agit de la plus longue\ns\u00e9rie de mesure de tout l\u2019arc alpin, et la seconde plus longue s\u00e9rie au monde\nderri\u00e8re celle du glacier Storglaci\u00e4ren, en Su\u00e8de, initi\u00e9e en 1946. Chaque\nprintemps, des pr\u00e9l\u00e8vements sont effectu\u00e9s pour mesurer le volume de neige, le\npeser, en mesurer la densit\u00e9 et en donner l\u2019\u00e9quivalence en m\u00e8tre d\u2019eau pour\nsuivre l\u2019enneigement hivernal. Quand la neige a fondu, l\u2019\u00e9paisseur de glace est\nmesur\u00e9e \u00e0 partir de balises ins\u00e9r\u00e9es \u00e0 dix m\u00e8tres de profondeur. \u00ab&nbsp;Le\nglacier a perdu 100 m\u00e8tres d\u2019\u00e9paisseur, il reste au point le plus haut 10\nm\u00e8tres d\u2019\u00e9paisseur de glace&nbsp;\u00bb, rel\u00e8ve le glaciologue.<\/em><\/p>\n\n\n\n<!--more-->\n\n\n\n<p><em>Il observe \u00e0 la fois une intensification de la fonte au c\u0153ur de l\u2019\u00e9t\u00e9 et une augmentation de la dur\u00e9e de la fonte : la neige disparait plus vite. Au lieu de tenir jusqu\u2019\u00e0 fin mai voire d\u00e9but juin, elle fond d\u00e8s le d\u00e9but du mois d\u2019avril au printemps. \u00c0 l\u2019inverse, en automne, le glacier continue de fondre jusqu\u2019\u00e0 fin octobre, y compris la nuit, alors que la fonte s\u2019arr\u00eatait auparavant en septembre. L\u2019observation du glacier a mis en \u00e9vidence un changement du climat estival depuis 1982, qui est g\u00e9n\u00e9ral \u00e0 tout l\u2019arc alpin, avec un allongement de la p\u00e9riode de fonte en fin d\u2019\u00e9t\u00e9 et une intensification de la fonte au c\u0153ur de l\u2019\u00e9t\u00e9, ce qui est bien expliqu\u00e9 par l\u2019\u00e9volution des temp\u00e9ratures atmosph\u00e9riques. Les fontes extr\u00eames sont rencontr\u00e9es lors des \u00e9pisodes de canicule.\u00a0\u00bb<\/em><\/p>\n\n\n\n<p>Lire aussi <a href=\"https:\/\/www.grenoblealpesmetropole.fr\/actualite\/1252\/104-glacier-de-sarennes-chronique-d-une-mort-annoncee.htm\" target=\"_blank\" rel=\"noreferrer noopener\" aria-label=\"ici (s\u2019ouvre dans un nouvel onglet)\">ici<\/a>.<\/p>\n","protected":false},"excerpt":{"rendered":"<p>C\u2019est le glacier des Alpes qui est surveill\u00e9 depuis le plus longtemps (1949). Situ\u00e9 \u00e0 65 km de Grenoble, entre 2900 et 3000 m d\u2019altitude, il va disparaitre d\u00e9finitivement d\u2019ici trois ou quatre ans \u00e0 cause du changement climatique. Il est \u00e9tudi\u00e9 par les glaciologues de l\u2019unit\u00e9 de recherche grenobloise ETNA (\u00c9rosion Torrentielle, Neige et [&hellip;]<\/p>\n","protected":false},"author":1,"featured_media":0,"comment_status":"closed","ping_status":"open","sticky":false,"template":"","format":"standard","meta":{"twitterCardType":"","cardImageID":0,"cardImage":"","cardTitle":"","cardDesc":"","cardImageAlt":"","cardPlayer":"","cardPlayerWidth":0,"cardPlayerHeight":0,"cardPlayerStream":"","cardPlayerCodec":"","footnotes":""},"categories":[62,11],"tags":[223,185,144,267],"class_list":["post-18696","post","type-post","status-publish","format-standard","hentry","category-le-rouge-le-vert-hebdo","category-politique-locale","tag-climat","tag-montagne","tag-nature","tag-universite"],"_links":{"self":[{"href":"https:\/\/www.ades-grenoble.org\/wordpress\/wp-json\/wp\/v2\/posts\/18696","targetHints":{"allow":["GET"]}}],"collection":[{"href":"https:\/\/www.ades-grenoble.org\/wordpress\/wp-json\/wp\/v2\/posts"}],"about":[{"href":"https:\/\/www.ades-grenoble.org\/wordpress\/wp-json\/wp\/v2\/types\/post"}],"author":[{"embeddable":true,"href":"https:\/\/www.ades-grenoble.org\/wordpress\/wp-json\/wp\/v2\/users\/1"}],"replies":[{"embeddable":true,"href":"https:\/\/www.ades-grenoble.org\/wordpress\/wp-json\/wp\/v2\/comments?post=18696"}],"version-history":[{"count":2,"href":"https:\/\/www.ades-grenoble.org\/wordpress\/wp-json\/wp\/v2\/posts\/18696\/revisions"}],"predecessor-version":[{"id":18699,"href":"https:\/\/www.ades-grenoble.org\/wordpress\/wp-json\/wp\/v2\/posts\/18696\/revisions\/18699"}],"wp:attachment":[{"href":"https:\/\/www.ades-grenoble.org\/wordpress\/wp-json\/wp\/v2\/media?parent=18696"}],"wp:term":[{"taxonomy":"category","embeddable":true,"href":"https:\/\/www.ades-grenoble.org\/wordpress\/wp-json\/wp\/v2\/categories?post=18696"},{"taxonomy":"post_tag","embeddable":true,"href":"https:\/\/www.ades-grenoble.org\/wordpress\/wp-json\/wp\/v2\/tags?post=18696"}],"curies":[{"name":"wp","href":"https:\/\/api.w.org\/{rel}","templated":true}]}}