{"id":18731,"date":"2021-05-07T14:50:08","date_gmt":"2021-05-07T12:50:08","guid":{"rendered":"https:\/\/www.ades-grenoble.org\/wordpress\/?p=18731"},"modified":"2021-05-07T16:10:30","modified_gmt":"2021-05-07T14:10:30","slug":"la-vacance-des-logements-dans-la-metropole-grenobloise","status":"publish","type":"post","link":"https:\/\/www.ades-grenoble.org\/wordpress\/2021\/05\/07\/la-vacance-des-logements-dans-la-metropole-grenobloise\/","title":{"rendered":"La vacance des logements dans la M\u00e9tropole grenobloise"},"content":{"rendered":"\n<div class=\"wp-block-image\"><figure class=\"alignleft\"><img loading=\"lazy\" decoding=\"async\" width=\"200\" height=\"231\" src=\"https:\/\/www.ades-grenoble.org\/wordpress\/wp-content\/uploads\/2019\/03\/Insee-1.jpg\" alt=\"\" class=\"wp-image-15587\" srcset=\"https:\/\/www.ades-grenoble.org\/wordpress\/wp-content\/uploads\/2019\/03\/Insee-1.jpg 200w, https:\/\/www.ades-grenoble.org\/wordpress\/wp-content\/uploads\/2019\/03\/Insee-1-130x150.jpg 130w\" sizes=\"auto, (max-width: 200px) 100vw, 200px\" \/><\/figure><\/div>\n\n\n\n<p>Depuis 2019, la m\u00e9tropole a\nmis en place un \u00ab&nbsp;<em>Observatoire de suivi de la vacance des logements\npriv\u00e9s<\/em>&nbsp;\u00bb.&nbsp;Il a pour but d\u2019\u00e9tablir le nombre de biens vacants et d\u2019\u00e9tudier\nles raisons de cette vacance. Il doit servir \u00e0 d\u00e9finir les pistes d\u2019actions\nn\u00e9cessaires pour une r\u00e9occupation de ces logements.<\/p>\n\n\n\n<p>Il constitue, par la\nrecherche de logement \u00e0 r\u00e9occuper, un outil au service des actions mises en\nplace pour d\u00e9velopper l\u2019offre de logements locatifs sociaux dans le parc\nexistant, comme le dispositif d\u2019interm\u00e9diation locative de la M\u00e9tropole \u00ab <em>Louez\nfacile&nbsp;\u00bb<\/em> qui va \u00eatre renforc\u00e9 prochainement.<\/p>\n\n\n\n<!--more-->\n\n\n\n<p>La M\u00e9tropole fait partie du r\u00e9seau national des collectivit\u00e9s mobilis\u00e9es contre le logement vacant (RNCLV) qui permet d\u2019\u00e9changer sur les pratiques et les moyens de lutte contre la vacance. Il y a <a rel=\"noreferrer noopener\" aria-label=\"un plan national de lutte contre les logements vacants mis en place d\u00e9but 2021 (s\u2019ouvre dans un nouvel onglet)\" href=\"https:\/\/www.ecologie.gouv.fr\/plan-national-lutte-contre-logements-vacants\" target=\"_blank\">un plan national de lutte contre les logements vacants mis en place d\u00e9but 2021<\/a>. La M\u00e9tropole grenobloise vient d\u2019\u00eatre <a rel=\"noreferrer noopener\" aria-label=\"qualifi\u00e9e pour acc\u00e9der aux cr\u00e9dits d'ing\u00e9nierie  (s\u2019ouvre dans un nouvel onglet)\" href=\"https:\/\/www.ecologie.gouv.fr\/laureats-lappel-candidatures-du-plan-national-lutte-contre-logements-vacants\" target=\"_blank\">qualifi\u00e9e pour acc\u00e9der aux cr\u00e9dits d&rsquo;ing\u00e9nierie <\/a>pour l&rsquo;\u00e9volution du dispositif programm\u00e9 ANAH. Ces cr\u00e9dits permettront notamment le financement d\u2019une \u00e9tude approfondie ou bien le renforcement du suivi-animation du dispositif programm\u00e9 en cours, afin que les op\u00e9rateurs aient une d\u00e9marche plus pro-active en direction des propri\u00e9taires de logements vacants.<\/p>\n\n\n\n<p><a rel=\"noreferrer noopener\" aria-label=\"Les chiffres cl\u00e9s concernant la vacance de logement priv\u00e9 estim\u00e9e dans la M\u00e9tropole (s\u2019ouvre dans un nouvel onglet)\" href=\"https:\/\/www.observatoire-des-territoires.gouv.fr\/part-des-logements-vacants\" target=\"_blank\">Les chiffres cl\u00e9s concernant la vacance de logement priv\u00e9 estim\u00e9e dans la M\u00e9tropole<\/a> : 19 504 logements priv\u00e9s ou assimil\u00e9s, soit un taux de vacance de logements priv\u00e9s de 8,3%. Dont une vacance structurelle correspondant aux logements vacants depuis 2 ans de 4 717 logements, soit un taux de vacance de longue dur\u00e9e de 2% sur le territoire de Grenoble-Alpes M\u00e9tropole.<\/p>\n\n\n\n<p>Pour l\u2019INSEE&nbsp;un logement\nest vacant s\u2019il est inoccup\u00e9 et soit&nbsp;:<\/p>\n\n\n\n<ul class=\"wp-block-list\"><li>propos\u00e9 \u00e0 la\nvente, \u00e0 la location,<\/li><li>d\u00e9j\u00e0 attribu\u00e9 \u00e0\nun acheteur ou un locataire et en attente d&rsquo;occupation,<\/li><li>en attente de\nr\u00e8glement de succession,<\/li><li>conserv\u00e9 par un\nemployeur pour un usage futur au profit d&rsquo;un de ses employ\u00e9s,<\/li><li>sans affectation\npr\u00e9cise par le propri\u00e9taire (logement v\u00e9tuste, etc.).<\/li><\/ul>\n\n\n\n<p>Dans le tableau suivant sont\nindiqu\u00e9s depuis 1968 jusqu\u2019en 2017 (dates des divers recensements) le taux de\nlogements vacants par rapport \u00e0 l\u2019ensemble des logements dans chaque commune,\nsuivant les diff\u00e9rents recensements de l\u2019INSEE. Les communes qui ont beaucoup\nde logements sociaux (d\u00e9passant 40 % des logements), Echirolles et Saint Martin\nd\u2019H\u00e8res, ont des taux de vacance peu \u00e9lev\u00e9s, car dans le logement social la\nvacance est tr\u00e8s faible par rapport \u00e0 celle dans le priv\u00e9.<\/p>\n\n\n\n<table bgcolor=\"lightyellow\" border=2 align=center width=100%><tr><td>\n  Communes\n  <\/td><td>\n  1968\n  <\/td><td>\n  1975\n  <\/td><td>\n  1982\n  <\/td><td>\n  1990\n  <\/td><td>\n  1999\n  <\/td><td>\n  2007\n  <\/td><td>\n  2012\n  <\/td><td>\n  2017\n  <\/td><\/tr><tr><td>\n  Bresson\n  <\/td><td>\n  0,0\n  <\/td><td>\n  0,8\n  <\/td><td>\n  8,8\n  <\/td><td>\n  5,3\n  <\/td><td>\n  2,8\n  <\/td><td>\n  1,1\n  <\/td><td>\n  3,0\n  <\/td><td>\n  4,9\n  <\/td><\/tr><tr><td>\n  Bri\u00e9-et-Angonnes\n  <\/td><td>\n  9,9\n  <\/td><td>\n  5,5\n  <\/td><td>\n  4,3\n  <\/td><td>\n  2,0\n  <\/td><td>\n  1,6\n  <\/td><td>\n  2,0\n  <\/td><td>\n  2,2\n  <\/td><td>\n  3,3\n  <\/td><\/tr><tr><td>\n  Champagnier\n  <\/td><td>\n  8,6\n  <\/td><td>\n  5,9\n  <\/td><td>\n  8,5\n  <\/td><td>\n  3,0\n  <\/td><td>\n  2,0\n  <\/td><td>\n  4,2\n  <\/td><td>\n  4,6\n  <\/td><td>\n  2,7\n  <\/td><\/tr><tr><td>\n  Champ-sur-Drac\n  <\/td><td>\n  10,7\n  <\/td><td>\n  16,7\n  <\/td><td>\n  4,5\n  <\/td><td>\n  3,5\n  <\/td><td>\n  2,9\n  <\/td><td>\n  3,0\n  <\/td><td>\n  4,6\n  <\/td><td>\n  5,7\n  <\/td><\/tr><tr><td>\n  Claix\n  <\/td><td>\n  2,1\n  <\/td><td>\n  3,7\n  <\/td><td>\n  2,3\n  <\/td><td>\n  2,2\n  <\/td><td>\n  3,0\n  <\/td><td>\n  3,0\n  <\/td><td>\n  3,6\n  <\/td><td>\n  4,6\n  <\/td><\/tr><tr><td>\n  Corenc\n  <\/td><td>\n  4,3\n  <\/td><td>\n  4,3\n  <\/td><td>\n  5,2\n  <\/td><td>\n  5,3\n  <\/td><td>\n  4,7\n  <\/td><td>\n  4,6\n  <\/td><td>\n  6,4\n  <\/td><td>\n  7,9\n  <\/td><\/tr><tr><td>\n  Dom\u00e8ne\n  <\/td><td>\n  8,3\n  <\/td><td>\n  3,9\n  <\/td><td>\n  5,5\n  <\/td><td>\n  4,5\n  <\/td><td>\n  5,3\n  <\/td><td>\n  4,0\n  <\/td><td>\n  5,0\n  <\/td><td>\n  5,6\n  <\/td><\/tr><tr><td>\n  \u00c9chirolles\n  <\/td><td>\n  6,5\n  <\/td><td>\n  2,6\n  <\/td><td>\n  3,5\n  <\/td><td>\n  3,5\n  <\/td><td>\n  4,1\n  <\/td><td>\n  2,1\n  <\/td><td>\n  4,5\n  <\/td><td>\n  5,1\n  <\/td><\/tr><tr><td>\n  Eybens\n  <\/td><td>\n  8,1\n  <\/td><td>\n  2,8\n  <\/td><td>\n  3,1\n  <\/td><td>\n  4,3\n  <\/td><td>\n  2,8\n  <\/td><td>\n  2,2\n  <\/td><td>\n  5,4\n  <\/td><td>\n  6,2\n  <\/td><\/tr><tr><td>\n  Fontaine\n  <\/td><td>\n  5,8\n  <\/td><td>\n  4,5\n  <\/td><td>\n  4,0\n  <\/td><td>\n  6,1\n  <\/td><td>\n  4,3\n  <\/td><td>\n  4,3\n  <\/td><td>\n  7,1\n  <\/td><td>\n  8,0\n  <\/td><\/tr><tr><td>\n  Fontanil-Cornillon\n  <\/td><td>\n  22,0\n  <\/td><td>\n  4,4\n  <\/td><td>\n  4,1\n  <\/td><td>\n  5,9\n  <\/td><td>\n  2,1\n  <\/td><td>\n  3,1\n  <\/td><td>\n  6,3\n  <\/td><td>\n  5,0\n  <\/td><\/tr><tr><td>\n  Gi\u00e8res\n  <\/td><td>\n  13,6\n  <\/td><td>\n  7,1\n  <\/td><td>\n  5,4\n  <\/td><td>\n  2,7\n  <\/td><td>\n  3,0\n  <\/td><td>\n  3,6\n  <\/td><td>\n  5,8\n  <\/td><td>\n  6,5\n  <\/td><\/tr><tr><td>\n  Grenoble\n  <\/td><td>\n  11,0\n  <\/td><td>\n  4,8\n  <\/td><td>\n  6,3\n  <\/td><td>\n  8,5\n  <\/td><td>\n  8,3\n  <\/td><td>\n  7,2\n  <\/td><td>\n  9,6\n  <\/td><td>\n  11,4\n  <\/td><\/tr><tr><td>\n  Le Gua\n  <\/td><td>\n  11,5\n  <\/td><td>\n  9,2\n  <\/td><td>\n  11,2\n  <\/td><td>\n  4,9\n  <\/td><td>\n  4,4\n  <\/td><td>\n  7,4\n  <\/td><td>\n  5,9\n  <\/td><td>\n  10,5\n  <\/td><\/tr><tr><td>\n  Herbeys\n  <\/td><td>\n  0,6\n  <\/td><td>\n  0,3\n  <\/td><td>\n  4,5\n  <\/td><td>\n  4,1\n  <\/td><td>\n  2,1\n  <\/td><td>\n  5,4\n  <\/td><td>\n  6,8\n  <\/td><td>\n  7,5\n  <\/td><\/tr><tr><td>\n  Jarrie\n  <\/td><td>\n  7,4\n  <\/td><td>\n  13,8\n  <\/td><td>\n  5,6\n  <\/td><td>\n  4,4\n  <\/td><td>\n  3,8\n  <\/td><td>\n  4,4\n  <\/td><td>\n  5,1\n  <\/td><td>\n  6,8\n  <\/td><\/tr><tr><td>\n  Meylan\n  <\/td><td>\n  5,5\n  <\/td><td>\n  3,9\n  <\/td><td>\n  3,5\n  <\/td><td>\n  3,2\n  <\/td><td>\n  3,2\n  <\/td><td>\n  5,7\n  <\/td><td>\n  4,3\n  <\/td><td>\n  5,3\n  <\/td><\/tr><tr><td>\n  Miribel-Lanch\u00e2tre\n  <\/td><td>\n  13,0\n  <\/td><td>\n  2,0\n  <\/td><td>\n  4,5\n  <\/td><td>\n  0,0\n  <\/td><td>\n  3,6\n  <\/td><td>\n  1,8\n  <\/td><td>\n  4,7\n  <\/td><td>\n  2,3\n  <\/td><\/tr><tr><td>\n  Montchaboud\n  <\/td><td>\n  0,0\n  <\/td><td>\n  7,1\n  <\/td><td>\n  5,3\n  <\/td><td>\n  0,0\n  <\/td><td>\n  3,2\n  <\/td><td>\n  2,9\n  <\/td><td>\n  2,7\n  <\/td><td>\n  3,4\n  <\/td><\/tr><tr><td>\n  Mont-Saint-Martin\n  <\/td><td>\n  18,2\n  <\/td><td>\n  14,7\n  <\/td><td>\n  14,3\n  <\/td><td>\n  9,8\n  <\/td><td>\n  13,3\n  <\/td><td>\n  9,1\n  <\/td><td>\n  4,8\n  <\/td><td>\n  7,1\n  <\/td><\/tr><tr><td>\n  Murianette\n  <\/td><td>\n  4,4\n  <\/td><td>\n  7,0\n  <\/td><td>\n  1,6\n  <\/td><td>\n  3,7\n  <\/td><td>\n  3,9\n  <\/td><td>\n  3,4\n  <\/td><td>\n  4,7\n  <\/td><td>\n  4,1\n  <\/td><\/tr><tr><td>\n  Notre-Dame-de-Commiers\n  <\/td><td>\n  12,9\n  <\/td><td>\n  8,2\n  <\/td><td>\n  5,5\n  <\/td><td>\n  6,0\n  <\/td><td>\n  0,6\n  <\/td><td>\n  1,1\n  <\/td><td>\n  7,8\n  <\/td><td>\n  5,5\n  <\/td><\/tr><tr><td>\n  Notre-Dame-de-M\u00e9sage\n  <\/td><td>\n  10,2\n  <\/td><td>\n  9,2\n  <\/td><td>\n  11,3\n  <\/td><td>\n  1,9\n  <\/td><td>\n  2,9\n  <\/td><td>\n  4,7\n  <\/td><td>\n  3,4\n  <\/td><td>\n  4,0\n  <\/td><\/tr><tr><td>\n  Noyarey\n  <\/td><td>\n  3,4\n  <\/td><td>\n  5,5\n  <\/td><td>\n  4,5\n  <\/td><td>\n  2,4\n  <\/td><td>\n  3,3\n  <\/td><td>\n  2,5\n  <\/td><td>\n  4,7\n  <\/td><td>\n  8,0\n  <\/td><\/tr><tr><td>\n  Poisat\n  <\/td><td>\n  5,6\n  <\/td><td>\n  3,7\n  <\/td><td>\n  1,8\n  <\/td><td>\n  2,5\n  <\/td><td>\n  1,4\n  <\/td><td>\n  1,8\n  <\/td><td>\n  1,9\n  <\/td><td>\n  3,0\n  <\/td><\/tr><tr><td>\n  Le\n  Pont-de-Claix\n  <\/td><td>\n  11,8\n  <\/td><td>\n  3,4\n  <\/td><td>\n  5,2\n  <\/td><td>\n  5,0\n  <\/td><td>\n  3,9\n  <\/td><td>\n  3,9\n  <\/td><td>\n  5,3\n  <\/td><td>\n  8,9\n  <\/td><\/tr><tr><td>\n  Proveysieux\n  <\/td><td>\n  14,5\n  <\/td><td>\n  7,6\n  <\/td><td>\n  9,4\n  <\/td><td>\n  1,8\n  <\/td><td>\n  6,4\n  <\/td><td>\n  4,1\n  <\/td><td>\n  4,8\n  <\/td><td>\n  7,8\n  <\/td><\/tr><tr><td>\n  Quaix-en-Chartreuse\n  <\/td><td>\n  0,0\n  <\/td><td>\n  3,8\n  <\/td><td>\n  3,7\n  <\/td><td>\n  6,9\n  <\/td><td>\n  3,5\n  <\/td><td>\n  5,1\n  <\/td><td>\n  2,5\n  <\/td><td>\n  5,8\n  <\/td><\/tr><tr><td>\n  Saint-Barth\u00e9lemy-de-S\u00e9chilienne\n  <\/td><td>\n  4,9\n  <\/td><td>\n  14,9\n  <\/td><td>\n  10,2\n  <\/td><td>\n  10,4\n  <\/td><td>\n  5,7\n  <\/td><td>\n  3,4\n  <\/td><td>\n  6,3\n  <\/td><td>\n  9,7\n  <\/td><\/tr><tr><td>\n  Saint-\u00c9gr\u00e8ve\n  <\/td><td>\n  12,8\n  <\/td><td>\n  5,9\n  <\/td><td>\n  4,6\n  <\/td><td>\n  3,3\n  <\/td><td>\n  3,1\n  <\/td><td>\n  3,6\n  <\/td><td>\n  3,6\n  <\/td><td>\n  6,2\n  <\/td><\/tr><tr><td>\n  Saint-Georges-de-Commiers\n  <\/td><td>\n  9,9\n  <\/td><td>\n  13,0\n  <\/td><td>\n  7,3\n  <\/td><td>\n  7,1\n  <\/td><td>\n  2,4\n  <\/td><td>\n  5,5\n  <\/td><td>\n  5,7\n  <\/td><td>\n  6,1\n  <\/td><\/tr><tr><td>\n  Saint-Martin-d&rsquo;H\u00e8res\n  <\/td><td>\n  8,0\n  <\/td><td>\n  3,1\n  <\/td><td>\n  3,0\n  <\/td><td>\n  4,3\n  <\/td><td>\n  3,8\n  <\/td><td>\n  2,2\n  <\/td><td>\n  4,7\n  <\/td><td>\n  5,2\n  <\/td><\/tr><tr><td>\n  Saint-Martin-le-Vinoux\n  <\/td><td>\n  7,8\n  <\/td><td>\n  4,6\n  <\/td><td>\n  6,2\n  <\/td><td>\n  6,6\n  <\/td><td>\n  5,9\n  <\/td><td>\n  5,7\n  <\/td><td>\n  7,5\n  <\/td><td>\n  8,2\n  <\/td><\/tr><tr><td>\n  Saint-Paul-de-Varces\n  <\/td><td>\n  5,3\n  <\/td><td>\n  5,0\n  <\/td><td>\n  2,0\n  <\/td><td>\n  3,3\n  <\/td><td>\n  2,4\n  <\/td><td>\n  5,0\n  <\/td><td>\n  2,5\n  <\/td><td>\n  2,8\n  <\/td><\/tr><tr><td>\n  Saint-Pierre-de-M\u00e9sage\n  <\/td><td>\n  7,3\n  <\/td><td>\n  14,9\n  <\/td><td>\n  8,6\n  <\/td><td>\n  8,4\n  <\/td><td>\n  4,4\n  <\/td><td>\n  4,3\n  <\/td><td>\n  6,7\n  <\/td><td>\n  8,9\n  <\/td><\/tr><tr><td>\n  Le\n  Sappey-en-Chartreuse\n  <\/td><td>\n  10,3\n  <\/td><td>\n  7,8\n  <\/td><td>\n  8,2\n  <\/td><td>\n  2,4\n  <\/td><td>\n  2,9\n  <\/td><td>\n  5,8\n  <\/td><td>\n  7,4\n  <\/td><td>\n  9,8\n  <\/td><\/tr><tr><td>\n  Sarcenas\n  <\/td><td>\n  8,3\n  <\/td><td>\n  23,3\n  <\/td><td>\n  6,8\n  <\/td><td>\n  4,3\n  <\/td><td>\n  3,8\n  <\/td><td>\n  7,7\n  <\/td><td>\n  13,9\n  <\/td><td>\n  13,0\n  <\/td><\/tr><tr><td>\n  Sassenage\n  <\/td><td>\n  7,2\n  <\/td><td>\n  7,7\n  <\/td><td>\n  2,8\n  <\/td><td>\n  3,3\n  <\/td><td>\n  3,0\n  <\/td><td>\n  3,3\n  <\/td><td>\n  5,6\n  <\/td><td>\n  4,9\n  <\/td><\/tr><tr><td>\n  S\u00e9chilienne\n  <\/td><td>\n  4,0\n  <\/td><td>\n  21,3\n  <\/td><td>\n  15,4\n  <\/td><td>\n  7,4\n  <\/td><td>\n  7,5\n  <\/td><td>\n  8,0\n  <\/td><td>\n  8,0\n  <\/td><td>\n  5,6\n  <\/td><\/tr><tr><td>\n  Seyssinet-Pariset\n  <\/td><td>\n  9,4\n  <\/td><td>\n  3,2\n  <\/td><td>\n  2,4\n  <\/td><td>\n  3,9\n  <\/td><td>\n  3,1\n  <\/td><td>\n  4,8\n  <\/td><td>\n  5,7\n  <\/td><td>\n  5,1\n  <\/td><\/tr><tr><td>\n  Seyssins\n  <\/td><td>\n  10,4\n  <\/td><td>\n  2,8\n  <\/td><td>\n  2,5\n  <\/td><td>\n  1,8\n  <\/td><td>\n  1,9\n  <\/td><td>\n  2,9\n  <\/td><td>\n  3,7\n  <\/td><td>\n  4,7\n  <\/td><\/tr><tr><td>\n  La\n  Tronche\n  <\/td><td>\n  6,3\n  <\/td><td>\n  8,9\n  <\/td><td>\n  6,4\n  <\/td><td>\n  5,4\n  <\/td><td>\n  5,0\n  <\/td><td>\n  5,5\n  <\/td><td>\n  8,2\n  <\/td><td>\n  11,0\n  <\/td><\/tr><tr><td>\n  Varces-Alli\u00e8res-et-Risset\n  <\/td><td>\n  5,0\n  <\/td><td>\n  6,4\n  <\/td><td>\n  5,8\n  <\/td><td>\n  4,6\n  <\/td><td>\n  3,5\n  <\/td><td>\n  4,6\n  <\/td><td>\n  7,2\n  <\/td><td>\n  4,0\n  <\/td><\/tr><tr><td>\n  Vaulnaveys-le-Bas\n  <\/td><td>\n  11,8\n  <\/td><td>\n  7,0\n  <\/td><td>\n  3,7\n  <\/td><td>\n  2,2\n  <\/td><td>\n  1,2\n  <\/td><td>\n  3,3\n  <\/td><td>\n  4,1\n  <\/td><td>\n  7,4\n  <\/td><\/tr><tr><td>\n  Vaulnaveys-le-Haut\n  <\/td><td>\n  11,2\n  <\/td><td>\n  13,6\n  <\/td><td>\n  11,2\n  <\/td><td>\n  9,0\n  <\/td><td>\n  5,8\n  <\/td><td>\n  7,3\n  <\/td><td>\n  6,2\n  <\/td><td>\n  9,1\n  <\/td><\/tr><tr><td>\n  Venon\n  <\/td><td>\n  5,3\n  <\/td><td>\n  6,3\n  <\/td><td>\n  1,6\n  <\/td><td>\n  2,8\n  <\/td><td>\n  2,3\n  <\/td><td>\n  3,0\n  <\/td><td>\n  2,7\n  <\/td><td>\n  7,8\n  <\/td><\/tr><tr><td>\n  Veurey-Voroize\n  <\/td><td>\n  0,0\n  <\/td><td>\n  0,5\n  <\/td><td>\n  0,9\n  <\/td><td>\n  4,1\n  <\/td><td>\n  2,2\n  <\/td><td>\n  4,0\n  <\/td><td>\n  4,8\n  <\/td><td>\n  5,9\n  <\/td><\/tr><tr><td>\n  Vif\n  <\/td><td>\n  5,7\n  <\/td><td>\n  8,6\n  <\/td><td>\n  4,3\n  <\/td><td>\n  5,5\n  <\/td><td>\n  3,4\n  <\/td><td>\n  4,8\n  <\/td><td>\n  5,1\n  <\/td><td>\n  5,7\n  <\/td><\/tr><tr><td>\n  Vizille\n  <\/td><td>\n  6,1\n  <\/td><td>\n  11,2\n  <\/td><td>\n  8,9\n  <\/td><td>\n  8,0\n  <\/td><td>\n  5,3\n  <\/td><td>\n  7,5\n  <\/td><td>\n  8,5\n  <\/td><td>\n  10,5\n  <\/td><\/tr><\/table>\n","protected":false},"excerpt":{"rendered":"<p>Depuis 2019, la m\u00e9tropole a mis en place un \u00ab&nbsp;Observatoire de suivi de la vacance des logements priv\u00e9s&nbsp;\u00bb.&nbsp;Il a pour but d\u2019\u00e9tablir le nombre de biens vacants et d\u2019\u00e9tudier les raisons de cette vacance. Il doit servir \u00e0 d\u00e9finir les pistes d\u2019actions n\u00e9cessaires pour une r\u00e9occupation de ces logements. Il constitue, par la recherche de [&hellip;]<\/p>\n","protected":false},"author":1,"featured_media":0,"comment_status":"closed","ping_status":"open","sticky":false,"template":"","format":"standard","meta":{"twitterCardType":"","cardImageID":0,"cardImage":"","cardTitle":"","cardDesc":"","cardImageAlt":"","cardPlayer":"","cardPlayerWidth":0,"cardPlayerHeight":0,"cardPlayerStream":"","cardPlayerCodec":"","footnotes":""},"categories":[62,11],"tags":[285,66,280],"class_list":["post-18731","post","type-post","status-publish","format-standard","hentry","category-le-rouge-le-vert-hebdo","category-politique-locale","tag-insee","tag-logement","tag-metropole"],"_links":{"self":[{"href":"https:\/\/www.ades-grenoble.org\/wordpress\/wp-json\/wp\/v2\/posts\/18731","targetHints":{"allow":["GET"]}}],"collection":[{"href":"https:\/\/www.ades-grenoble.org\/wordpress\/wp-json\/wp\/v2\/posts"}],"about":[{"href":"https:\/\/www.ades-grenoble.org\/wordpress\/wp-json\/wp\/v2\/types\/post"}],"author":[{"embeddable":true,"href":"https:\/\/www.ades-grenoble.org\/wordpress\/wp-json\/wp\/v2\/users\/1"}],"replies":[{"embeddable":true,"href":"https:\/\/www.ades-grenoble.org\/wordpress\/wp-json\/wp\/v2\/comments?post=18731"}],"version-history":[{"count":4,"href":"https:\/\/www.ades-grenoble.org\/wordpress\/wp-json\/wp\/v2\/posts\/18731\/revisions"}],"predecessor-version":[{"id":18752,"href":"https:\/\/www.ades-grenoble.org\/wordpress\/wp-json\/wp\/v2\/posts\/18731\/revisions\/18752"}],"wp:attachment":[{"href":"https:\/\/www.ades-grenoble.org\/wordpress\/wp-json\/wp\/v2\/media?parent=18731"}],"wp:term":[{"taxonomy":"category","embeddable":true,"href":"https:\/\/www.ades-grenoble.org\/wordpress\/wp-json\/wp\/v2\/categories?post=18731"},{"taxonomy":"post_tag","embeddable":true,"href":"https:\/\/www.ades-grenoble.org\/wordpress\/wp-json\/wp\/v2\/tags?post=18731"}],"curies":[{"name":"wp","href":"https:\/\/api.w.org\/{rel}","templated":true}]}}