{"id":18742,"date":"2021-05-07T15:30:43","date_gmt":"2021-05-07T13:30:43","guid":{"rendered":"https:\/\/www.ades-grenoble.org\/wordpress\/?p=18742"},"modified":"2021-05-07T16:00:07","modified_gmt":"2021-05-07T14:00:07","slug":"modification-n1-du-plui","status":"publish","type":"post","link":"https:\/\/www.ades-grenoble.org\/wordpress\/2021\/05\/07\/modification-n1-du-plui\/","title":{"rendered":"Modification n\u00b01 du PLUi"},"content":{"rendered":"\n<div class=\"wp-block-image\"><figure class=\"alignleft\"><img loading=\"lazy\" decoding=\"async\" width=\"350\" height=\"200\" src=\"https:\/\/www.ades-grenoble.org\/wordpress\/wp-content\/uploads\/2018\/06\/plui.jpg\" alt=\"\" class=\"wp-image-14456\" srcset=\"https:\/\/www.ades-grenoble.org\/wordpress\/wp-content\/uploads\/2018\/06\/plui.jpg 350w, https:\/\/www.ades-grenoble.org\/wordpress\/wp-content\/uploads\/2018\/06\/plui-150x86.jpg 150w, https:\/\/www.ades-grenoble.org\/wordpress\/wp-content\/uploads\/2018\/06\/plui-300x171.jpg 300w\" sizes=\"auto, (max-width: 350px) 100vw, 350px\" \/><\/figure><\/div>\n\n\n\n<p><a href=\"https:\/\/participation.lametro.fr\/project\/concertation-sur-modification-ndeg1du-plui\/collect\/contribuer-en-ligne\" target=\"_blank\" rel=\"noreferrer noopener\" aria-label=\"La concertation concernant la modification n\u00b01 du PLUi a d\u00e9marr\u00e9 (s\u2019ouvre dans un nouvel onglet)\">La concertation concernant la modification n\u00b01 du PLUi a d\u00e9marr\u00e9<\/a> et les habitants peuvent donner leurs contributions jusqu\u2019au 3 juin 2021 soit par courriel soit par courrier.<\/p>\n\n\n\n<p>La majeure partie des\nmodifications sont mineures et circonscrites \u00e0 des portions tr\u00e8s faibles des\nterritoires communaux. Mais certaines de ces modifications peuvent \u00eatre\nconsid\u00e9r\u00e9es comme significatives dans la mesure o\u00f9, tout en respectant les\norientations du PADD, elles repr\u00e9sentent une \u00e9volution des r\u00e8gles applicables\nsur le territoire de certaines communes.<\/p>\n\n\n\n<!--more-->\n\n\n\n<p>L\u2019ensemble des propositions de modification ont \u00e9t\u00e9 synth\u00e9tis\u00e9es dans <a href=\"https:\/\/participation.lametro.fr\/project\/concertation-sur-modification-ndeg1du-plui\/collect\/contribuer-en-ligne\" target=\"_blank\" rel=\"noreferrer noopener\" aria-label=\"un cahier de concertation (s\u2019ouvre dans un nouvel onglet)\">un cahier de concertation<\/a>.<\/p>\n\n\n\n<p>Dans ce cahier, les objets de la modification du PLUi sont pr\u00e9sent\u00e9s en deux chapitres :<\/p>\n\n\n\n<ul class=\"wp-block-list\"><li>un premier chapitre d\u00e9taille les diff\u00e9rents objets de la modification pour chaque pi\u00e8ce du PLUi ;<\/li><li>un deuxi\u00e8me chapitre pr\u00e9sente les points de modifications commune par commune.<\/li><\/ul>\n\n\n\n<p>Pour trouver tous les documents concernant la modification n\u00b01 voir <a href=\"https:\/\/www.grenoblealpesmetropole.fr\/986-les-procedures-d-evolution-du-plui.htm\" target=\"_blank\" rel=\"noreferrer noopener\" aria-label=\"ici (s\u2019ouvre dans un nouvel onglet)\">ici<\/a>.<\/p>\n","protected":false},"excerpt":{"rendered":"<p>La concertation concernant la modification n\u00b01 du PLUi a d\u00e9marr\u00e9 et les habitants peuvent donner leurs contributions jusqu\u2019au 3 juin 2021 soit par courriel soit par courrier. La majeure partie des modifications sont mineures et circonscrites \u00e0 des portions tr\u00e8s faibles des territoires communaux. Mais certaines de ces modifications peuvent \u00eatre consid\u00e9r\u00e9es comme significatives dans [&hellip;]<\/p>\n","protected":false},"author":1,"featured_media":0,"comment_status":"closed","ping_status":"open","sticky":false,"template":"","format":"standard","meta":{"twitterCardType":"","cardImageID":0,"cardImage":"","cardTitle":"","cardDesc":"","cardImageAlt":"","cardPlayer":"","cardPlayerWidth":0,"cardPlayerHeight":0,"cardPlayerStream":"","cardPlayerCodec":"","footnotes":""},"categories":[62,11],"tags":[35,280,65],"class_list":["post-18742","post","type-post","status-publish","format-standard","hentry","category-le-rouge-le-vert-hebdo","category-politique-locale","tag-democratie-locale","tag-metropole","tag-urbanisme"],"_links":{"self":[{"href":"https:\/\/www.ades-grenoble.org\/wordpress\/wp-json\/wp\/v2\/posts\/18742","targetHints":{"allow":["GET"]}}],"collection":[{"href":"https:\/\/www.ades-grenoble.org\/wordpress\/wp-json\/wp\/v2\/posts"}],"about":[{"href":"https:\/\/www.ades-grenoble.org\/wordpress\/wp-json\/wp\/v2\/types\/post"}],"author":[{"embeddable":true,"href":"https:\/\/www.ades-grenoble.org\/wordpress\/wp-json\/wp\/v2\/users\/1"}],"replies":[{"embeddable":true,"href":"https:\/\/www.ades-grenoble.org\/wordpress\/wp-json\/wp\/v2\/comments?post=18742"}],"version-history":[{"count":1,"href":"https:\/\/www.ades-grenoble.org\/wordpress\/wp-json\/wp\/v2\/posts\/18742\/revisions"}],"predecessor-version":[{"id":18743,"href":"https:\/\/www.ades-grenoble.org\/wordpress\/wp-json\/wp\/v2\/posts\/18742\/revisions\/18743"}],"wp:attachment":[{"href":"https:\/\/www.ades-grenoble.org\/wordpress\/wp-json\/wp\/v2\/media?parent=18742"}],"wp:term":[{"taxonomy":"category","embeddable":true,"href":"https:\/\/www.ades-grenoble.org\/wordpress\/wp-json\/wp\/v2\/categories?post=18742"},{"taxonomy":"post_tag","embeddable":true,"href":"https:\/\/www.ades-grenoble.org\/wordpress\/wp-json\/wp\/v2\/tags?post=18742"}],"curies":[{"name":"wp","href":"https:\/\/api.w.org\/{rel}","templated":true}]}}